{"id":180302,"date":"2023-11-17T12:53:48","date_gmt":"2023-11-17T18:53:48","guid":{"rendered":"https:\/\/visionpeninsular.com\/mid\/?p=180302"},"modified":"2023-11-17T12:53:49","modified_gmt":"2023-11-17T18:53:49","slug":"anuncian-la-pasarela-inclusiva-yo-puedo-tu-puedes","status":"publish","type":"post","link":"https:\/\/visionpeninsular.com\/mid\/anuncian-la-pasarela-inclusiva-yo-puedo-tu-puedes\/","title":{"rendered":"Anuncian la Pasarela Inclusiva: \u201cYo puedo, t\u00fa puedes\u201d"},"content":{"rendered":"\n<p>Este mi\u00e9rcoles 22 de noviembre a las 17:30 horas se llevar\u00e1 a cabo la \u201cPasarela Inclusiva: Yo puedo, t\u00fa puedes\u201d en la Sala Mayamax del Gran Museo del Mundo Maya.<\/p>\n\n\n\n<p>Al hacer la presentaci\u00f3n, el presidente de la Comisi\u00f3n de Derechos Humanos de Yucat\u00e1n (Codhey), Miguel Sabido Santana inform\u00f3 que la pasarela tiene como objetivo la inclusi\u00f3n de personas con discapacidad en el \u00e1mbito del modelaje y la moda.<\/p>\n\n\n\n<p>A trav\u00e9s de este proyecto, se busca derribar mitos y promover la diversidad, destacando la belleza y el talento de las y los modelos.<\/p>\n\n\n\n<p><strong>Campa\u00f1a \u201cYo puedo, t\u00fa puedes\u201d<\/strong><\/p>\n\n\n\n<p>La Pasarela Inclusiva, la cual contar\u00e1 con la participaci\u00f3n de 19 modelos, tanto hombres como mujeres.<\/p>\n\n\n\n<p>De estos, 10 presentan alguna condici\u00f3n de discapacidad y 9 son modelos profesionales sin discapacidad. El acceso a la pasarela es sin costo, solo se deber\u00e1n presentar el d\u00eda del evento.<\/p>\n\n\n\n<p>Sabido Santana indic\u00f3 que este evento es un nuevo llamado a las familias, enfatizando que sus hijas e hijos con discapacidad tienen la capacidad de perseguir sus sue\u00f1os, ya sea como modelos, atletas, bailarines, emprendedores, dise\u00f1adores, chefs, pintores, o cualquier otra aspiraci\u00f3n que deseen.<\/p>\n\n\n\n<p>Y mencion\u00f3 como ejemplo el caso del bailar\u00edn y atleta de Olimpiadas Especiales, Isaac Yair Contreras Ram\u00edrez, quien adem\u00e1s del deporte y la danza en el Ballet incluyente \u2018\u00c1ngeles del Mayab\u2019 es modelo.<\/p>\n\n\n\n<p>Isaac Yair es un joven de 32 a\u00f1os con s\u00edndrome de Down e hipoacusia. Lo que ha logrado este joven artista con el acompa\u00f1amiento de su mam\u00e1, la abogada, Ana Mar\u00eda Ram\u00edrez, es una muestra de lo mucho que se puede lograr cuando la familia piensa y act\u00faa en la inclusi\u00f3n.<\/p>\n\n\n\n<figure class=\"wp-block-image size-full\"><img loading=\"lazy\" width=\"768\" height=\"512\" src=\"https:\/\/visionpeninsular.com\/mid\/wp-content\/uploads\/2023\/11\/CODHEY_PASARELA-1-scaled-1.jpg\" alt=\"\" class=\"wp-image-180305\" srcset=\"https:\/\/visionpeninsular.com\/mid\/wp-content\/uploads\/2023\/11\/CODHEY_PASARELA-1-scaled-1.jpg 768w, https:\/\/visionpeninsular.com\/mid\/wp-content\/uploads\/2023\/11\/CODHEY_PASARELA-1-scaled-1-300x200.jpg 300w\" sizes=\"(max-width: 768px) 100vw, 768px\" \/><\/figure>\n\n\n\n<p>Sabido Santana invit\u00f3 a todas las familias, de personas con discapacidad y de personas sin discapacidad a acudir.<\/p>\n\n\n\n<p>Las y los modelos con discapacidad que desfilar\u00e1n son estudiantes, emprendedoras, bailarines o atletas con alguna condici\u00f3n de discapacidad intelectual, auditiva y motriz.<\/p>\n\n\n\n<p><strong>Isaac Yair Contreras en la Pasarela Inclusiva<\/strong><\/p>\n\n\n\n<p>Entre los participantes, se encuentra el modelo, bailar\u00edn y atleta de Olimpiadas Especiales, Isaac Yair Contreras Ram\u00edrez; el ganador de dos medallas de oro en las Paranacionales CONADE 2023, Leonel Mendoza Cutz; el paratleta, \u201cCoco\u201d Luis Antonio Angulo Rodr\u00edguez; Michelle Rosas, imagen de la campa\u00f1a, otras personas.<\/p>\n\n\n\n<p>Adem\u00e1s de modelos profesionales sin discapacidad que se han sumado al llamado de la inclusi\u00f3n.<\/p>\n\n\n\n<p>La ropa que modelar\u00e1n las mujeres es de la tienda Misoska y los hombres de Jaque Mate; ambas con un enfoque de inclusi\u00f3n en sus prendas.<\/p>\n\n\n\n<p>Previo al evento, se presentar\u00e1 el espect\u00e1culo llamado \u201cRemembranzas\u201d, a cargo de alumnas y alumnos de la escuela de arte inclusivo \u201cIntegrarte\u201d.<\/p>\n\n\n\n<p>Al respecto, la directora de Integrarte, Kristhy Guti\u00e9rrez Urcelay, dio a conocer que participar\u00e1n m\u00e1s de 35 j\u00f3venes con y sin discapacidad, quienes presentar\u00e1n el espect\u00e1culo \u201cRemembranzas\u201d, que es un tributo a artistas como Jos\u00e9 Jos\u00e9, Selena, Juan Gabriel, Timbiriche, Luis Miguel, Chayane, entre otros.<\/p>\n<div class='share-to-whatsapp-wrapper'><div class='share-on-whsp'>Share on: <\/div><a data-text='Anuncian la Pasarela Inclusiva: \u201cYo puedo, t\u00fa puedes\u201d' data-link='https:\/\/visionpeninsular.com\/mid\/anuncian-la-pasarela-inclusiva-yo-puedo-tu-puedes\/' class='whatsapp-button whatsapp-share'>WhatsApp<\/a><div class='clear '><\/div><\/div>","protected":false},"excerpt":{"rendered":"<p>Este mi\u00e9rcoles 22 de noviembre a las 17:30 horas se llevar\u00e1 a cabo la \u201cPasarela Inclusiva: Yo puedo, t\u00fa puedes\u201d en la Sala Mayamax del Gran Museo del Mundo Maya. Al hacer la presentaci\u00f3n, el presidente de la Comisi\u00f3n de Derechos Humanos de Yucat\u00e1n (Codhey), Miguel Sabido Santana inform\u00f3 que la pasarela tiene como objetivo &hellip;<\/p>\n","protected":false},"author":5,"featured_media":180304,"comment_status":"open","ping_status":"open","sticky":false,"template":"","format":"standard","meta":{"_mi_skip_tracking":false},"categories":[50,37],"tags":[468,39482,39483,39484],"_links":{"self":[{"href":"https:\/\/visionpeninsular.com\/mid\/wp-json\/wp\/v2\/posts\/180302"}],"collection":[{"href":"https:\/\/visionpeninsular.com\/mid\/wp-json\/wp\/v2\/posts"}],"about":[{"href":"https:\/\/visionpeninsular.com\/mid\/wp-json\/wp\/v2\/types\/post"}],"author":[{"embeddable":true,"href":"https:\/\/visionpeninsular.com\/mid\/wp-json\/wp\/v2\/users\/5"}],"replies":[{"embeddable":true,"href":"https:\/\/visionpeninsular.com\/mid\/wp-json\/wp\/v2\/comments?post=180302"}],"version-history":[{"count":1,"href":"https:\/\/visionpeninsular.com\/mid\/wp-json\/wp\/v2\/posts\/180302\/revisions"}],"predecessor-version":[{"id":180306,"href":"https:\/\/visionpeninsular.com\/mid\/wp-json\/wp\/v2\/posts\/180302\/revisions\/180306"}],"wp:featuredmedia":[{"embeddable":true,"href":"https:\/\/visionpeninsular.com\/mid\/wp-json\/wp\/v2\/media\/180304"}],"wp:attachment":[{"href":"https:\/\/visionpeninsular.com\/mid\/wp-json\/wp\/v2\/media?parent=180302"}],"wp:term":[{"taxonomy":"category","embeddable":true,"href":"https:\/\/visionpeninsular.com\/mid\/wp-json\/wp\/v2\/categories?post=180302"},{"taxonomy":"post_tag","embeddable":true,"href":"https:\/\/visionpeninsular.com\/mid\/wp-json\/wp\/v2\/tags?post=180302"}],"curies":[{"name":"wp","href":"https:\/\/api.w.org\/{rel}","templated":true}]}}