{"id":180130,"date":"2023-11-14T20:52:57","date_gmt":"2023-11-15T02:52:57","guid":{"rendered":"https:\/\/visionpeninsular.com\/mid\/?p=180130"},"modified":"2023-11-14T20:52:59","modified_gmt":"2023-11-15T02:52:59","slug":"xochitl-galvez-visitara-merida-el-24-de-noviembre","status":"publish","type":"post","link":"https:\/\/visionpeninsular.com\/mid\/xochitl-galvez-visitara-merida-el-24-de-noviembre\/","title":{"rendered":"X\u00f3chitl G\u00e1lvez visitar\u00e1 M\u00e9rida el 24 de noviembre"},"content":{"rendered":"\n<h2 class=\"has-text-align-center\">\u2022La Responsable del Frente Amplio por M\u00e9xico (FAM) impartir\u00e1 una conferencia en la primera Cumbre Empresarial de L\u00edderes del Comercio, Servicios y Turismo, a realizarse en el CIC Yucat\u00e1n<\/h2>\n\n\n\n<p>M\u00e9rida, Yucat\u00e1n, a 14 de noviembre de 2023.\u2013 X\u00f3chitl G\u00e1lvez Ruiz, responsable de construir el Frente Amplio por M\u00e9xico (FAM), visitar\u00e1 M\u00e9rida el 24 de noviembre para impartir una conferencia en el Centro Internacional de Convenciones (CIC) Yucat\u00e1n como &nbsp;parte de la primera Cumbre Empresarial de L\u00edderes del Comercio, Servicios y Turismo.<\/p>\n\n\n\n<p>Ese mismo d\u00eda, tambi\u00e9n estar\u00e1 encabezando una conferencia Claudia Sheinbaum Pardo, coordinadora nacional de los Comit\u00e9s de Defensa de la Cuarta Transformaci\u00f3n, as\u00ed como la empresaria Bisila Bokoko, ex directora de la C\u00e1mara de Comercio de Espa\u00f1a en Nueva York; Gilberto Vicente, l\u00edder de Alianzas Estrat\u00e9gicas y Mercado; Jos\u00e9 H\u00e9ctor Tejada Shaar, presidente de Confederaci\u00f3n de C\u00e1maras Nacionales de Comercio, Servicio y Turismo (CANACO SERVYTUR); Michelle Fridman Hirsch, secretaria de Fomento Tur\u00edstico; Morena Valdez, ministra de Turismo de El Salvador y Jos\u00e9 Antonio Chapur Zahoul, presidente del grupo hotelero Palace Resorts.<\/p>\n\n\n\n<p>La primera Cumbre Empresarial de L\u00edderes del Comercio, Servicios y Turismo reunir\u00e1 del 22 al 24 de noviembre a l\u00edderes empresariales de todo el pa\u00eds para hablar sobre pol\u00edtica y la conexi\u00f3n digital en el sector con conferencias encabezadas por ponentes locales, nacionales e internacionales.<\/p>\n\n\n\n<p>Levy Abraham Macari, presidente de la CANACO SERVYTUR M\u00e9rida explic\u00f3 que se espera la participaci\u00f3n de los integrantes de las 257 C\u00e1maras Empresariales, y especific\u00f3 que este evento est\u00e1 abierto a cualquier empresario.<\/p>\n\n\n\n<p>El l\u00edder empresarial tambi\u00e9n mencion\u00f3 que esta cumbre se realizar\u00e1 en el marco de los 106 a\u00f1os de CONCANACO, y para el evento se tienen programados espacios de Networking y un \u00e1rea de negocio en donde los asistentes podr\u00e1n interactuar con empresarios de todo el pa\u00eds lo que permitir\u00e1 poder extender los lazos de colaboraci\u00f3n.<\/p>\n\n\n\n<p>Las actividades de la Cumbre Empresarial contar\u00e1n con destacados participantes, iniciando las ponencias el d\u00eda 23 de noviembre en donde se tienen programadas las participaciones del gobernador Mauricio Vila Dosal; F\u00e9lix Ulloa Garay, vicepresidente de la Rep\u00fablica de El Salvador y el periodista Leo Zuckerman.<\/p>\n\n\n\n<p>\u00a0Las inscripciones se pueden realizar a trav\u00e9s de la p\u00e1gina de CONCANACO, CANACO M\u00e9rida y a los tel\u00e9fonos 999 942 8850 y 9993685210, se a\u00f1adi\u00f3 que el carnet de acceso tendr\u00e1 un costo especial para los empresarios yucatecos.<\/p>\n\n\n\n<figure class=\"wp-block-image size-large is-resized\"><img loading=\"lazy\" src=\"https:\/\/visionpeninsular.com\/mid\/wp-content\/uploads\/2023\/11\/14N_VP_XOCHITL-1024x682.jpg\" alt=\"\" class=\"wp-image-180132\" width=\"840\" height=\"559\" srcset=\"https:\/\/visionpeninsular.com\/mid\/wp-content\/uploads\/2023\/11\/14N_VP_XOCHITL-1024x682.jpg 1024w, https:\/\/visionpeninsular.com\/mid\/wp-content\/uploads\/2023\/11\/14N_VP_XOCHITL-300x200.jpg 300w, https:\/\/visionpeninsular.com\/mid\/wp-content\/uploads\/2023\/11\/14N_VP_XOCHITL-768x512.jpg 768w, https:\/\/visionpeninsular.com\/mid\/wp-content\/uploads\/2023\/11\/14N_VP_XOCHITL-1536x1023.jpg 1536w, https:\/\/visionpeninsular.com\/mid\/wp-content\/uploads\/2023\/11\/14N_VP_XOCHITL-310x205.jpg 310w, https:\/\/visionpeninsular.com\/mid\/wp-content\/uploads\/2023\/11\/14N_VP_XOCHITL.jpg 2048w\" sizes=\"(max-width: 840px) 100vw, 840px\" \/><figcaption>X\u00f3chitl G\u00e1lvez Ruiz, responsable del Frente Amplio por M\u00e9xico (FAM), visitar\u00e1 M\u00e9rida para impartir una conferencia en el marco de la Primera Cumbre Empresarial de L\u00edderes de Comercio, Servicios y Turismo. Fotograf\u00eda: <a href=\"https:\/\/twitter.com\/XochitlGalvez\/status\/1723808057996525646\/photo\/1\">(1) X\u00f3chitl G\u00e1lvez Ruiz (@XochitlGalvez) \/ X (twitter.com)<\/a><\/figcaption><\/figure>\n<div class='share-to-whatsapp-wrapper'><div class='share-on-whsp'>Share on: <\/div><a data-text='X\u00f3chitl G\u00e1lvez visitar\u00e1 M\u00e9rida el 24 de noviembre' data-link='https:\/\/visionpeninsular.com\/mid\/xochitl-galvez-visitara-merida-el-24-de-noviembre\/' class='whatsapp-button whatsapp-share'>WhatsApp<\/a><div class='clear '><\/div><\/div>","protected":false},"excerpt":{"rendered":"<p>\u2022La Responsable del Frente Amplio por M\u00e9xico (FAM) impartir\u00e1 una conferencia en la primera Cumbre Empresarial de L\u00edderes del Comercio, Servicios y Turismo, a realizarse en el CIC Yucat\u00e1n M\u00e9rida, Yucat\u00e1n, a 14 de noviembre de 2023.\u2013 X\u00f3chitl G\u00e1lvez Ruiz, responsable de construir el Frente Amplio por M\u00e9xico (FAM), visitar\u00e1 M\u00e9rida el 24 de noviembre &hellip;<\/p>\n","protected":false},"author":11,"featured_media":180132,"comment_status":"open","ping_status":"open","sticky":false,"template":"","format":"standard","meta":{"_mi_skip_tracking":false},"categories":[49,37],"tags":[30623,39430,21955,37063,39432,37255],"_links":{"self":[{"href":"https:\/\/visionpeninsular.com\/mid\/wp-json\/wp\/v2\/posts\/180130"}],"collection":[{"href":"https:\/\/visionpeninsular.com\/mid\/wp-json\/wp\/v2\/posts"}],"about":[{"href":"https:\/\/visionpeninsular.com\/mid\/wp-json\/wp\/v2\/types\/post"}],"author":[{"embeddable":true,"href":"https:\/\/visionpeninsular.com\/mid\/wp-json\/wp\/v2\/users\/11"}],"replies":[{"embeddable":true,"href":"https:\/\/visionpeninsular.com\/mid\/wp-json\/wp\/v2\/comments?post=180130"}],"version-history":[{"count":1,"href":"https:\/\/visionpeninsular.com\/mid\/wp-json\/wp\/v2\/posts\/180130\/revisions"}],"predecessor-version":[{"id":180133,"href":"https:\/\/visionpeninsular.com\/mid\/wp-json\/wp\/v2\/posts\/180130\/revisions\/180133"}],"wp:featuredmedia":[{"embeddable":true,"href":"https:\/\/visionpeninsular.com\/mid\/wp-json\/wp\/v2\/media\/180132"}],"wp:attachment":[{"href":"https:\/\/visionpeninsular.com\/mid\/wp-json\/wp\/v2\/media?parent=180130"}],"wp:term":[{"taxonomy":"category","embeddable":true,"href":"https:\/\/visionpeninsular.com\/mid\/wp-json\/wp\/v2\/categories?post=180130"},{"taxonomy":"post_tag","embeddable":true,"href":"https:\/\/visionpeninsular.com\/mid\/wp-json\/wp\/v2\/tags?post=180130"}],"curies":[{"name":"wp","href":"https:\/\/api.w.org\/{rel}","templated":true}]}}