{"id":180022,"date":"2023-11-11T21:09:42","date_gmt":"2023-11-12T03:09:42","guid":{"rendered":"https:\/\/visionpeninsular.com\/mid\/?p=180022"},"modified":"2023-11-11T21:09:43","modified_gmt":"2023-11-12T03:09:43","slug":"david-vs-goliat-fuerza-rosa-liberara-a-mexico-del-populismo-destructor","status":"publish","type":"post","link":"https:\/\/visionpeninsular.com\/mid\/david-vs-goliat-fuerza-rosa-liberara-a-mexico-del-populismo-destructor\/","title":{"rendered":"\u00a1David vs Goliat! Fuerza Rosa liberar\u00e1 a M\u00e9xico del populismo destructor"},"content":{"rendered":"\n<h2 class=\"has-text-align-center\">\u2022En Yucat\u00e1n, la ciudadan\u00eda se organiz\u00f3 para vencer al oficialismo y a la maquinaria electoral; invitan a mujeres y j\u00f3venes a sumarse a esta lucha<\/h2>\n\n\n\n<p>M\u00e9rida, Yucat\u00e1n, a 11 de noviembre de 2023.\u2013 El proceso electoral 2024, a celebrarse el 2 de junio de 2024, ser\u00e1 una batalla hist\u00f3rica que rememorar\u00e1 el duelo David vs Goliat. En esta ocasi\u00f3n, la ciudadan\u00eda mediante Fuerza Rosa luchar\u00e1 contra la gran maquinaria electoral, que se opera desde Palacio Nacional, para conseguir la victoria de X\u00f3chitl G\u00e1lvez Ruiz, precandidata del Frente Amplio por M\u00e9xico a la presidencia de la Rep\u00fablica, quien liberar\u00e1 al pa\u00eds de un populismo destructivo.<\/p>\n\n\n\n<p>Esta ma\u00f1ana en la Sala Mayamax del Gran Museo del Mundo Maya, diferentes asociaciones civiles firmaron el compromiso para conformar la coordinaci\u00f3n estatal de Fuerza Rosa, movimiento que tiene por objetivo fomentar la participaci\u00f3n ciudadana, especialmente de mujeres y j\u00f3venes para formar un ej\u00e9rcito de 100 mil voluntarios que lograr\u00e1n defender la democracia.<\/p>\n\n\n\n<p>Mar\u00eda Eugenia N\u00fa\u00f1ez Zapata, coordinadora estatal de la Agenda de Mujeres por la Igualdad Sustantiva en Yucat\u00e1n (AMISY), coment\u00f3 que trabajar\u00e1n, no por un horario, \u201csino porque el coraz\u00f3n nos gu\u00eda a defender nuestro pa\u00eds\u201d.<\/p>\n\n\n\n<p>La firma de este compromiso marca el despertar de la ciudadan\u00eda y asumir la responsabilidad del destino de sus municipios, el Estado y M\u00e9xico, a\u00f1adi\u00f3. \u201cEn a\u00f1os anteriores, los partidos pol\u00edticos decid\u00edan el rumbo pol\u00edtico del pa\u00eds. Hoy, somos los y las ciudadanos que tomamos la decisi\u00f3n de hacer de M\u00e9xico una naci\u00f3n m\u00e1s segura y m\u00e1s tranquila. Porque la ciudadan\u00eda ha resentido la violencia creciente que se ha dado en los \u00faltimos a\u00f1os\u201d, afirm\u00f3.<\/p>\n\n\n\n<p>Fuerza Rosa con el liderazgo de la senadora X\u00f3chitl G\u00e1lvez vencer\u00e1n la maquinaria electoral orquestada desde Palacio Nacional como es la intromisi\u00f3n de los 23 gobernadores para respaldar a la candidata del oficialismo m\u00e1s all\u00e1 de cualquier l\u00edmite econ\u00f3mico, el uso clientelar de programas sociales para coaccionar el voto de los beneficiarios en favor de los candidatos del oficialismo como lo hacen los Servidores de la Naci\u00f3n, empleados al servicio del actual Jefe del Ejecutivo Federal.<\/p>\n\n\n\n<figure class=\"wp-block-image size-large\"><img loading=\"lazy\" width=\"1024\" height=\"576\" src=\"https:\/\/visionpeninsular.com\/mid\/wp-content\/uploads\/2023\/11\/WhatsApp-Image-2023-11-11-at-8.57.16-PM-1024x576.jpeg\" alt=\"\" class=\"wp-image-180024\" srcset=\"https:\/\/visionpeninsular.com\/mid\/wp-content\/uploads\/2023\/11\/WhatsApp-Image-2023-11-11-at-8.57.16-PM-1024x576.jpeg 1024w, https:\/\/visionpeninsular.com\/mid\/wp-content\/uploads\/2023\/11\/WhatsApp-Image-2023-11-11-at-8.57.16-PM-300x169.jpeg 300w, https:\/\/visionpeninsular.com\/mid\/wp-content\/uploads\/2023\/11\/WhatsApp-Image-2023-11-11-at-8.57.16-PM-768x432.jpeg 768w, https:\/\/visionpeninsular.com\/mid\/wp-content\/uploads\/2023\/11\/WhatsApp-Image-2023-11-11-at-8.57.16-PM.jpeg 1280w\" sizes=\"(max-width: 1024px) 100vw, 1024px\" \/><figcaption>Algunos de los representantes de la Sociedad Civil Organizada que firmaron la carta compromiso de Fuerza Rosa. Fotograf\u00eda: Visi\u00f3n Peninsular<\/figcaption><\/figure>\n\n\n\n<h3>Privilegiar el di\u00e1logo constructivo<\/h3>\n\n\n\n<p>La Coordinaci\u00f3n Estatal de Fuerza Rosa funcionar\u00e1 de manera horizontal e incluyente para impulsar acciones coordinadas con las organizaciones pol\u00edticas y sociales que confluyen en el Frente Amplio por M\u00e9xico; respeto a la libertad de opiniones y privilegiar el di\u00e1logo constructivo y el consenso en la toma de acuerdos; se respetar\u00e1 la difusi\u00f3n de informaci\u00f3n veraz para contrarrestar la desinformaci\u00f3n que se promueve desde el poder,&nbsp; documentar cualquier irregularidad en el proceso electoral que publicar\u00e1 en medios de comunicaci\u00f3n y redes sociales, y en su caso las v\u00edas jurisdiccionales para informar cualquier violaci\u00f3n a la Constituci\u00f3n y a las leyes.<\/p>\n\n\n\n<p>Firmaron la carta compromiso las siguientes asociaciones civiles, colectivos y agrupaciones: Yermo y Parres, Arca de No\u00e9, Socialistas del Sureste, Co\u2019ox X\u00f3chitl, M\u00e9xico Sin L\u00edmites, Organizaci\u00f3n Popular Campesina, 4 de Julio, Acciones para la Mujer, Amigos Moviendo Almas, Agenda de Mujeres por la Igualdad Sustantiva en Yucat\u00e1n (Amisy), Colectivo Yucat\u00e1n con X\u00f3chitl, Coordinadora Ciudadana Fuerza Rosa con X\u00f3chitl, Frente Amplio por la Renovaci\u00f3n, Frente C\u00edvico Familiar, Frente C\u00edvico Nacional Cap\u00edtulo Yucat\u00e1n, Fundaci\u00f3n Mar\u00eda Dolores Godoy, Fundaci\u00f3n Mujer, L\u00edderes Sociales M\u00e9xico, Quinientocracia, X\u00f3chitlovers en Acci\u00f3n, M\u00e9xico Unido, Cioac Yucat\u00e1n,&nbsp; entre otras.<\/p>\n\n\n\n<p>\u201cHoy m\u00e1s que nunca, somos los ciudadanos y las organizaciones de la Sociedad Civil la que vamos hacer historia. Por eso les pido paciencia con quienes piensan diferente, que tengamos tolerancia con aquellos que van despacio y coraz\u00f3n para jalar, principalmente, a los j\u00f3venes, a las mujeres porque sin nosotros, los ciudadanos, est\u00e9 pa\u00eds no va a cambiar\u201d, expres\u00f3 la coordinadora del Frente C\u00edvico Nacional Cap\u00edtulo Yucat\u00e1n, Ana Rosa Pay\u00e1n Cervera.<\/p>\n\n\n\n<h3>Defensa de las instituciones<\/h3>\n\n\n\n<p>Fuerza Rosa se inici\u00f3 el pasado 13 de noviembre de 2022 cuando la sociedad civil y ciudadanos tomaron las calles y plazas p\u00fablicas de varias ciudades para defender la autonom\u00eda del INE, as\u00ed como las sucesivas marchas para defender al Poder Judicial de la Federaci\u00f3n (PJF) hasta conformar esta red de ciudadanos.\u00a0 Para mayor informaci\u00f3n o si desea formar parte de Fuerza Yucat\u00e1n puede contactarse en cualquiera de las redes sociales de algunas de las asociaciones civiles antes mencionadas.<\/p>\n\n\n\n<figure class=\"wp-block-image size-large\"><img loading=\"lazy\" width=\"1024\" height=\"576\" src=\"https:\/\/visionpeninsular.com\/mid\/wp-content\/uploads\/2023\/11\/WhatsApp-Image-2023-11-11-at-8.58.25-PM-1024x576.jpeg\" alt=\"\" class=\"wp-image-180025\" srcset=\"https:\/\/visionpeninsular.com\/mid\/wp-content\/uploads\/2023\/11\/WhatsApp-Image-2023-11-11-at-8.58.25-PM-1024x576.jpeg 1024w, https:\/\/visionpeninsular.com\/mid\/wp-content\/uploads\/2023\/11\/WhatsApp-Image-2023-11-11-at-8.58.25-PM-300x169.jpeg 300w, https:\/\/visionpeninsular.com\/mid\/wp-content\/uploads\/2023\/11\/WhatsApp-Image-2023-11-11-at-8.58.25-PM-768x432.jpeg 768w, https:\/\/visionpeninsular.com\/mid\/wp-content\/uploads\/2023\/11\/WhatsApp-Image-2023-11-11-at-8.58.25-PM.jpeg 1280w\" sizes=\"(max-width: 1024px) 100vw, 1024px\" \/><figcaption>Fuerza Rosa con el liderazgo de X\u00f3chitl G\u00e1lvez, precandidata del Frente Amplio por M\u00e9xico, conseguir\u00e1n la victoria. Fotograf\u00eda: Visi\u00f3n Peninsular<\/figcaption><\/figure>\n<div class='share-to-whatsapp-wrapper'><div class='share-on-whsp'>Share on: <\/div><a data-text='\u00a1David vs Goliat! Fuerza Rosa liberar\u00e1 a M\u00e9xico del populismo destructor' data-link='https:\/\/visionpeninsular.com\/mid\/david-vs-goliat-fuerza-rosa-liberara-a-mexico-del-populismo-destructor\/' class='whatsapp-button whatsapp-share'>WhatsApp<\/a><div class='clear '><\/div><\/div>","protected":false},"excerpt":{"rendered":"<p>\u2022En Yucat\u00e1n, la ciudadan\u00eda se organiz\u00f3 para vencer al oficialismo y a la maquinaria electoral; invitan a mujeres y j\u00f3venes a sumarse a esta lucha M\u00e9rida, Yucat\u00e1n, a 11 de noviembre de 2023.\u2013 El proceso electoral 2024, a celebrarse el 2 de junio de 2024, ser\u00e1 una batalla hist\u00f3rica que rememorar\u00e1 el duelo David vs &hellip;<\/p>\n","protected":false},"author":11,"featured_media":180024,"comment_status":"open","ping_status":"open","sticky":false,"template":"","format":"standard","meta":{"_mi_skip_tracking":false},"categories":[49,37],"tags":[31546,32854,31775,37063,39393,26347,37255],"_links":{"self":[{"href":"https:\/\/visionpeninsular.com\/mid\/wp-json\/wp\/v2\/posts\/180022"}],"collection":[{"href":"https:\/\/visionpeninsular.com\/mid\/wp-json\/wp\/v2\/posts"}],"about":[{"href":"https:\/\/visionpeninsular.com\/mid\/wp-json\/wp\/v2\/types\/post"}],"author":[{"embeddable":true,"href":"https:\/\/visionpeninsular.com\/mid\/wp-json\/wp\/v2\/users\/11"}],"replies":[{"embeddable":true,"href":"https:\/\/visionpeninsular.com\/mid\/wp-json\/wp\/v2\/comments?post=180022"}],"version-history":[{"count":1,"href":"https:\/\/visionpeninsular.com\/mid\/wp-json\/wp\/v2\/posts\/180022\/revisions"}],"predecessor-version":[{"id":180026,"href":"https:\/\/visionpeninsular.com\/mid\/wp-json\/wp\/v2\/posts\/180022\/revisions\/180026"}],"wp:featuredmedia":[{"embeddable":true,"href":"https:\/\/visionpeninsular.com\/mid\/wp-json\/wp\/v2\/media\/180024"}],"wp:attachment":[{"href":"https:\/\/visionpeninsular.com\/mid\/wp-json\/wp\/v2\/media?parent=180022"}],"wp:term":[{"taxonomy":"category","embeddable":true,"href":"https:\/\/visionpeninsular.com\/mid\/wp-json\/wp\/v2\/categories?post=180022"},{"taxonomy":"post_tag","embeddable":true,"href":"https:\/\/visionpeninsular.com\/mid\/wp-json\/wp\/v2\/tags?post=180022"}],"curies":[{"name":"wp","href":"https:\/\/api.w.org\/{rel}","templated":true}]}}