{"id":179888,"date":"2023-11-09T19:12:21","date_gmt":"2023-11-10T01:12:21","guid":{"rendered":"https:\/\/visionpeninsular.com\/mid\/?p=179888"},"modified":"2023-11-09T19:12:22","modified_gmt":"2023-11-10T01:12:22","slug":"condenado-a-57-anos-y-seis-meses-de-prision-por-feminicidio","status":"publish","type":"post","link":"https:\/\/visionpeninsular.com\/mid\/condenado-a-57-anos-y-seis-meses-de-prision-por-feminicidio\/","title":{"rendered":"Condenado a 57 a\u00f1os y seis meses de prisi\u00f3n por feminicidio"},"content":{"rendered":"\n<p>Tras ser declarado penalmente responsable del delito de feminicidio agravado, H.D.P.V. fue condenado a 57 a\u00f1os y seis meses de prisi\u00f3n.<\/p>\n\n\n\n<p>Tambi\u00e9n deber\u00e1 pagar de 3 millones 889 mil 400 pesos en concepto de reparaci\u00f3n del da\u00f1o por los hechos ocurridos el mes de agosto del a\u00f1o 2021 en el fraccionamiento San Marcos Sustentable de esta ciudad de M\u00e9rida.<\/p>\n\n\n\n<p>En el desarrollo del juicio oral, la fiscal\u00eda general del Estado (FGE) present\u00f3 las pruebas periciales, documentales y testimoniales.<\/p>\n\n\n\n<p>Lo anterior, permiti\u00f3 obtener el fallo condenatorio, comprobando la responsabilidad penal del acusado en la muerte de la ciudadana G.E.U.M.<\/p>\n\n\n\n<p>Durante la audiencia de individualizaci\u00f3n de sanciones, se sentenci\u00f3 al imputado adem\u00e1s al pago de los gastos funerarios.<\/p>\n\n\n\n<p>De igual manera, perdi\u00f3 los derechos de familia y pol\u00edticos, adem\u00e1s de una recibir amonestaci\u00f3n p\u00fablica y la p\u00e9rdida de sus derechos pol\u00edticos.<\/p>\n\n\n\n<p>Cabe recordar que el juicio se llev\u00f3 ante los integrantes del Tribunal Primero de Enjuiciamiento.<\/p>\n\n\n\n<p>Ah\u00ed se valoraron las pruebas presentadas por esta representaci\u00f3n social, las cuales permitieron confirmar la responsabilidad del ahora condenado.<\/p>\n\n\n\n<p>Los hechos se registraron en la madrugada del 14 de agosto de 2021, cuando golpe\u00f3 en repetidas ocasiones a la v\u00edctima.<\/p>\n\n\n\n<p>Lamentablemente, la mujer perdi\u00f3 la vida a consecuencia de las m\u00faltiples lesiones infringidas.<\/p>\n\n\n\n<p>Comunicado<\/p>\n<div class='share-to-whatsapp-wrapper'><div class='share-on-whsp'>Share on: <\/div><a data-text='Condenado a 57 a\u00f1os y seis meses de prisi\u00f3n por feminicidio' data-link='https:\/\/visionpeninsular.com\/mid\/condenado-a-57-anos-y-seis-meses-de-prision-por-feminicidio\/' class='whatsapp-button whatsapp-share'>WhatsApp<\/a><div class='clear '><\/div><\/div>","protected":false},"excerpt":{"rendered":"<p>Tras ser declarado penalmente responsable del delito de feminicidio agravado, H.D.P.V. fue condenado a 57 a\u00f1os y seis meses de prisi\u00f3n. Tambi\u00e9n deber\u00e1 pagar de 3 millones 889 mil 400 pesos en concepto de reparaci\u00f3n del da\u00f1o por los hechos ocurridos el mes de agosto del a\u00f1o 2021 en el fraccionamiento San Marcos Sustentable de &hellip;<\/p>\n","protected":false},"author":5,"featured_media":179890,"comment_status":"open","ping_status":"open","sticky":false,"template":"","format":"standard","meta":{"_mi_skip_tracking":false},"categories":[50,37],"tags":[39338,39337,666],"_links":{"self":[{"href":"https:\/\/visionpeninsular.com\/mid\/wp-json\/wp\/v2\/posts\/179888"}],"collection":[{"href":"https:\/\/visionpeninsular.com\/mid\/wp-json\/wp\/v2\/posts"}],"about":[{"href":"https:\/\/visionpeninsular.com\/mid\/wp-json\/wp\/v2\/types\/post"}],"author":[{"embeddable":true,"href":"https:\/\/visionpeninsular.com\/mid\/wp-json\/wp\/v2\/users\/5"}],"replies":[{"embeddable":true,"href":"https:\/\/visionpeninsular.com\/mid\/wp-json\/wp\/v2\/comments?post=179888"}],"version-history":[{"count":1,"href":"https:\/\/visionpeninsular.com\/mid\/wp-json\/wp\/v2\/posts\/179888\/revisions"}],"predecessor-version":[{"id":179891,"href":"https:\/\/visionpeninsular.com\/mid\/wp-json\/wp\/v2\/posts\/179888\/revisions\/179891"}],"wp:featuredmedia":[{"embeddable":true,"href":"https:\/\/visionpeninsular.com\/mid\/wp-json\/wp\/v2\/media\/179890"}],"wp:attachment":[{"href":"https:\/\/visionpeninsular.com\/mid\/wp-json\/wp\/v2\/media?parent=179888"}],"wp:term":[{"taxonomy":"category","embeddable":true,"href":"https:\/\/visionpeninsular.com\/mid\/wp-json\/wp\/v2\/categories?post=179888"},{"taxonomy":"post_tag","embeddable":true,"href":"https:\/\/visionpeninsular.com\/mid\/wp-json\/wp\/v2\/tags?post=179888"}],"curies":[{"name":"wp","href":"https:\/\/api.w.org\/{rel}","templated":true}]}}