{"id":179579,"date":"2023-11-04T13:09:07","date_gmt":"2023-11-04T19:09:07","guid":{"rendered":"https:\/\/visionpeninsular.com\/mid\/?p=179579"},"modified":"2023-11-04T13:09:08","modified_gmt":"2023-11-04T19:09:08","slug":"mauricio-vila-y-renan-barrera-inauguran-la-primera-etapa-del-corredor-turistico-y-gastronomico","status":"publish","type":"post","link":"https:\/\/visionpeninsular.com\/mid\/mauricio-vila-y-renan-barrera-inauguran-la-primera-etapa-del-corredor-turistico-y-gastronomico\/","title":{"rendered":"Mauricio Vila  y Ren\u00e1n Barrera inauguran la primera etapa del Corredor Tur\u00edstico y Gastron\u00f3mico"},"content":{"rendered":"\n<ul><li><strong><em>Con la transformaci\u00f3n de la zona, M\u00e9rida se mantiene como referente tur\u00edstico y gastron\u00f3mico.<\/em><\/strong><\/li><\/ul>\n\n\n\n<p>M\u00e9rida, Yucat\u00e1n, 3 de noviembre de 2023.- El Gobernador Mauricio Vila Dosal y el Alcalde de M\u00e9rida, Ren\u00e1n Barrera Concha, inauguraron la primera etapa del Corredor Tur\u00edstico y&nbsp; Gastron\u00f3mico, que abarca la calle 47 entre 56 y 48, proyecto que contribuye a renovar la imagen urbana y detonar la econom\u00eda del centro hist\u00f3rico de la ciudad.<\/p>\n\n\n\n<p>Vila Dosal y Barrera Concha llevaron a cabo el corte del list\u00f3n inaugural de este renovado espacio y realizaron un recorrido por el mismo, en donde saludaron a las familias que desde hoy disfrutan de los atractivos del lugar.<\/p>\n\n\n\n<p>Al dar su mensaje, el Gobernador anunci\u00f3 que en enero pr\u00f3ximo iniciar\u00e1n la remodelaci\u00f3n de la Plaza Grande, obra que forma parte de la transformaci\u00f3n en equipo que se est\u00e1 haciendo en el Centro Hist\u00f3rico de M\u00e9rida, a trav\u00e9s de diversos proyectos que representan una inversi\u00f3n de m\u00e1s de 2,500 millones de pesos.<\/p>\n\n\n\n<figure class=\"wp-block-image size-full\"><img loading=\"lazy\" width=\"500\" height=\"383\" src=\"https:\/\/visionpeninsular.com\/mid\/wp-content\/uploads\/2023\/11\/corregas-2.jpg\" alt=\"\" class=\"wp-image-179582\" srcset=\"https:\/\/visionpeninsular.com\/mid\/wp-content\/uploads\/2023\/11\/corregas-2.jpg 500w, https:\/\/visionpeninsular.com\/mid\/wp-content\/uploads\/2023\/11\/corregas-2-300x230.jpg 300w\" sizes=\"(max-width: 500px) 100vw, 500px\" \/><\/figure>\n\n\n\n<p>&#8220;La coordinaci\u00f3n es el secreto de por qu\u00e9 a Yucat\u00e1n le va&nbsp; mejor que a otros estados, porque cuando hay autoridades que est\u00e1n dispuestas a trabajar en equipo, a las y los yucatecos no hay nada que nos pueda detener&#8221;, asever\u00f3.<\/p>\n\n\n\n<p>Ante la diputada federal Cecilia Patr\u00f3n Laviada, Vila Dosal se\u00f1al\u00f3 que el Gran Parque La Plancha y el Corredor Tur\u00edstico y Gastron\u00f3mico son un gran sue\u00f1o que ten\u00edamos los meridanos, lo que se ha dado gracias a la implementaci\u00f3n de proyectos como el Tren Maya, que permitieron ir desarrollando planes y obras que est\u00e1n cambiando esta zona.<\/p>\n\n\n\n<figure class=\"wp-block-image size-full\"><img loading=\"lazy\" width=\"500\" height=\"333\" src=\"https:\/\/visionpeninsular.com\/mid\/wp-content\/uploads\/2023\/11\/corregas-3.jpg\" alt=\"\" class=\"wp-image-179583\" srcset=\"https:\/\/visionpeninsular.com\/mid\/wp-content\/uploads\/2023\/11\/corregas-3.jpg 500w, https:\/\/visionpeninsular.com\/mid\/wp-content\/uploads\/2023\/11\/corregas-3-300x200.jpg 300w, https:\/\/visionpeninsular.com\/mid\/wp-content\/uploads\/2023\/11\/corregas-3-310x205.jpg 310w\" sizes=\"(max-width: 500px) 100vw, 500px\" \/><\/figure>\n\n\n\n<p>Detall\u00f3 que, junto a La Plancha y el Corredor, se est\u00e1 transformando el Centro con proyectos como la remodelaci\u00f3n de la Plaza Grande, la ampliaci\u00f3n y mejoramiento de la Universidad de las Artes, el Museo de la Luz de la UNAM, obras complementarias alrededor de La Plancha y el Centro de Transferencias Multimodal (Cetram), que representan la importante apuesta al centro de la ciudad.<\/p>\n\n\n\n<figure class=\"wp-block-image size-full\"><img loading=\"lazy\" width=\"500\" height=\"333\" src=\"https:\/\/visionpeninsular.com\/mid\/wp-content\/uploads\/2023\/11\/corregas-4.jpg\" alt=\"\" class=\"wp-image-179584\" srcset=\"https:\/\/visionpeninsular.com\/mid\/wp-content\/uploads\/2023\/11\/corregas-4.jpg 500w, https:\/\/visionpeninsular.com\/mid\/wp-content\/uploads\/2023\/11\/corregas-4-300x200.jpg 300w, https:\/\/visionpeninsular.com\/mid\/wp-content\/uploads\/2023\/11\/corregas-4-310x205.jpg 310w\" sizes=\"(max-width: 500px) 100vw, 500px\" \/><\/figure>\n\n\n\n<p>Por \u00faltimo, el Gobernador indic\u00f3 que Yucat\u00e1n est\u00e1 teniendo cifras sin precedentes en turismo, pues 2022 ha sido el a\u00f1o que m\u00e1s visitantes&nbsp; y todo parece indicar que 2023 romper\u00e1 ese r\u00e9cord; adem\u00e1s de que Chich\u00e9n Itz\u00e1 ha sido la zona arqueol\u00f3gica m\u00e1s visitada de todo el pa\u00eds por tercer a\u00f1o.<\/p>\n\n\n\n<p>&nbsp;&#8220;El futuro de Yucat\u00e1n pinta bien, resultado de la coordinaci\u00f3n y de que hemos estado trabajando de la mano&#8221;, finaliz\u00f3 Vila Dosal.<\/p>\n\n\n\n<figure class=\"wp-block-image size-full\"><img loading=\"lazy\" width=\"500\" height=\"366\" src=\"https:\/\/visionpeninsular.com\/mid\/wp-content\/uploads\/2023\/11\/corregas-6.jpg\" alt=\"\" class=\"wp-image-179585\" srcset=\"https:\/\/visionpeninsular.com\/mid\/wp-content\/uploads\/2023\/11\/corregas-6.jpg 500w, https:\/\/visionpeninsular.com\/mid\/wp-content\/uploads\/2023\/11\/corregas-6-300x220.jpg 300w\" sizes=\"(max-width: 500px) 100vw, 500px\" \/><\/figure>\n\n\n\n<p>Con la apertura del Corredor Tur\u00edstico y Gastron\u00f3mico de la calle 47 que se convierte en un motor para la activaci\u00f3n social a trav\u00e9s de la recuperaci\u00f3n del espacio peatonal y el impulso a la movilidad urbana sustentable,&nbsp; M\u00e9rida comienza hoy a ver la transformaci\u00f3n de la econom\u00eda de los comercios de la zona con la presencia de turistas y residentes que har\u00e1n de este espacio un gran detonante econ\u00f3mico y tur\u00edstico, afirm\u00f3 Barrera Concha.<\/p>\n\n\n\n<figure class=\"wp-block-image size-full\"><img loading=\"lazy\" width=\"500\" height=\"333\" src=\"https:\/\/visionpeninsular.com\/mid\/wp-content\/uploads\/2023\/11\/corregas-7.jpg\" alt=\"\" class=\"wp-image-179586\" srcset=\"https:\/\/visionpeninsular.com\/mid\/wp-content\/uploads\/2023\/11\/corregas-7.jpg 500w, https:\/\/visionpeninsular.com\/mid\/wp-content\/uploads\/2023\/11\/corregas-7-300x200.jpg 300w, https:\/\/visionpeninsular.com\/mid\/wp-content\/uploads\/2023\/11\/corregas-7-310x205.jpg 310w\" sizes=\"(max-width: 500px) 100vw, 500px\" \/><\/figure>\n\n\n\n<p>\u201cCada vez que entregamos una mejora, una nueva construcci\u00f3n, mercado, vialidad o centro social, lo hacemos para el disfrute y uso de todas y todos los ciudadanos, pero hoy damos un paso m\u00e1s all\u00e1, pues con la inauguraci\u00f3n de este Corredor Tur\u00edstico y Gastron\u00f3mico, impulsamos su vocaci\u00f3n comercial a trav\u00e9s de la promoci\u00f3n de la econom\u00eda de los negocios del \u00e1rea y del embellecimiento de esta zona de la ciudad\u201d, se\u00f1al\u00f3.<\/p>\n\n\n\n<figure class=\"wp-block-image size-full\"><img loading=\"lazy\" width=\"500\" height=\"396\" src=\"https:\/\/visionpeninsular.com\/mid\/wp-content\/uploads\/2023\/11\/corregas-8.jpg\" alt=\"\" class=\"wp-image-179587\" srcset=\"https:\/\/visionpeninsular.com\/mid\/wp-content\/uploads\/2023\/11\/corregas-8.jpg 500w, https:\/\/visionpeninsular.com\/mid\/wp-content\/uploads\/2023\/11\/corregas-8-300x238.jpg 300w\" sizes=\"(max-width: 500px) 100vw, 500px\" \/><\/figure>\n\n\n\n<p>Este Corredor que hoy se inaugura, abund\u00f3, ya ha comenzado a dar sus frutos, pues de los 11 restaurantes que funcionaban sobre la calle 47 antes del inicio de esta obra, ahora ya se han sumado ocho m\u00e1s y seguramente el n\u00famero se ir\u00e1 incrementando al ver el desarrollo que en los pr\u00f3ximos meses tendr\u00e1 este lugar, ya que esta obra se alinea con la designaci\u00f3n de M\u00e9rida como \u201cCiudad Creativa Gastron\u00f3mica\u201d, otorgada por la UNESCO, y a su vocaci\u00f3n tur\u00edstica.<\/p>\n\n\n\n<p>Vila Dosal y Barrera Concha recorrieron la calle 47 acompa\u00f1ados de habitantes de la zona, funcionarios estatales y municipales, as\u00ed como representantes de c\u00e1maras empresariales.<\/p>\n\n\n\n<figure class=\"wp-block-image size-full\"><img loading=\"lazy\" width=\"500\" height=\"345\" src=\"https:\/\/visionpeninsular.com\/mid\/wp-content\/uploads\/2023\/11\/corregas-9.jpg\" alt=\"\" class=\"wp-image-179588\" srcset=\"https:\/\/visionpeninsular.com\/mid\/wp-content\/uploads\/2023\/11\/corregas-9.jpg 500w, https:\/\/visionpeninsular.com\/mid\/wp-content\/uploads\/2023\/11\/corregas-9-300x207.jpg 300w, https:\/\/visionpeninsular.com\/mid\/wp-content\/uploads\/2023\/11\/corregas-9-110x75.jpg 110w\" sizes=\"(max-width: 500px) 100vw, 500px\" \/><\/figure>\n\n\n\n<p>El Alcalde record\u00f3 que la transformaci\u00f3n de la zona inici\u00f3 en octubre de 2022 con la realizaci\u00f3n de diversos trabajos que transformaron por completo el entorno.<\/p>\n\n\n\n<p>Precis\u00f3 que se ampliaron los andadores y se construyeron vialidades que favorecen la movilidad peatonal; se ocultaron l\u00edneas de agua, gas, internet, el\u00e9ctrica y de alumbrado p\u00fablico, que ahora son de forma subterr\u00e1neas; se rescataron, con apoyo del INAH Yucat\u00e1n, 103 fachadas de los edificios en toda la zona; se brind\u00f3 accesibilidad universal a personas con discapacidad motriz a trav\u00e9s de una plataforma de un solo nivel, tanto para la banqueta y el arroyo vehicular, que les facilitan los cruces y traslados; y se realizaron obras de drenaje y alcantarillado para el eficiente desalojo de agua pluvial, entre otros trabajos.<\/p>\n\n\n\n<figure class=\"wp-block-image size-full\"><img loading=\"lazy\" width=\"500\" height=\"333\" src=\"https:\/\/visionpeninsular.com\/mid\/wp-content\/uploads\/2023\/11\/corregas-10.jpg\" alt=\"\" class=\"wp-image-179589\" srcset=\"https:\/\/visionpeninsular.com\/mid\/wp-content\/uploads\/2023\/11\/corregas-10.jpg 500w, https:\/\/visionpeninsular.com\/mid\/wp-content\/uploads\/2023\/11\/corregas-10-300x200.jpg 300w, https:\/\/visionpeninsular.com\/mid\/wp-content\/uploads\/2023\/11\/corregas-10-310x205.jpg 310w\" sizes=\"(max-width: 500px) 100vw, 500px\" \/><\/figure>\n\n\n\n<p>Previo al corte del list\u00f3n inaugural, Barrera Concha mencion\u00f3 que en la obra se invirtieron 86 millones 052 mil 675.33 millones de pesos provenientes de recursos propios del Ayuntamiento.<\/p>\n\n\n\n<p>\u201cPero lo m\u00e1s importante es que la calle 47 se convirti\u00f3 en un corredor gastron\u00f3mico para detonar el turismo a trav\u00e9s de opciones gastron\u00f3micas y de entretenimiento, en donde turistas y residentes podr\u00e1n disfrutar de actividades culturales y art\u00edsticas en momentos importantes para la ciudad, como son la Noche Blanca y el M\u00e9rida Fest, por mencionar algunos\u201d, destac\u00f3.<\/p>\n\n\n\n<figure class=\"wp-block-image size-full\"><img loading=\"lazy\" width=\"500\" height=\"332\" src=\"https:\/\/visionpeninsular.com\/mid\/wp-content\/uploads\/2023\/11\/corregas-11.jpg\" alt=\"\" class=\"wp-image-179590\" srcset=\"https:\/\/visionpeninsular.com\/mid\/wp-content\/uploads\/2023\/11\/corregas-11.jpg 500w, https:\/\/visionpeninsular.com\/mid\/wp-content\/uploads\/2023\/11\/corregas-11-300x199.jpg 300w, https:\/\/visionpeninsular.com\/mid\/wp-content\/uploads\/2023\/11\/corregas-11-310x205.jpg 310w\" sizes=\"(max-width: 500px) 100vw, 500px\" \/><\/figure>\n\n\n\n<p>Asimismo, agradeci\u00f3 a los restaurantes y comerciantes de la zona por su apoyo durante los trabajos, as\u00ed como tambi\u00e9n, en la habilitaci\u00f3n de la infraestructura que quedar\u00e1 al servicio de las y los yucatecos.<\/p>\n\n\n\n<p>El Presidente Municipal afirm\u00f3 que el corredor de la calle 47 que se conecta con el de la calle 60 y el Gran Parque de la Plancha, obras a cargo del Gobierno del Estado y Gobierno Federal, respectivamente, permitir\u00e1 ofrecer a todos los visitantes un gran corredor con opciones de esparcimiento para yucatecos y turistas.<\/p>\n\n\n\n<figure class=\"wp-block-image size-full\"><img loading=\"lazy\" width=\"500\" height=\"333\" src=\"https:\/\/visionpeninsular.com\/mid\/wp-content\/uploads\/2023\/11\/corregas-12.jpg\" alt=\"\" class=\"wp-image-179591\" srcset=\"https:\/\/visionpeninsular.com\/mid\/wp-content\/uploads\/2023\/11\/corregas-12.jpg 500w, https:\/\/visionpeninsular.com\/mid\/wp-content\/uploads\/2023\/11\/corregas-12-300x200.jpg 300w, https:\/\/visionpeninsular.com\/mid\/wp-content\/uploads\/2023\/11\/corregas-12-310x205.jpg 310w\" sizes=\"(max-width: 500px) 100vw, 500px\" \/><\/figure>\n\n\n\n<p>Como pre\u00e1mbulo a la inauguraci\u00f3n oficial, las y los visitantes pudieron disfrutar de la actuaci\u00f3n del Tr\u00edo del Renacer y de los solistas Lizzeth Enr\u00edquez y Ricardo Jim\u00e9nez, quienes engalanaron la velada con sus voces.<\/p>\n\n\n\n<p>Para dar por terminado el evento, fuegos artificiales vistieron el cielo de M\u00e9rida en donde figuras de colores deleitaron a los asistentes.<\/p>\n\n\n\n<p>Hasta el momento, se han incorporado 241 unidades al Sistema de Transporte P\u00fablico \u201cVa y Ven\u201d, lo que representa un 37% de un total de 650 unidades que se incorporar\u00e1n a este sistema. Las rutas que se han sumado a este sistema son Perif\u00e9rico, Aeropuerto, Metropolitano, Am\u00e9ricas, Komch\u00e9n, Pensiones, Francisco de Montejo y Chuburn\u00e1, Poniente y Plazas, Ciudad Caucel, Um\u00e1n y ahora Circuito Rojo, con lo que se est\u00e1 transformando la movilidad en Yucat\u00e1n con un servicio a la altura de lo que las y los yucatecos merecen.<\/p>\n<div class='share-to-whatsapp-wrapper'><div class='share-on-whsp'>Share on: <\/div><a data-text='Mauricio Vila  y Ren\u00e1n Barrera inauguran la primera etapa del Corredor Tur\u00edstico y Gastron\u00f3mico' data-link='https:\/\/visionpeninsular.com\/mid\/mauricio-vila-y-renan-barrera-inauguran-la-primera-etapa-del-corredor-turistico-y-gastronomico\/' class='whatsapp-button whatsapp-share'>WhatsApp<\/a><div class='clear '><\/div><\/div>","protected":false},"excerpt":{"rendered":"<p>Con la transformaci\u00f3n de la zona, M\u00e9rida se mantiene como referente tur\u00edstico y gastron\u00f3mico. M\u00e9rida, Yucat\u00e1n, 3 de noviembre de 2023.- El Gobernador Mauricio Vila Dosal y el Alcalde de M\u00e9rida, Ren\u00e1n Barrera Concha, inauguraron la primera etapa del Corredor Tur\u00edstico y&nbsp; Gastron\u00f3mico, que abarca la calle 47 entre 56 y 48, proyecto que contribuye &hellip;<\/p>\n","protected":false},"author":5,"featured_media":179581,"comment_status":"open","ping_status":"open","sticky":false,"template":"","format":"standard","meta":{"_mi_skip_tracking":false},"categories":[49,37],"tags":[13587,185,39232,14516],"_links":{"self":[{"href":"https:\/\/visionpeninsular.com\/mid\/wp-json\/wp\/v2\/posts\/179579"}],"collection":[{"href":"https:\/\/visionpeninsular.com\/mid\/wp-json\/wp\/v2\/posts"}],"about":[{"href":"https:\/\/visionpeninsular.com\/mid\/wp-json\/wp\/v2\/types\/post"}],"author":[{"embeddable":true,"href":"https:\/\/visionpeninsular.com\/mid\/wp-json\/wp\/v2\/users\/5"}],"replies":[{"embeddable":true,"href":"https:\/\/visionpeninsular.com\/mid\/wp-json\/wp\/v2\/comments?post=179579"}],"version-history":[{"count":1,"href":"https:\/\/visionpeninsular.com\/mid\/wp-json\/wp\/v2\/posts\/179579\/revisions"}],"predecessor-version":[{"id":179592,"href":"https:\/\/visionpeninsular.com\/mid\/wp-json\/wp\/v2\/posts\/179579\/revisions\/179592"}],"wp:featuredmedia":[{"embeddable":true,"href":"https:\/\/visionpeninsular.com\/mid\/wp-json\/wp\/v2\/media\/179581"}],"wp:attachment":[{"href":"https:\/\/visionpeninsular.com\/mid\/wp-json\/wp\/v2\/media?parent=179579"}],"wp:term":[{"taxonomy":"category","embeddable":true,"href":"https:\/\/visionpeninsular.com\/mid\/wp-json\/wp\/v2\/categories?post=179579"},{"taxonomy":"post_tag","embeddable":true,"href":"https:\/\/visionpeninsular.com\/mid\/wp-json\/wp\/v2\/tags?post=179579"}],"curies":[{"name":"wp","href":"https:\/\/api.w.org\/{rel}","templated":true}]}}