{"id":179386,"date":"2023-10-31T18:27:59","date_gmt":"2023-11-01T00:27:59","guid":{"rendered":"https:\/\/visionpeninsular.com\/mid\/?p=179386"},"modified":"2023-10-31T18:28:01","modified_gmt":"2023-11-01T00:28:01","slug":"presenta-el-gobernador-mauricio-vila-la-nueva-ruta-circuito-rojo-que-se-suma-al-sistema-va-y-ven","status":"publish","type":"post","link":"https:\/\/visionpeninsular.com\/mid\/presenta-el-gobernador-mauricio-vila-la-nueva-ruta-circuito-rojo-que-se-suma-al-sistema-va-y-ven\/","title":{"rendered":"Presenta el Gobernador Mauricio Vila la nueva Ruta Circuito Rojo que se suma al sistema \u201cVa y ven\u201d"},"content":{"rendered":"\n<ul><li><strong><em>La ruta entrar\u00e1 en funci\u00f3n a partir del 4 de noviembre con 22 nuevas unidades.<\/em><\/strong><\/li><li><strong><em>Del 4 al 12 de noviembre el servicio ser\u00e1 completamente gratuito.<\/em><\/strong><\/li><li><strong><em>Durante el mes de noviembre se instalar\u00e1 un m\u00f3dulo temporal para la credencializaci\u00f3n en la UTM.<\/em><\/strong><\/li><\/ul>\n\n\n\n<p>M\u00e9rida, Yucat\u00e1n, 31 de octubre de 2023.- En Yucat\u00e1n se contin\u00faa impulsando la transformaci\u00f3n de la movilidad a la altura de lo que la poblaci\u00f3n se merece, con la presentaci\u00f3n a cargo del Gobernador Mauricio Vila Dosal de la nueva ruta Circuito Rojo, primera en el suroriente de la ciudad de M\u00e9rida en incorporarse al sistema &#8220;Va y ven&#8221;, la cual funcionar\u00e1 a partir del 4 de noviembre con 22 nuevas unidades que ofrecer\u00e1n traslados y frecuencias m\u00e1s r\u00e1pidas, mayor conectividad, y ahorros con la tarifa social para estudiantes, adultos mayores y personas con discapacidad.<\/p>\n\n\n\n<figure class=\"wp-block-image size-large\"><img loading=\"lazy\" width=\"1024\" height=\"683\" src=\"https:\/\/visionpeninsular.com\/mid\/wp-content\/uploads\/2023\/10\/Vayven3-1024x683.jpeg\" alt=\"\" class=\"wp-image-179389\" srcset=\"https:\/\/visionpeninsular.com\/mid\/wp-content\/uploads\/2023\/10\/Vayven3-1024x683.jpeg 1024w, https:\/\/visionpeninsular.com\/mid\/wp-content\/uploads\/2023\/10\/Vayven3-300x200.jpeg 300w, https:\/\/visionpeninsular.com\/mid\/wp-content\/uploads\/2023\/10\/Vayven3-768x512.jpeg 768w, https:\/\/visionpeninsular.com\/mid\/wp-content\/uploads\/2023\/10\/Vayven3.jpeg 1191w\" sizes=\"(max-width: 1024px) 100vw, 1024px\" \/><\/figure>\n\n\n\n<p>Desde la Universidad Tecnol\u00f3gica Metropolitana (UTM), acompa\u00f1ado de la rectora, Mar\u00eda Isabel Rodr\u00edguez Heredia, el Gobernador detall\u00f3 que del 4 al 12 de noviembre el servicio ser\u00e1 completamente gratuito, y al igual que con las otras rutas, cuentan con tarifas sociales todo el a\u00f1o, incluso en vacaciones para estudiantes, adultos mayores y sin costo para las personas con discapacidad, adem\u00e1s de que se pueden hacer transbordos gratuitos y con descuentos, logrando as\u00ed una red de transporte p\u00fablico conectado y eficiente.<\/p>\n\n\n\n<figure class=\"wp-block-image size-large\"><img loading=\"lazy\" width=\"1024\" height=\"766\" src=\"https:\/\/visionpeninsular.com\/mid\/wp-content\/uploads\/2023\/10\/Vayven2-1024x766.jpeg\" alt=\"\" class=\"wp-image-179390\" srcset=\"https:\/\/visionpeninsular.com\/mid\/wp-content\/uploads\/2023\/10\/Vayven2-1024x766.jpeg 1024w, https:\/\/visionpeninsular.com\/mid\/wp-content\/uploads\/2023\/10\/Vayven2-300x225.jpeg 300w, https:\/\/visionpeninsular.com\/mid\/wp-content\/uploads\/2023\/10\/Vayven2-768x575.jpeg 768w, https:\/\/visionpeninsular.com\/mid\/wp-content\/uploads\/2023\/10\/Vayven2.jpeg 1280w\" sizes=\"(max-width: 1024px) 100vw, 1024px\" \/><\/figure>\n\n\n\n<p>Ante estudiantes, profesores, padres de familias y empresarios transportistas, Vila Dosal inform\u00f3 que para que todos los estudiantes puedan obtener su credencial de tarifa social para descuentos de transbordo, que se traducen en un ahorro de 500 pesos al mes, se instalar\u00e1 un m\u00f3dulo de credencializaci\u00f3n temporal en las instalaciones de la UTM.<\/p>\n\n\n\n<figure class=\"wp-block-image size-full\"><img loading=\"lazy\" width=\"500\" height=\"332\" src=\"https:\/\/visionpeninsular.com\/mid\/wp-content\/uploads\/2023\/10\/cirrojo-2.jpg\" alt=\"\" class=\"wp-image-179391\" srcset=\"https:\/\/visionpeninsular.com\/mid\/wp-content\/uploads\/2023\/10\/cirrojo-2.jpg 500w, https:\/\/visionpeninsular.com\/mid\/wp-content\/uploads\/2023\/10\/cirrojo-2-300x199.jpg 300w, https:\/\/visionpeninsular.com\/mid\/wp-content\/uploads\/2023\/10\/cirrojo-2-310x205.jpg 310w\" sizes=\"(max-width: 500px) 100vw, 500px\" \/><\/figure>\n\n\n\n<p>\u201cEstamos ayudando con tarifa social a tres veces m\u00e1s personas, pero con mejor transporte p\u00fablico, mejores unidades y mejores operadores. Ahora, con estos 22 autobuses ya habremos cambiado en total 241. \u00bfSaben a cu\u00e1ntos autobuses nuevos vamos a llegar del d\u00eda de hoy hasta agosto del pr\u00f3ximo a\u00f1o? 650. Qu\u00e9 quiere decir, que pr\u00e1cticamente vamos a cubrir toda la ciudad de M\u00e9rida con transporte &#8220;Va y ven&#8221;, pero tambi\u00e9n vamos a hacer una ruta especial para las comisar\u00edas de M\u00e9rida\u201d, destac\u00f3.<\/p>\n\n\n\n<figure class=\"wp-block-image size-full\"><img loading=\"lazy\" width=\"500\" height=\"333\" src=\"https:\/\/visionpeninsular.com\/mid\/wp-content\/uploads\/2023\/10\/cirrojo-3.jpg\" alt=\"\" class=\"wp-image-179392\" srcset=\"https:\/\/visionpeninsular.com\/mid\/wp-content\/uploads\/2023\/10\/cirrojo-3.jpg 500w, https:\/\/visionpeninsular.com\/mid\/wp-content\/uploads\/2023\/10\/cirrojo-3-300x200.jpg 300w, https:\/\/visionpeninsular.com\/mid\/wp-content\/uploads\/2023\/10\/cirrojo-3-310x205.jpg 310w\" sizes=\"(max-width: 500px) 100vw, 500px\" \/><\/figure>\n\n\n\n<p>Al recordar que este servicio se extender\u00e1 a municipios del interior del estado como Tizim\u00edn, Tekax y Valladolid, Vila Dosal se\u00f1al\u00f3 que se realizan importantes esfuerzos por mejorar la calidad de vida de los yucatecos transformando el servicio del transporte p\u00fablico y trabajando por y para los que menos tienen.<\/p>\n\n\n\n<figure class=\"wp-block-image size-full\"><img loading=\"lazy\" width=\"500\" height=\"333\" src=\"https:\/\/visionpeninsular.com\/mid\/wp-content\/uploads\/2023\/10\/cirrojo-4.jpg\" alt=\"\" class=\"wp-image-179393\" srcset=\"https:\/\/visionpeninsular.com\/mid\/wp-content\/uploads\/2023\/10\/cirrojo-4.jpg 500w, https:\/\/visionpeninsular.com\/mid\/wp-content\/uploads\/2023\/10\/cirrojo-4-300x200.jpg 300w, https:\/\/visionpeninsular.com\/mid\/wp-content\/uploads\/2023\/10\/cirrojo-4-310x205.jpg 310w\" sizes=\"(max-width: 500px) 100vw, 500px\" \/><\/figure>\n\n\n\n<p>En su turno, el Alcalde de M\u00e9rida, Ren\u00e1n Barrera Concha, se\u00f1al\u00f3 que el acceso a la movilidad sustentable es un tema de la nueva Agenda Urbana en el que tanto el gobierno estatal como el municipal trabajan de manera coordinada para brindar una infraestructura accesible, segura, atractiva e inclusiva.<\/p>\n\n\n\n<figure class=\"wp-block-image size-full\"><img loading=\"lazy\" width=\"500\" height=\"336\" src=\"https:\/\/visionpeninsular.com\/mid\/wp-content\/uploads\/2023\/10\/cirrojo-5.jpg\" alt=\"\" class=\"wp-image-179394\" srcset=\"https:\/\/visionpeninsular.com\/mid\/wp-content\/uploads\/2023\/10\/cirrojo-5.jpg 500w, https:\/\/visionpeninsular.com\/mid\/wp-content\/uploads\/2023\/10\/cirrojo-5-300x202.jpg 300w, https:\/\/visionpeninsular.com\/mid\/wp-content\/uploads\/2023\/10\/cirrojo-5-110x75.jpg 110w\" sizes=\"(max-width: 500px) 100vw, 500px\" \/><\/figure>\n\n\n\n<p>&#8220;Hace cinco a\u00f1os, cuando est\u00e1bamos dise\u00f1ando nuestra agenda 2050, coincidimos en que uno de los temas principales para la ciudad de M\u00e9rida, y tambi\u00e9n para los municipios de la zona metropolitana, es contar con un sistema de transporte p\u00fablico que est\u00e9 a la altura de todas y de todos los meridanos, no solamente en temas de rutas y de frecuencia, sino tambi\u00e9n en capacitaci\u00f3n para los operadores y el tipo de unidades y eso se ha ido logrando de manera gradual y de manera paulatina&#8221;, dijo.<\/p>\n\n\n\n<figure class=\"wp-block-image size-large\"><img loading=\"lazy\" width=\"1024\" height=\"683\" src=\"https:\/\/visionpeninsular.com\/mid\/wp-content\/uploads\/2023\/10\/Vayven1-1024x683.jpeg\" alt=\"\" class=\"wp-image-179395\" srcset=\"https:\/\/visionpeninsular.com\/mid\/wp-content\/uploads\/2023\/10\/Vayven1-1024x683.jpeg 1024w, https:\/\/visionpeninsular.com\/mid\/wp-content\/uploads\/2023\/10\/Vayven1-300x200.jpeg 300w, https:\/\/visionpeninsular.com\/mid\/wp-content\/uploads\/2023\/10\/Vayven1-768x512.jpeg 768w, https:\/\/visionpeninsular.com\/mid\/wp-content\/uploads\/2023\/10\/Vayven1.jpeg 1280w\" sizes=\"(max-width: 1024px) 100vw, 1024px\" \/><\/figure>\n\n\n\n<p>Barrera Concha indic\u00f3 que para consolidar la movilidad urbana sustentable, y sumarse a las estrategias innovadoras del Gobierno del Estado, el Ayuntamiento ha enfocado sus estrategias para el mayor n\u00famero de beneficios para la poblaci\u00f3n como programa En Bici que fomenta los traslados con 53 estaciones.<\/p>\n\n\n\n<p>&#8220;En el Gobierno municipal contamos con el &#8216;Circuito Aventura&#8217;, que conecta a las y los usuarios con los zool\u00f3gicos del Centenario y Animaya, el parque de Deportes Extremos con el centro hist\u00f3rico. Tambi\u00e9n tenemos el &#8216;Circuito Enlace&#8217;, que es nuestro sistema de transporte interno en el centro de M\u00e9rida para las personas con alg\u00fan tipo de discapacidad y adultos mayores&#8221;, inform\u00f3.<\/p>\n\n\n\n<figure class=\"wp-block-image size-full\"><img loading=\"lazy\" width=\"500\" height=\"333\" src=\"https:\/\/visionpeninsular.com\/mid\/wp-content\/uploads\/2023\/10\/cirrojo-6.jpg\" alt=\"\" class=\"wp-image-179396\" srcset=\"https:\/\/visionpeninsular.com\/mid\/wp-content\/uploads\/2023\/10\/cirrojo-6.jpg 500w, https:\/\/visionpeninsular.com\/mid\/wp-content\/uploads\/2023\/10\/cirrojo-6-300x200.jpg 300w, https:\/\/visionpeninsular.com\/mid\/wp-content\/uploads\/2023\/10\/cirrojo-6-310x205.jpg 310w\" sizes=\"(max-width: 500px) 100vw, 500px\" \/><\/figure>\n\n\n\n<p>Adicionalmente, refiri\u00f3 sobre el parab\u00fas verde que ya se instal\u00f3 a manera de prueba en las inmediaciones de la UTM y que es un modelo innovador que permite el cuidado del medio ambiente; en total se instalar\u00e1n 6 parabuses verdes en distintos puntos estrat\u00e9gicos.<\/p>\n\n\n\n<p>Al brindar detalles sobre esta nueva Ruta Circuito Rojo, el titular de la Agencia de Transporte de Yucat\u00e1n (ATY), Rafael Hern\u00e1ndez Kotasek, explic\u00f3 que se atender\u00e1n 75 colonias por derrotero, una poblaci\u00f3n de hasta 77,819 personas, un total de 25,696 viviendas, pasar\u00e1 por 113 escuelas y conectar\u00e1 con 68 rutas de autobuses, adem\u00e1s de tener una frecuencia de 7 minutos y una longitud de ruta de 36.90 kil\u00f3metros.<\/p>\n\n\n\n<p>Hern\u00e1ndez Kotasek resalt\u00f3 que el Circuito Rojo atender\u00e1 a m\u00e1s de 20,000 personas que residen en manzanas con un nivel de rezago social medio o superior, tendr\u00e1 un horario de lunes a domingo de 5:00 am a 11:40 pm y un derrotero que abarca desde Pacabt\u00fan, Kukulc\u00e1n y Aviaci\u00f3n.<\/p>\n\n\n\n<p>Sobre la credencializaci\u00f3n de tarifa social, el titular del ATY indic\u00f3 que se ha alcanzado la cifra hist\u00f3rica de la entrega de m\u00e1s de 152 mil tarjetas entregadas de tarifa social.<\/p>\n\n\n\n<p>Los usuarios podr\u00e1n recargar su tarjeta \u201cVa y ven&#8221; en 36 cajeros ubicados en Perif\u00e9rico, Palacio de la M\u00fasica, tiendas Oxxo, Dunosusa, s\u00faper Willys y s\u00faper Ak\u00ed, sin cargo por comisi\u00f3n.<\/p>\n\n\n\n<p>Las 22 novedosas unidades son incluyentes y amigables con el ambiente; tienen racks para bicicletas y pago por tarjeta inteligente; son de accesibilidad universal, con piso bajo y podot\u00e1ctil, rampa para sillas de ruedas, se\u00f1al\u00e9tica en Braille y tanto asientos como espacios preferentes para personas con discapacidad, adultas mayores y de talla baja. Adem\u00e1s, cuentan con anuncios luminosos LED, que indican el nombre de la ruta; cargadores USB; equipo GPS para rastreo con la aplicaci\u00f3n; c\u00e1maras de seguridad, y equipo de cobro electr\u00f3nico, que evitar\u00e1 que el conductor se distraiga, agiliza los viajes y ayuda a planificar el gasto.<\/p>\n\n\n\n<p>Hasta el momento, se han incorporado 241 unidades al Sistema de Transporte P\u00fablico \u201cVa y Ven\u201d, lo que representa un 37% de un total de 650 unidades que se incorporar\u00e1n a este sistema. Las nuevas rutas que se han sumado a este sistema son Perif\u00e9rico, Aeropuerto, Metropolitano, Am\u00e9ricas, Komch\u00e9n, Pensiones, Francisco de Montejo y Chuburn\u00e1, Poniente y Plazas, Ciudad Caucel, Um\u00e1n y ahora Circuito Rojo, con lo que se est\u00e1 transformando la movilidad en Yucat\u00e1n con un servicio a la altura de lo que las y los yucatecos merecen.<\/p>\n<div class='share-to-whatsapp-wrapper'><div class='share-on-whsp'>Share on: <\/div><a data-text='Presenta el Gobernador Mauricio Vila la nueva Ruta Circuito Rojo que se suma al sistema \u201cVa y ven\u201d' data-link='https:\/\/visionpeninsular.com\/mid\/presenta-el-gobernador-mauricio-vila-la-nueva-ruta-circuito-rojo-que-se-suma-al-sistema-va-y-ven\/' class='whatsapp-button whatsapp-share'>WhatsApp<\/a><div class='clear '><\/div><\/div>","protected":false},"excerpt":{"rendered":"<p>La ruta entrar\u00e1 en funci\u00f3n a partir del 4 de noviembre con 22 nuevas unidades.Del 4 al 12 de noviembre el servicio ser\u00e1 completamente gratuito.Durante el mes de noviembre se instalar\u00e1 un m\u00f3dulo temporal para la credencializaci\u00f3n en la UTM. M\u00e9rida, Yucat\u00e1n, 31 de octubre de 2023.- En Yucat\u00e1n se contin\u00faa impulsando la transformaci\u00f3n de &hellip;<\/p>\n","protected":false},"author":5,"featured_media":179388,"comment_status":"open","ping_status":"open","sticky":false,"template":"","format":"standard","meta":{"_mi_skip_tracking":false},"categories":[49,37],"tags":[13587,39168,185,39169],"_links":{"self":[{"href":"https:\/\/visionpeninsular.com\/mid\/wp-json\/wp\/v2\/posts\/179386"}],"collection":[{"href":"https:\/\/visionpeninsular.com\/mid\/wp-json\/wp\/v2\/posts"}],"about":[{"href":"https:\/\/visionpeninsular.com\/mid\/wp-json\/wp\/v2\/types\/post"}],"author":[{"embeddable":true,"href":"https:\/\/visionpeninsular.com\/mid\/wp-json\/wp\/v2\/users\/5"}],"replies":[{"embeddable":true,"href":"https:\/\/visionpeninsular.com\/mid\/wp-json\/wp\/v2\/comments?post=179386"}],"version-history":[{"count":1,"href":"https:\/\/visionpeninsular.com\/mid\/wp-json\/wp\/v2\/posts\/179386\/revisions"}],"predecessor-version":[{"id":179397,"href":"https:\/\/visionpeninsular.com\/mid\/wp-json\/wp\/v2\/posts\/179386\/revisions\/179397"}],"wp:featuredmedia":[{"embeddable":true,"href":"https:\/\/visionpeninsular.com\/mid\/wp-json\/wp\/v2\/media\/179388"}],"wp:attachment":[{"href":"https:\/\/visionpeninsular.com\/mid\/wp-json\/wp\/v2\/media?parent=179386"}],"wp:term":[{"taxonomy":"category","embeddable":true,"href":"https:\/\/visionpeninsular.com\/mid\/wp-json\/wp\/v2\/categories?post=179386"},{"taxonomy":"post_tag","embeddable":true,"href":"https:\/\/visionpeninsular.com\/mid\/wp-json\/wp\/v2\/tags?post=179386"}],"curies":[{"name":"wp","href":"https:\/\/api.w.org\/{rel}","templated":true}]}}