{"id":178906,"date":"2023-10-21T11:44:00","date_gmt":"2023-10-21T16:44:00","guid":{"rendered":"https:\/\/visionpeninsular.com\/mid\/?p=178906"},"modified":"2023-10-21T11:44:01","modified_gmt":"2023-10-21T16:44:01","slug":"migrantes-radicados-en-merida-se-lucen-en-festival-gastronomico","status":"publish","type":"post","link":"https:\/\/visionpeninsular.com\/mid\/migrantes-radicados-en-merida-se-lucen-en-festival-gastronomico\/","title":{"rendered":"Migrantes radicados en M\u00e9rida se lucen en festival gastron\u00f3mico"},"content":{"rendered":"\n<p>En un esfuerzo por fortalecer las relaciones con la comunidad de migrantes radicada en M\u00e9rida, as\u00ed como meridanos en el exterior, se llevaron a cabo dos destacados eventos: la celebraci\u00f3n del primer aniversario de la Oficina Municipal de Atenci\u00f3n al Migrante y el Segundo Encuentro Gastron\u00f3mico Multicultural.<\/p>\n\n\n\n<p>Participan migrantes de nueve pa\u00edses y 12 estados de M\u00e9xico<\/p>\n\n\n\n<p>La s\u00edndico municipal, Diana Canto Moreno, junto con el secretario de Participaci\u00f3n Ciudadana, Julio Sauma Castillo, inauguraron el Segundo Encuentro Gastron\u00f3mico Multicultural en el parque de Las Am\u00e9ricas, donde m\u00e1s de 4,500 visitantes tuvieron la oportunidad de degustar una amplia variedad de platillos t\u00edpicos de M\u00e9xico y otros pa\u00edses.<\/p>\n\n\n\n<p>Este evento fue un \u00e9xito y cont\u00f3 con la participaci\u00f3n de inmigrantes de nueve pa\u00edses y 12 estados de M\u00e9xico.<\/p>\n\n\n\n<p>Adem\u00e1s de una muestra de gastronom\u00eda regional, el programa incluy\u00f3 actividades como paseos en bicicleta, espect\u00e1culos, danzas y m\u00fasica, que celebraron la diversidad cultural y la riqueza de la comida internacional.<\/p>\n\n\n\n<figure class=\"wp-block-image size-full\"><img loading=\"lazy\" width=\"768\" height=\"512\" src=\"https:\/\/visionpeninsular.com\/mid\/wp-content\/uploads\/2023\/10\/Migrantes-Merida-1-scaled-1.jpeg\" alt=\"\" class=\"wp-image-178909\" srcset=\"https:\/\/visionpeninsular.com\/mid\/wp-content\/uploads\/2023\/10\/Migrantes-Merida-1-scaled-1.jpeg 768w, https:\/\/visionpeninsular.com\/mid\/wp-content\/uploads\/2023\/10\/Migrantes-Merida-1-scaled-1-300x200.jpeg 300w\" sizes=\"(max-width: 768px) 100vw, 768px\" \/><\/figure>\n\n\n\n<p>Por otro lado, se realiz\u00f3 un encuentro virtual con meridanos que residen en el extranjero, en el cual Canto Moreno agradeci\u00f3 a los participantes por su inter\u00e9s en colaborar con el gobierno municipal para mejorar las condiciones de vida y los derechos humanos de los migrantes.<\/p>\n\n\n\n<p><strong>Avances de la Oficina de Atenci\u00f3n a Migrantes de M\u00e9rida<\/strong><\/p>\n\n\n\n<p>Desde su creaci\u00f3n hace un a\u00f1o, la Oficina Municipal de Atenci\u00f3n al Migrante ha logrado avances significativos en \u00e1reas sociales, econ\u00f3micas y jur\u00eddicas.<\/p>\n\n\n\n<p>En la reuni\u00f3n virtual, se destac\u00f3 el inter\u00e9s del alcalde en que los meridanos en el extranjero se conviertan en promotores de la cultura, educaci\u00f3n, seguridad y estilo de vida de Yucat\u00e1n.<\/p>\n\n\n\n<figure class=\"wp-block-image size-full\"><img loading=\"lazy\" width=\"768\" height=\"512\" src=\"https:\/\/visionpeninsular.com\/mid\/wp-content\/uploads\/2023\/10\/Migrantes-Merida-3-scaled-1.jpeg\" alt=\"\" class=\"wp-image-178910\" srcset=\"https:\/\/visionpeninsular.com\/mid\/wp-content\/uploads\/2023\/10\/Migrantes-Merida-3-scaled-1.jpeg 768w, https:\/\/visionpeninsular.com\/mid\/wp-content\/uploads\/2023\/10\/Migrantes-Merida-3-scaled-1-300x200.jpeg 300w\" sizes=\"(max-width: 768px) 100vw, 768px\" \/><\/figure>\n\n\n\n<p>Se reconoci\u00f3 que su participaci\u00f3n contribuye al crecimiento econ\u00f3mico y al desarrollo del municipio.<\/p>\n\n\n\n<p>Ashanti Caballero de Kohli, residente en Suiza, elogi\u00f3 la apertura del ayuntamiento y expres\u00f3 su satisfacci\u00f3n por los avances en certeza jur\u00eddica y digitalizaci\u00f3n de tr\u00e1mites, lo que ha impulsado proyectos de inversi\u00f3n inmobiliaria en M\u00e9rida.<\/p>\n\n\n\n<p>Mariana Bern\u00e9s, radicada en Colombia, se comprometi\u00f3 a mejorar la comunicaci\u00f3n y la promoci\u00f3n de M\u00e9rida en \u00e1mbitos culturales, comerciales, tur\u00edsticos y de servicios para fortalecer la posici\u00f3n de la capital yucateca a nivel internacional.<\/p>\n<div class='share-to-whatsapp-wrapper'><div class='share-on-whsp'>Share on: <\/div><a data-text='Migrantes radicados en M\u00e9rida se lucen en festival gastron\u00f3mico' data-link='https:\/\/visionpeninsular.com\/mid\/migrantes-radicados-en-merida-se-lucen-en-festival-gastronomico\/' class='whatsapp-button whatsapp-share'>WhatsApp<\/a><div class='clear '><\/div><\/div>","protected":false},"excerpt":{"rendered":"<p>En un esfuerzo por fortalecer las relaciones con la comunidad de migrantes radicada en M\u00e9rida, as\u00ed como meridanos en el exterior, se llevaron a cabo dos destacados eventos: la celebraci\u00f3n del primer aniversario de la Oficina Municipal de Atenci\u00f3n al Migrante y el Segundo Encuentro Gastron\u00f3mico Multicultural. Participan migrantes de nueve pa\u00edses y 12 estados &hellip;<\/p>\n","protected":false},"author":5,"featured_media":178908,"comment_status":"open","ping_status":"open","sticky":false,"template":"","format":"standard","meta":{"_mi_skip_tracking":false},"categories":[49,37],"tags":[38977,13607,38976,38978],"_links":{"self":[{"href":"https:\/\/visionpeninsular.com\/mid\/wp-json\/wp\/v2\/posts\/178906"}],"collection":[{"href":"https:\/\/visionpeninsular.com\/mid\/wp-json\/wp\/v2\/posts"}],"about":[{"href":"https:\/\/visionpeninsular.com\/mid\/wp-json\/wp\/v2\/types\/post"}],"author":[{"embeddable":true,"href":"https:\/\/visionpeninsular.com\/mid\/wp-json\/wp\/v2\/users\/5"}],"replies":[{"embeddable":true,"href":"https:\/\/visionpeninsular.com\/mid\/wp-json\/wp\/v2\/comments?post=178906"}],"version-history":[{"count":1,"href":"https:\/\/visionpeninsular.com\/mid\/wp-json\/wp\/v2\/posts\/178906\/revisions"}],"predecessor-version":[{"id":178911,"href":"https:\/\/visionpeninsular.com\/mid\/wp-json\/wp\/v2\/posts\/178906\/revisions\/178911"}],"wp:featuredmedia":[{"embeddable":true,"href":"https:\/\/visionpeninsular.com\/mid\/wp-json\/wp\/v2\/media\/178908"}],"wp:attachment":[{"href":"https:\/\/visionpeninsular.com\/mid\/wp-json\/wp\/v2\/media?parent=178906"}],"wp:term":[{"taxonomy":"category","embeddable":true,"href":"https:\/\/visionpeninsular.com\/mid\/wp-json\/wp\/v2\/categories?post=178906"},{"taxonomy":"post_tag","embeddable":true,"href":"https:\/\/visionpeninsular.com\/mid\/wp-json\/wp\/v2\/tags?post=178906"}],"curies":[{"name":"wp","href":"https:\/\/api.w.org\/{rel}","templated":true}]}}