{"id":178895,"date":"2023-10-20T21:26:15","date_gmt":"2023-10-21T02:26:15","guid":{"rendered":"https:\/\/visionpeninsular.com\/mid\/?p=178895"},"modified":"2023-10-20T21:26:16","modified_gmt":"2023-10-21T02:26:16","slug":"premian-por-relatos-sobre-los-derechos-de-las-personas-mayores","status":"publish","type":"post","link":"https:\/\/visionpeninsular.com\/mid\/premian-por-relatos-sobre-los-derechos-de-las-personas-mayores\/","title":{"rendered":"Premian por relatos sobre los derechos de las personas mayores"},"content":{"rendered":"\n<p>La Comisi\u00f3n de Derechos Humanos del Estado de Yucat\u00e1n premi\u00f3 a las personas ganadoras del 4\u00ba Concurso de Relatos sobre los Derechos de las Personas Mayores \u201cMis Relatos son el reflejo de mis Derechos\u201d, donde las y los participantes alzaron la voz para exponer las necesidades que enfrentan d\u00eda y su lucha por la aceptaci\u00f3n en la sociedad.<\/p>\n\n\n\n<p>En emotiva ceremonia, el presidente de la Codhey, Miguel Oscar Sabido Santana, reconoci\u00f3 el gran valor de las narraciones de las personas mayores y del Concurso de Relatos.<\/p>\n\n\n\n<p>Dijo que se ha convertido en una significativa ventana para vislumbrar las necesidades e inquietudes de este grupo poblacional.<\/p>\n\n\n\n<p>Sabido Santana agradeci\u00f3 a las 34 personas que participaron con sus relatos por la confianza de compartir sus historias de vida.<\/p>\n\n\n\n<figure class=\"wp-block-image size-full\"><img loading=\"lazy\" width=\"768\" height=\"512\" src=\"https:\/\/visionpeninsular.com\/mid\/wp-content\/uploads\/2023\/10\/PRIMER-LUGAR_CODHEY-scaled-1.jpg\" alt=\"\" class=\"wp-image-178898\" srcset=\"https:\/\/visionpeninsular.com\/mid\/wp-content\/uploads\/2023\/10\/PRIMER-LUGAR_CODHEY-scaled-1.jpg 768w, https:\/\/visionpeninsular.com\/mid\/wp-content\/uploads\/2023\/10\/PRIMER-LUGAR_CODHEY-scaled-1-300x200.jpg 300w\" sizes=\"(max-width: 768px) 100vw, 768px\" \/><\/figure>\n\n\n\n<p>El primer lugar se otorg\u00f3 a Rosa Elena Ram\u00edrez Gurubel por su relato titulado \u00abRa\u00fales\u00bb, en el cual narra las necesidades que enfrenta su jardinero llamado Ra\u00fal.<\/p>\n\n\n\n<p>\u00c9l es una persona con una condici\u00f3n de salud mental rechazado por la sociedad debido a su apariencia.<\/p>\n\n\n\n<p>Esto le impide la oportunidad de demostrar que es un gran jardinero y una persona muy trabajadora.<\/p>\n\n\n\n<figure class=\"wp-block-image size-full\"><img loading=\"lazy\" width=\"768\" height=\"512\" src=\"https:\/\/visionpeninsular.com\/mid\/wp-content\/uploads\/2023\/10\/SEGUNDO-LUGAR_CODHEY-scaled-1.jpg\" alt=\"\" class=\"wp-image-178899\" srcset=\"https:\/\/visionpeninsular.com\/mid\/wp-content\/uploads\/2023\/10\/SEGUNDO-LUGAR_CODHEY-scaled-1.jpg 768w, https:\/\/visionpeninsular.com\/mid\/wp-content\/uploads\/2023\/10\/SEGUNDO-LUGAR_CODHEY-scaled-1-300x200.jpg 300w\" sizes=\"(max-width: 768px) 100vw, 768px\" \/><\/figure>\n\n\n\n<p>El segundo lugar fue para Mario Orlando Marrufo Manzano, autor de \u201cTal Vez\u201d. En este relato, Mario narra su lucha contra la depresi\u00f3n y el aislamiento, as\u00ed como su proceso de recuperaci\u00f3n f\u00edsica, mental y espiritual.<\/p>\n\n\n\n<figure class=\"wp-block-image size-full\"><img loading=\"lazy\" width=\"768\" height=\"512\" src=\"https:\/\/visionpeninsular.com\/mid\/wp-content\/uploads\/2023\/10\/TERCER-LUGAR_CODHEY-scaled-1.jpg\" alt=\"\" class=\"wp-image-178900\" srcset=\"https:\/\/visionpeninsular.com\/mid\/wp-content\/uploads\/2023\/10\/TERCER-LUGAR_CODHEY-scaled-1.jpg 768w, https:\/\/visionpeninsular.com\/mid\/wp-content\/uploads\/2023\/10\/TERCER-LUGAR_CODHEY-scaled-1-300x200.jpg 300w\" sizes=\"(max-width: 768px) 100vw, 768px\" \/><\/figure>\n\n\n\n<p>El tercer sitio fue para Sanry Marrufo Corrales, cuyo relato \u00abSaldo a favor\u00bb invita a las personas a aceptar los cambios que llegan con los a\u00f1os de manera positiva.<\/p>\n\n\n\n<p><strong>Relatos con Menci\u00f3n Honor\u00edfica<\/strong><\/p>\n\n\n\n<p>La Primera Menci\u00f3n Honor\u00edfica se otorg\u00f3 a Susana Dunzelmann Roig por su relato \u00abEl derecho a recuperar la verdadera identidad\u00bb.<\/p>\n\n\n\n<figure class=\"wp-block-image size-full\"><img loading=\"lazy\" width=\"768\" height=\"512\" src=\"https:\/\/visionpeninsular.com\/mid\/wp-content\/uploads\/2023\/10\/MENCION-HONORIFICA_CODHEY-scaled-1.jpg\" alt=\"\" class=\"wp-image-178901\" srcset=\"https:\/\/visionpeninsular.com\/mid\/wp-content\/uploads\/2023\/10\/MENCION-HONORIFICA_CODHEY-scaled-1.jpg 768w, https:\/\/visionpeninsular.com\/mid\/wp-content\/uploads\/2023\/10\/MENCION-HONORIFICA_CODHEY-scaled-1-300x200.jpg 300w\" sizes=\"(max-width: 768px) 100vw, 768px\" \/><\/figure>\n\n\n\n<p>Es un tributo a las personas desaparecidas en Argentina y al incansable trabajo de las \u00abMadres y Abuelas de la Plaza de Mayo\u00bb. Esta experiencia se asemeja a la lucha de las \u00abMadres Buscadoras\u00bb en M\u00e9xico.<\/p>\n\n\n\n<p>Ambos grupos comparten la firme determinaci\u00f3n de buscar la verdad, la justicia y mantener viva la memoria, asegur\u00e1ndose de que sus seres queridos nunca sean olvidados.<\/p>\n\n\n\n<figure class=\"wp-block-image size-full\"><img loading=\"lazy\" width=\"768\" height=\"512\" src=\"https:\/\/visionpeninsular.com\/mid\/wp-content\/uploads\/2023\/10\/MENCION-HONORIFICA-scaled-1.jpg\" alt=\"\" class=\"wp-image-178902\" srcset=\"https:\/\/visionpeninsular.com\/mid\/wp-content\/uploads\/2023\/10\/MENCION-HONORIFICA-scaled-1.jpg 768w, https:\/\/visionpeninsular.com\/mid\/wp-content\/uploads\/2023\/10\/MENCION-HONORIFICA-scaled-1-300x200.jpg 300w\" sizes=\"(max-width: 768px) 100vw, 768px\" \/><\/figure>\n\n\n\n<p>La Segunda Menci\u00f3n Honor\u00edfica se otorg\u00f3 a Jos\u00e9 Carrillo K\u00fa, autor de, \u00abU K\u2019A\u2019AJSAJIL IN KAAJAL\u00bb (La historia de mi vida).<\/p>\n\n\n\n<p>Es un conmovedor texto que narra su infancia y adolescencia en Peto.<\/p>\n\n\n\n<p>Resalta de manera impactante la carencia de oportunidades que enfrentaban las personas con discapacidad en esa \u00e9poca.<\/p>\n\n\n\n<p>Integrantes del jurado coincidieron en que los participantes hicieron un llamado a ser tomados en cuenta y dejar de ser invisibles.<\/p>\n\n\n\n<p>Igualmente expresaron sus emociones para dar voz a las situaciones que viven, tales como el prejuicio y la discriminaci\u00f3n que los excluye de la sociedad.<\/p>\n\n\n\n<p>Al finalizar, Susy Pasos Alpuche subray\u00f3 la importancia que tiene el Concurso de Relatos para Personas Mayores<\/p>\n\n\n\n<p>Se convierte en una oportunidad para visibilizar la lucha de las personas mayores y la promoci\u00f3n de sus derechos.<\/p>\n\n\n\n<p>Bolet\u00edn de Prensa<\/p>\n<div class='share-to-whatsapp-wrapper'><div class='share-on-whsp'>Share on: <\/div><a data-text='Premian por relatos sobre los derechos de las personas mayores' data-link='https:\/\/visionpeninsular.com\/mid\/premian-por-relatos-sobre-los-derechos-de-las-personas-mayores\/' class='whatsapp-button whatsapp-share'>WhatsApp<\/a><div class='clear '><\/div><\/div>","protected":false},"excerpt":{"rendered":"<p>La Comisi\u00f3n de Derechos Humanos del Estado de Yucat\u00e1n premi\u00f3 a las personas ganadoras del 4\u00ba Concurso de Relatos sobre los Derechos de las Personas Mayores \u201cMis Relatos son el reflejo de mis Derechos\u201d, donde las y los participantes alzaron la voz para exponer las necesidades que enfrentan d\u00eda y su lucha por la aceptaci\u00f3n &hellip;<\/p>\n","protected":false},"author":5,"featured_media":178897,"comment_status":"open","ping_status":"open","sticky":false,"template":"","format":"standard","meta":{"_mi_skip_tracking":false},"categories":[49,37],"tags":[468,38974,38975],"_links":{"self":[{"href":"https:\/\/visionpeninsular.com\/mid\/wp-json\/wp\/v2\/posts\/178895"}],"collection":[{"href":"https:\/\/visionpeninsular.com\/mid\/wp-json\/wp\/v2\/posts"}],"about":[{"href":"https:\/\/visionpeninsular.com\/mid\/wp-json\/wp\/v2\/types\/post"}],"author":[{"embeddable":true,"href":"https:\/\/visionpeninsular.com\/mid\/wp-json\/wp\/v2\/users\/5"}],"replies":[{"embeddable":true,"href":"https:\/\/visionpeninsular.com\/mid\/wp-json\/wp\/v2\/comments?post=178895"}],"version-history":[{"count":1,"href":"https:\/\/visionpeninsular.com\/mid\/wp-json\/wp\/v2\/posts\/178895\/revisions"}],"predecessor-version":[{"id":178903,"href":"https:\/\/visionpeninsular.com\/mid\/wp-json\/wp\/v2\/posts\/178895\/revisions\/178903"}],"wp:featuredmedia":[{"embeddable":true,"href":"https:\/\/visionpeninsular.com\/mid\/wp-json\/wp\/v2\/media\/178897"}],"wp:attachment":[{"href":"https:\/\/visionpeninsular.com\/mid\/wp-json\/wp\/v2\/media?parent=178895"}],"wp:term":[{"taxonomy":"category","embeddable":true,"href":"https:\/\/visionpeninsular.com\/mid\/wp-json\/wp\/v2\/categories?post=178895"},{"taxonomy":"post_tag","embeddable":true,"href":"https:\/\/visionpeninsular.com\/mid\/wp-json\/wp\/v2\/tags?post=178895"}],"curies":[{"name":"wp","href":"https:\/\/api.w.org\/{rel}","templated":true}]}}