{"id":178592,"date":"2023-10-14T21:16:11","date_gmt":"2023-10-15T02:16:11","guid":{"rendered":"https:\/\/visionpeninsular.com\/mid\/?p=178592"},"modified":"2023-10-14T21:16:13","modified_gmt":"2023-10-15T02:16:13","slug":"boleros-y-romances-este-domingo-en-el-teatro-armando-manzanero","status":"publish","type":"post","link":"https:\/\/visionpeninsular.com\/mid\/boleros-y-romances-este-domingo-en-el-teatro-armando-manzanero\/","title":{"rendered":"Boleros y Romances este domingo en el teatro Armando Manzanero"},"content":{"rendered":"\n<p>M\u00e1s de 30 bailarines del Ballet Danseurs estar\u00e1n el domingo 15 de octubre en el teatro \u201cArmando Manzanero\u201d, como parte del Oto\u00f1o Cultural 2023, para el espect\u00e1culo Boleros y Romances, una noche de danza, que conjuga la delicadeza de la disciplina con las piezas musicales.<\/p>\n\n\n\n<p><strong>Noches de boleros y baladas en el Armando Manzanero<\/strong><\/p>\n\n\n\n<p>Esa noche nos regalan los m\u00e1s famosos boleros y baladas del repertorio local y nacional, mediante coreograf\u00edas grupales, tr\u00edos, duetos y solistas dirigidas por Montserrat Castellanos y Mabel Pav\u00eda, se evocar\u00e1n emociones de amor y desamor. La cita ser\u00e1 a las 20:00 horas en el teatro Armando Manzanero.<\/p>\n\n\n\n<p>El Ciclo de Guitarra Cl\u00e1sica \u201cJuan Helguera\u201d 2023, contin\u00faa con la participaci\u00f3n del m\u00fasico Jorge Herrera, en el teatro \u201cFelipe Carrillo Puerto\u201d, a las 11:00. Al mismo tiempo, en el Gran Museo del Mundo Maya, se llevar\u00e1 a cabo La Vieja Pobreza, del Grupo de Teatro Comunitario Chan Dzunu\u00b4\u00fan de Oxkutzcab, de Mar\u00eda Luisa G\u00f3ngora, enmarcado en el Ciclo en lengua maya Ti\u2019 yaano\u2019on te\u2019 lu\u2019uma uti\u2019al ilik le eek\u2019o\u2019obo\u2019 (Estamos en la tierra para mirar las estrellas).<\/p>\n\n\n\n<p>En el mismo lugar, pero al mediod\u00eda, Juumil Moots dar\u00e1 a conocer su proyecto Lengua maya ancestral \u2013 Sonido contempor\u00e1neo, una etnofusi\u00f3n que combina ritmos como el rock, reggae, balada y cumbia con una mezcla de sonidos electr\u00f3nicos y tradicionales.<\/p>\n\n\n\n<p>Como parte de la jornada dominical se tendr\u00e1n otros dos eventos a las 12:00, uno a cargo del Cuarteto con Piano Orpheus, integrado por Irina Decheva, Iliana Stefanova Nikolay Dimitros y Veselin Dechev, en el piano, viol\u00edn, viola y violonchelo, respectivamente que presentar\u00e1n el programa Contrastes Musicales, en el Palacio de la M\u00fasica \u2013 Centro Nacional de la M\u00fasica Mexicana.<\/p>\n\n\n\n<p><strong>Momo, de la Jornada de Arte y Discapacidad<\/strong><\/p>\n\n\n\n<p>El otro es Momo, original de Salvador Lemis, que T\u00edtereplanet llevar\u00e1 a escena con las actuaciones de Yenny \u00c1vila y Teo Flores, bajo la direcci\u00f3n de Jes\u00fas Molina, en el teatro \u201cDaniel Ayala P\u00e9rez\u201d. La funci\u00f3n forma parte de la Jornada de Arte y Discapacidad. En ella Momo y su amigo Gigi Girolamo, transportar\u00e1n a los espectadores al encuentro y reconocimiento de s\u00ed mismos a trav\u00e9s de un aleg\u00f3rico personaje.<\/p>\n\n\n\n<p>Las actividades continuar\u00e1n por la noche, a las 19:00, la cartelera marca tres actividades, Jazz Proyect, de Alberto Palomo, que presentar\u00e1 La clef de vout, en la Plaza City 32 de la colonia Fundura Montebello. La propuesta surge del inter\u00e9s de su autor por establecer una agrupaci\u00f3n que no solo sea s\u00f3lida e independiente desde su formaci\u00f3n base como tr\u00edo, sino que tambi\u00e9n sea capaz de proporcionar un soporte de acompa\u00f1amiento.<\/p>\n\n\n\n<p><strong>Obra infantil \u00c9rase una vez un pr\u00edncipe<\/strong><\/p>\n\n\n\n<p>Por su parte Manuel David se presentar\u00e1 con lo obra infantil \u00c9rase una vez un pr\u00edncipe, en el \u201cDaniel Ayala\u201d, en la que celebrar\u00e1 100 a\u00f1os de Disney acompa\u00f1ado de las cantantes Morita y Stephanie Sol\u00eds; mientras que en la Palacio de la M\u00fasica, Trovanova e Iv\u00e1n Niquete encabezan Recordando a Mozu \u201cLa Voz\u201d, donde tambi\u00e9n intervendr\u00e1n Pepe Blanco, Maril\u00fa Basulto, Beatriz Cervera y Jes\u00fas Armando, para rememorar al fallecido int\u00e9rprete Lorenzo N\u00fa\u00f1ez Zapata.<\/p>\n\n\n\n<p>El lunes 16, en el Refettorio M\u00e9rida, a las 10:00, estar\u00e1 el Tr\u00edo Arm\u00f3nicos, de la Uni\u00f3n de Trovadores Profesionales \u201cPastor Cervera\u201d como parte de la iniciativa La trova nuestra. Por la noche, a las 20:00, en el teatro \u201cArmando Manzanero\u201d, se tendr\u00e1 la funci\u00f3n de la obra titulada Wilma, con autor\u00eda, direcci\u00f3n e interpretaci\u00f3n de Itzhel Razo, actriz y bailarina, de la Compa\u00f1\u00eda Porta Teatro.<\/p>\n\n\n\n<p>Dicha producci\u00f3n, que cuenta con el est\u00edmulo Efiartes y se repetir\u00e1 el 17 a la misma hora y espacio. La historia narra la vida de una ni\u00f1a que crece como extranjera en su propia tierra, aislada por el racismo y clasismo impuesto por su abuela, quien le proh\u00edbe aprender el maya y juntarse con mayahablantes.<\/p>\n\n\n\n<p>Asimismo, el cantante Marco Mendoza ha preparado el concierto De M\u00e9xico a Buenos Aires, que incluye un repertorio de canciones latinoamericanas pop que marcan en orden geogr\u00e1fico la ruta continental desde esas dos ciudades. El lugar ser\u00e1 el Palacio de la M\u00fasica, a las 21:00.<\/p>\n\n\n\n<p>Consulta la programaci\u00f3n del Oto\u00f1o Cultural 2023, de la Secretar\u00eda de la Cultura y las Artes (Sedeculta), en la p\u00e1gina de la dependencia estatal cultura.yucatan.gob.mx y las redes sociales de Facebook, Instagram y Twitter.<\/p>\n<div class='share-to-whatsapp-wrapper'><div class='share-on-whsp'>Share on: <\/div><a data-text='Boleros y Romances este domingo en el teatro Armando Manzanero' data-link='https:\/\/visionpeninsular.com\/mid\/boleros-y-romances-este-domingo-en-el-teatro-armando-manzanero\/' class='whatsapp-button whatsapp-share'>WhatsApp<\/a><div class='clear '><\/div><\/div>","protected":false},"excerpt":{"rendered":"<p>M\u00e1s de 30 bailarines del Ballet Danseurs estar\u00e1n el domingo 15 de octubre en el teatro \u201cArmando Manzanero\u201d, como parte del Oto\u00f1o Cultural 2023, para el espect\u00e1culo Boleros y Romances, una noche de danza, que conjuga la delicadeza de la disciplina con las piezas musicales. Noches de boleros y baladas en el Armando Manzanero Esa &hellip;<\/p>\n","protected":false},"author":5,"featured_media":178594,"comment_status":"open","ping_status":"open","sticky":false,"template":"","format":"standard","meta":{"_mi_skip_tracking":false},"categories":[50,37],"tags":[38860,38859,1557],"_links":{"self":[{"href":"https:\/\/visionpeninsular.com\/mid\/wp-json\/wp\/v2\/posts\/178592"}],"collection":[{"href":"https:\/\/visionpeninsular.com\/mid\/wp-json\/wp\/v2\/posts"}],"about":[{"href":"https:\/\/visionpeninsular.com\/mid\/wp-json\/wp\/v2\/types\/post"}],"author":[{"embeddable":true,"href":"https:\/\/visionpeninsular.com\/mid\/wp-json\/wp\/v2\/users\/5"}],"replies":[{"embeddable":true,"href":"https:\/\/visionpeninsular.com\/mid\/wp-json\/wp\/v2\/comments?post=178592"}],"version-history":[{"count":1,"href":"https:\/\/visionpeninsular.com\/mid\/wp-json\/wp\/v2\/posts\/178592\/revisions"}],"predecessor-version":[{"id":178595,"href":"https:\/\/visionpeninsular.com\/mid\/wp-json\/wp\/v2\/posts\/178592\/revisions\/178595"}],"wp:featuredmedia":[{"embeddable":true,"href":"https:\/\/visionpeninsular.com\/mid\/wp-json\/wp\/v2\/media\/178594"}],"wp:attachment":[{"href":"https:\/\/visionpeninsular.com\/mid\/wp-json\/wp\/v2\/media?parent=178592"}],"wp:term":[{"taxonomy":"category","embeddable":true,"href":"https:\/\/visionpeninsular.com\/mid\/wp-json\/wp\/v2\/categories?post=178592"},{"taxonomy":"post_tag","embeddable":true,"href":"https:\/\/visionpeninsular.com\/mid\/wp-json\/wp\/v2\/tags?post=178592"}],"curies":[{"name":"wp","href":"https:\/\/api.w.org\/{rel}","templated":true}]}}