{"id":178570,"date":"2023-10-13T20:08:59","date_gmt":"2023-10-14T01:08:59","guid":{"rendered":"https:\/\/visionpeninsular.com\/mid\/?p=178570"},"modified":"2023-10-13T20:09:00","modified_gmt":"2023-10-14T01:09:00","slug":"sentenciado-a-mas-de-12-anos-de-prision-por-intento-de-feminicidio","status":"publish","type":"post","link":"https:\/\/visionpeninsular.com\/mid\/sentenciado-a-mas-de-12-anos-de-prision-por-intento-de-feminicidio\/","title":{"rendered":"Sentenciado a m\u00e1s de 12 a\u00f1os de prisi\u00f3n por intento de feminicidio"},"content":{"rendered":"\n<p>En un procedimiento de juicio abreviado, J.F.M.C. fue declarado penalmente responsable del delito de feminicidio agravado en grado de tentativa y sentenciado a 12 a\u00f1os y seis meses de prisi\u00f3n, al confirmarse su responsabilidad en los hechos ocurridos el mes de enero de 2023 en agravio de su pareja sentimental en su domicilio ubicado en Caucel Pueblo, comisar\u00eda de M\u00e9rida.<\/p>\n\n\n\n<p>Tras contar con la anuencia de las partes, la Fiscal\u00eda General del Estado (FGE) se encarg\u00f3 de aportar los datos y elementos de prueba reunidos en la causa penal 31\/2023, los cuales fueron suficientes para comprobar la responsabilidad del acusado en los hechos denunciados.<\/p>\n\n\n\n<p>En la audiencia celebrada en el Centro de Justicia Oral de M\u00e9rida, la Juez Segunda de Control del Primer Distrito Judicial, tras otorgar el fallo condenatorio y sentenciar al acusado a la pena privativa de la libertad; tambi\u00e9n le impuso al encausado una multa de 250 UMAS, recibir amonestaci\u00f3n p\u00fablica, se le suspendieron sus derechos pol\u00edticos y deber\u00e1 realizar el pago de la reparaci\u00f3n del da\u00f1o durante la ejecuci\u00f3n de la sentencia.<\/p>\n\n\n\n<p>Cabe recordar que durante la etapa inicial del proceso, esta representaci\u00f3n social estableci\u00f3 que los hechos ocurrieron el 28 de enero pasado, en horas de la noche en el domicilio que compart\u00eda la v\u00edctima y el sentenciado, donde el hoy condenado empez\u00f3 a insultar&nbsp; y golpear a la mujer, para despu\u00e9s tomar un cuchillo y lesionarla con \u00e9ste, pero no logr\u00f3 su objetivo, porque la v\u00edctima se encontraba hablando con su hija por tel\u00e9fono y \u00e9sta advirti\u00f3 por el altavoz del celular que hab\u00eda llamado a la polic\u00eda y que ya estaban en camino, por lo que el acusado sali\u00f3 huyendo del lugar.<\/p>\n<div class='share-to-whatsapp-wrapper'><div class='share-on-whsp'>Share on: <\/div><a data-text='Sentenciado a m\u00e1s de 12 a\u00f1os de prisi\u00f3n por intento de feminicidio' data-link='https:\/\/visionpeninsular.com\/mid\/sentenciado-a-mas-de-12-anos-de-prision-por-intento-de-feminicidio\/' class='whatsapp-button whatsapp-share'>WhatsApp<\/a><div class='clear '><\/div><\/div>","protected":false},"excerpt":{"rendered":"<p>En un procedimiento de juicio abreviado, J.F.M.C. fue declarado penalmente responsable del delito de feminicidio agravado en grado de tentativa y sentenciado a 12 a\u00f1os y seis meses de prisi\u00f3n, al confirmarse su responsabilidad en los hechos ocurridos el mes de enero de 2023 en agravio de su pareja sentimental en su domicilio ubicado en &hellip;<\/p>\n","protected":false},"author":5,"featured_media":178572,"comment_status":"open","ping_status":"open","sticky":false,"template":"","format":"standard","meta":{"_mi_skip_tracking":false},"categories":[50,37],"tags":[666,38854],"_links":{"self":[{"href":"https:\/\/visionpeninsular.com\/mid\/wp-json\/wp\/v2\/posts\/178570"}],"collection":[{"href":"https:\/\/visionpeninsular.com\/mid\/wp-json\/wp\/v2\/posts"}],"about":[{"href":"https:\/\/visionpeninsular.com\/mid\/wp-json\/wp\/v2\/types\/post"}],"author":[{"embeddable":true,"href":"https:\/\/visionpeninsular.com\/mid\/wp-json\/wp\/v2\/users\/5"}],"replies":[{"embeddable":true,"href":"https:\/\/visionpeninsular.com\/mid\/wp-json\/wp\/v2\/comments?post=178570"}],"version-history":[{"count":1,"href":"https:\/\/visionpeninsular.com\/mid\/wp-json\/wp\/v2\/posts\/178570\/revisions"}],"predecessor-version":[{"id":178573,"href":"https:\/\/visionpeninsular.com\/mid\/wp-json\/wp\/v2\/posts\/178570\/revisions\/178573"}],"wp:featuredmedia":[{"embeddable":true,"href":"https:\/\/visionpeninsular.com\/mid\/wp-json\/wp\/v2\/media\/178572"}],"wp:attachment":[{"href":"https:\/\/visionpeninsular.com\/mid\/wp-json\/wp\/v2\/media?parent=178570"}],"wp:term":[{"taxonomy":"category","embeddable":true,"href":"https:\/\/visionpeninsular.com\/mid\/wp-json\/wp\/v2\/categories?post=178570"},{"taxonomy":"post_tag","embeddable":true,"href":"https:\/\/visionpeninsular.com\/mid\/wp-json\/wp\/v2\/tags?post=178570"}],"curies":[{"name":"wp","href":"https:\/\/api.w.org\/{rel}","templated":true}]}}