{"id":178454,"date":"2023-10-11T20:26:05","date_gmt":"2023-10-12T01:26:05","guid":{"rendered":"https:\/\/visionpeninsular.com\/mid\/?p=178454"},"modified":"2023-10-11T20:26:07","modified_gmt":"2023-10-12T01:26:07","slug":"homenaje-a-mozu-la-voz-en-el-palacio-de-la-musica","status":"publish","type":"post","link":"https:\/\/visionpeninsular.com\/mid\/homenaje-a-mozu-la-voz-en-el-palacio-de-la-musica\/","title":{"rendered":"Homenaje a Moz\u00fa \u201cLa Voz\u201d en el   Palacio de la M\u00fasica"},"content":{"rendered":"\n<p>Un justo y merecido homenaje se le rendir\u00e1 al&nbsp; desaparecido cantante Lorenzo N\u00fa\u00f1ez Zapata, conocido en el ambiente art\u00edstico como Moz\u00fa \u201cLa Voz\u201d, quien por m\u00e1s de 40 a\u00f1os con su voz aterciopelada , cantara al amor, a trav\u00e9s de baladas y boleros, para deleite &nbsp;de &nbsp;los p\u00fablicos amantes de estos g\u00e9neros.<\/p>\n\n\n\n<p>Moz\u00fa hizo giras recorriendo todo el pa\u00eds. Cant\u00f3 &nbsp;en los teatros m\u00e1s emblem\u00e1ticos tanto del pa\u00eds como el Teatro Jos\u00e9 Pe\u00f3n Contreras &nbsp;y Daniel Ayala P\u00e9rez en su ciudad natal, &nbsp;M\u00e9rida.<\/p>\n\n\n\n<figure class=\"wp-block-image size-full\"><img loading=\"lazy\" width=\"400\" height=\"334\" src=\"https:\/\/visionpeninsular.com\/mid\/wp-content\/uploads\/2023\/10\/mozu-lorenzo.jpg\" alt=\"\" class=\"wp-image-178457\" srcset=\"https:\/\/visionpeninsular.com\/mid\/wp-content\/uploads\/2023\/10\/mozu-lorenzo.jpg 400w, https:\/\/visionpeninsular.com\/mid\/wp-content\/uploads\/2023\/10\/mozu-lorenzo-300x251.jpg 300w\" sizes=\"(max-width: 400px) 100vw, 400px\" \/><\/figure>\n\n\n\n<p>Aunque ya \u00e9l no est\u00e1 f\u00edsicamente, nos ha dejado el recuerdo de su hermosa voz en 8 grabaciones con una selecci\u00f3n de las m\u00e1s bellas canciones de su repertorio.<\/p>\n\n\n\n<p>El homenaje tendr\u00e1 lugar en la Sala de Conciertos del Palacio de la M\u00fasica, este pr\u00f3ximo domingo 15 de octubre a las 7 de la noche<\/p>\n\n\n\n<p>Entrada Libre<\/p>\n<div class='share-to-whatsapp-wrapper'><div class='share-on-whsp'>Share on: <\/div><a data-text='Homenaje a Moz\u00fa \u201cLa Voz\u201d en el   Palacio de la M\u00fasica' data-link='https:\/\/visionpeninsular.com\/mid\/homenaje-a-mozu-la-voz-en-el-palacio-de-la-musica\/' class='whatsapp-button whatsapp-share'>WhatsApp<\/a><div class='clear '><\/div><\/div>","protected":false},"excerpt":{"rendered":"<p>Un justo y merecido homenaje se le rendir\u00e1 al&nbsp; desaparecido cantante Lorenzo N\u00fa\u00f1ez Zapata, conocido en el ambiente art\u00edstico como Moz\u00fa \u201cLa Voz\u201d, quien por m\u00e1s de 40 a\u00f1os con su voz aterciopelada , cantara al amor, a trav\u00e9s de baladas y boleros, para deleite &nbsp;de &nbsp;los p\u00fablicos amantes de estos g\u00e9neros. Moz\u00fa hizo giras &hellip;<\/p>\n","protected":false},"author":5,"featured_media":178456,"comment_status":"open","ping_status":"open","sticky":false,"template":"","format":"standard","meta":{"_mi_skip_tracking":false},"categories":[50,37],"tags":[38813,9585],"_links":{"self":[{"href":"https:\/\/visionpeninsular.com\/mid\/wp-json\/wp\/v2\/posts\/178454"}],"collection":[{"href":"https:\/\/visionpeninsular.com\/mid\/wp-json\/wp\/v2\/posts"}],"about":[{"href":"https:\/\/visionpeninsular.com\/mid\/wp-json\/wp\/v2\/types\/post"}],"author":[{"embeddable":true,"href":"https:\/\/visionpeninsular.com\/mid\/wp-json\/wp\/v2\/users\/5"}],"replies":[{"embeddable":true,"href":"https:\/\/visionpeninsular.com\/mid\/wp-json\/wp\/v2\/comments?post=178454"}],"version-history":[{"count":1,"href":"https:\/\/visionpeninsular.com\/mid\/wp-json\/wp\/v2\/posts\/178454\/revisions"}],"predecessor-version":[{"id":178458,"href":"https:\/\/visionpeninsular.com\/mid\/wp-json\/wp\/v2\/posts\/178454\/revisions\/178458"}],"wp:featuredmedia":[{"embeddable":true,"href":"https:\/\/visionpeninsular.com\/mid\/wp-json\/wp\/v2\/media\/178456"}],"wp:attachment":[{"href":"https:\/\/visionpeninsular.com\/mid\/wp-json\/wp\/v2\/media?parent=178454"}],"wp:term":[{"taxonomy":"category","embeddable":true,"href":"https:\/\/visionpeninsular.com\/mid\/wp-json\/wp\/v2\/categories?post=178454"},{"taxonomy":"post_tag","embeddable":true,"href":"https:\/\/visionpeninsular.com\/mid\/wp-json\/wp\/v2\/tags?post=178454"}],"curies":[{"name":"wp","href":"https:\/\/api.w.org\/{rel}","templated":true}]}}