{"id":178388,"date":"2023-10-10T19:31:59","date_gmt":"2023-10-11T00:31:59","guid":{"rendered":"https:\/\/visionpeninsular.com\/mid\/?p=178388"},"modified":"2023-10-10T19:32:00","modified_gmt":"2023-10-11T00:32:00","slug":"renan-barrera-comprometido-con-el-trabajo-de-la-cruz-roja-mexicana","status":"publish","type":"post","link":"https:\/\/visionpeninsular.com\/mid\/renan-barrera-comprometido-con-el-trabajo-de-la-cruz-roja-mexicana\/","title":{"rendered":"Ren\u00e1n Barrera comprometido con el trabajo de la Cruz Roja Mexicana"},"content":{"rendered":"\n<ul><li><strong><em>El alcalde toma protesta a la nueva directiva de la Cruz Roja Mexicana Delegaci\u00f3n M\u00e9rida, donde se comprometi\u00f3 a continuar colaborando con esta noble instituci\u00f3n.<\/em><\/strong><\/li><\/ul>\n\n\n\n<p>Para mantener la sinergia de apoyo a quienes necesitan de atenci\u00f3n m\u00e9dica pre hospitalaria, el Alcalde Ren\u00e1n Barrera Concha reafirm\u00f3 su compromiso de continuar trabajando y colaborando con la Cruz Roja Mexicana Delegaci\u00f3n M\u00e9rida.<\/p>\n\n\n\n<p>Acompa\u00f1ado de su esposa y presidenta del DIF M\u00e9rida, Diana Castillo Laviada, el Presidente Municipal encabez\u00f3 la ceremonia de toma de protesta a Mario Arturo Molina Esquivel como nuevo Presidente de la Delegaci\u00f3n M\u00e9rida de la Cruz Roja Mexicana y las y los integrantes de la directiva para el per\u00edodo 2023-2025, donde resalt\u00f3 la notable labor que realiza la instituci\u00f3n para brindar atenci\u00f3n a quien m\u00e1s lo necesita.<\/p>\n\n\n\n<p>\u201cSi hay algo que distingue a la Cruz Roja y al Ayuntamiento de M\u00e9rida es la coordinaci\u00f3n para atender a las familias, especialmente, aquellas en situaci\u00f3n de vulnerabilidad, as\u00ed como a\u00f1o con a\u00f1o reafirmar la cooperaci\u00f3n entre ambas instituciones para cuidar la salud de las y los habitantes\u201d, expres\u00f3.<\/p>\n\n\n\n<figure class=\"wp-block-image size-full\"><img loading=\"lazy\" width=\"600\" height=\"362\" src=\"https:\/\/visionpeninsular.com\/mid\/wp-content\/uploads\/2023\/10\/habitantes-expreso.jpg\" alt=\"\" class=\"wp-image-178391\" srcset=\"https:\/\/visionpeninsular.com\/mid\/wp-content\/uploads\/2023\/10\/habitantes-expreso.jpg 600w, https:\/\/visionpeninsular.com\/mid\/wp-content\/uploads\/2023\/10\/habitantes-expreso-300x181.jpg 300w\" sizes=\"(max-width: 600px) 100vw, 600px\" \/><\/figure>\n\n\n\n<p>Record\u00f3 que, de manera conjunta, realizaron en diciembre del a\u00f1o pasado las jornadas de capacitaci\u00f3n en primeros auxilios dirigidos a los prestadores de servicios tur\u00edsticos y comerciales, afiliados a las C\u00e1maras Nacional de Comercio, Servicios y Turismo de M\u00e9rida (CANACO), de la Industria Restaurantera (CANIRAC) y a la Asociaci\u00f3n Mexicana de Hoteles de Yucat\u00e1n (AMHY).<\/p>\n\n\n\n<p>Mencion\u00f3 que, gracias a la colaboraci\u00f3n con la Cruz Roja, la Polic\u00eda Municipal de M\u00e9rida, Guarda parques y trabajadores del \u00e1rea de Servicios P\u00fablicos Municipales tambi\u00e9n participaron en un programa de primeros auxilios para ofrecer una mejor atenci\u00f3n y garantizar la seguridad de las y los ciudadanos en los espacios p\u00fablicos, mercados y parques de M\u00e9rida y sus comisar\u00edas.<\/p>\n\n\n\n<p>Destac\u00f3 que estas jornadas de capacitaci\u00f3n compuesta de 70 cursos disponibles se extender\u00e1 hasta agosto de 2024, beneficiando directamente a 1,400 trabajadoras y trabajadores, quienes recibir\u00e1n una constancia con validez ante la Secretar\u00eda del Trabajo y Previsi\u00f3n Social y Protecci\u00f3n Civil.<\/p>\n\n\n\n<p>Asimismo, a\u00f1adi\u00f3 que, en julio pasado, el Hospital de Ortopedia de la Cruz Roja Mexicana delegaci\u00f3n Yucat\u00e1n y la Direcci\u00f3n de Salud y Bienestar Social del Ayuntamiento firmaron un convenio de colaboraci\u00f3n interinstitucional, para que los estudiantes de psicolog\u00eda de las escuelas de M\u00e9rida realicen su servicio social y pr\u00e1cticas profesionales en la instituci\u00f3n.<\/p>\n\n\n\n<p>Por su parte, la Delegada Estatal de la Cruz Roja en Yucat\u00e1n, Michelle Byrne de Rodr\u00edguez, refrend\u00f3 el compromiso de continuar con la misi\u00f3n prevenir y aliviar el sufrimiento humano, difundir una cultura de paz y respetar y proteger la salud y la vida de todas y todos sin distinci\u00f3n alguna.<\/p>\n\n\n\n<p>Asimismo, destac\u00f3 que se buscar\u00e1 brindar m\u00e1s servicios de emergencia a las familias que los necesiten, otorgar m\u00e1s capacitaci\u00f3n a las comunidades en situaci\u00f3n vulnerable y continuar ayudando en los desastres que se presenten en la ciudad y sus comisar\u00edas.<\/p>\n\n\n\n<p>Tras la entrega de nombramiento y la colocaci\u00f3n del distintivo de la Cruz Roja Mexicana a los miembros del Consejo por parte de la Consejera Nacional, Byrne de Rodr\u00edguez y las autoridades, el presidente entrante, Mario Molina Esquivel agradeci\u00f3 la confianza depositada para desarrollar tan honrosa labor a favor de la sociedad, ya que el deseo de servir y ayudar permite disminuir las diferencias y desigualdades.<\/p>\n\n\n\n<p>Adem\u00e1s, hizo un reconocimiento a los m\u00e9dicos, a las enfermeras y a los socorristas, porque ser h\u00e9roes an\u00f3nimos que velan por la salud y el bienestar de quienes m\u00e1s lo necesitan.<\/p>\n\n\n\n<p>Por su parte, Javier Evia G\u00f3ngora, Presidente saliente de la Cruz Roja Delegaci\u00f3n M\u00e9rida agradeci\u00f3 al Alcalde Ren\u00e1n Barrera Concha por el apoyo econ\u00f3mico que le ha brindado el Ayuntamiento a la benem\u00e9rita instituci\u00f3n en las administraciones municipales que ha encabezado.<\/p>\n\n\n\n<p>\u201cAgradecemos al Alcalde por trabajar junto con nosotros, m\u00e1s que somos una instituci\u00f3n que no recibe subsidios, sino que funciona gracias a los donativos de la gente y de los gobiernos que, como el tuyo, son sensibles a la labor que realiza la Cruz Roja en favor de los m\u00e1s vulnerables\u201d, refiri\u00f3.<\/p>\n\n\n\n<p>En cuanto a los consejeros entrantes, la nueva directiva est\u00e1 integrada por Mauricio Vales Casares como vicepresidente; como secretario, Fernando Rojas S\u00e1nchez; tesorero Juan Fernando Barraza Pedro y los vocales, Nicholas Anthony Neville Anderson, Carlos Enrique Monroy Abunader, Otto David Peniche Arg\u00e1ez, Jos\u00e9 Enrique Molina Casares, Mauricio Aguiar Dom\u00ednguez, Cristian Alejandro Olvera Albores y Francisco Javier \u00c1ngel Moreno Garc\u00eda.<\/p>\n\n\n\n<p>Estuvieron en la ceremonia la magistrada Sari Eugenia \u00c1vila Novelo en representaci\u00f3n del Poder Judicial del Estado de Yucat\u00e1n; Mar\u00eda Teresa Boehm Calero, directora del DIF Yucat\u00e1n en representaci\u00f3n del Gobernador del Estado Mauricio Vila Dosal; la diputada Manuela Cocom Bolio; as\u00ed como ex presidentas y presidentes y representantes de instituciones.<\/p>\n<div class='share-to-whatsapp-wrapper'><div class='share-on-whsp'>Share on: <\/div><a data-text='Ren\u00e1n Barrera comprometido con el trabajo de la Cruz Roja Mexicana' data-link='https:\/\/visionpeninsular.com\/mid\/renan-barrera-comprometido-con-el-trabajo-de-la-cruz-roja-mexicana\/' class='whatsapp-button whatsapp-share'>WhatsApp<\/a><div class='clear '><\/div><\/div>","protected":false},"excerpt":{"rendered":"<p>El alcalde toma protesta a la nueva directiva de la Cruz Roja Mexicana Delegaci\u00f3n M\u00e9rida, donde se comprometi\u00f3 a continuar colaborando con esta noble instituci\u00f3n. Para mantener la sinergia de apoyo a quienes necesitan de atenci\u00f3n m\u00e9dica pre hospitalaria, el Alcalde Ren\u00e1n Barrera Concha reafirm\u00f3 su compromiso de continuar trabajando y colaborando con la Cruz &hellip;<\/p>\n","protected":false},"author":5,"featured_media":178390,"comment_status":"open","ping_status":"open","sticky":false,"template":"","format":"standard","meta":{"_mi_skip_tracking":false},"categories":[49,37],"tags":[38784,10183,5290,5338],"_links":{"self":[{"href":"https:\/\/visionpeninsular.com\/mid\/wp-json\/wp\/v2\/posts\/178388"}],"collection":[{"href":"https:\/\/visionpeninsular.com\/mid\/wp-json\/wp\/v2\/posts"}],"about":[{"href":"https:\/\/visionpeninsular.com\/mid\/wp-json\/wp\/v2\/types\/post"}],"author":[{"embeddable":true,"href":"https:\/\/visionpeninsular.com\/mid\/wp-json\/wp\/v2\/users\/5"}],"replies":[{"embeddable":true,"href":"https:\/\/visionpeninsular.com\/mid\/wp-json\/wp\/v2\/comments?post=178388"}],"version-history":[{"count":1,"href":"https:\/\/visionpeninsular.com\/mid\/wp-json\/wp\/v2\/posts\/178388\/revisions"}],"predecessor-version":[{"id":178392,"href":"https:\/\/visionpeninsular.com\/mid\/wp-json\/wp\/v2\/posts\/178388\/revisions\/178392"}],"wp:featuredmedia":[{"embeddable":true,"href":"https:\/\/visionpeninsular.com\/mid\/wp-json\/wp\/v2\/media\/178390"}],"wp:attachment":[{"href":"https:\/\/visionpeninsular.com\/mid\/wp-json\/wp\/v2\/media?parent=178388"}],"wp:term":[{"taxonomy":"category","embeddable":true,"href":"https:\/\/visionpeninsular.com\/mid\/wp-json\/wp\/v2\/categories?post=178388"},{"taxonomy":"post_tag","embeddable":true,"href":"https:\/\/visionpeninsular.com\/mid\/wp-json\/wp\/v2\/tags?post=178388"}],"curies":[{"name":"wp","href":"https:\/\/api.w.org\/{rel}","templated":true}]}}