{"id":178055,"date":"2023-10-04T22:26:58","date_gmt":"2023-10-05T03:26:58","guid":{"rendered":"https:\/\/visionpeninsular.com\/mid\/?p=178055"},"modified":"2023-10-04T22:34:13","modified_gmt":"2023-10-05T03:34:13","slug":"yucatan-viviria-inedita-alianza-entre-el-pri-y-el-pan","status":"publish","type":"post","link":"https:\/\/visionpeninsular.com\/mid\/yucatan-viviria-inedita-alianza-entre-el-pri-y-el-pan\/","title":{"rendered":"Yucat\u00e1n vivir\u00eda in\u00e9dita alianza entre el PRI y el PAN"},"content":{"rendered":"\n<p><strong>M\u00e9rida, Yucat\u00e1n a 4 de octubre de 2023<\/strong> &#8211; En el 2024, Yucat\u00e1n vivir\u00eda un hecho sin precedentes,&nbsp; una alianza PRIAN, los eternos rivales que buscan impedir la llegada de Morena al Gobierno.<\/p>\n\n\n\n<p>El alcalde de M\u00e9rida, Ren\u00e1n Barrera Concha confirm\u00f3 que hay voluntad pol\u00edtica para concretar esta in\u00e9dita alianza entre el Partido Revolucionario Institucional (PRI) y el Partido Acci\u00f3n Nacional (PAN), de cara a los comicios del 2024.<\/p>\n\n\n\n<p>Barrera Concha, coordinador del Equipo Yucat\u00e1n y virtual candidato a la gubernatura, reafirm\u00f3 su voluntad pol\u00edtica de construir esta alianza que busca unificar fuerzas para competir en las elecciones del 1 de junio cuando tambi\u00e9n estar\u00e1n en juego los 106 ayuntamientos y 35 diputaciones locales.<\/p>\n\n\n\n<p>La decisi\u00f3n de considerar esta alianza en el estado, ha sorprendido a muchos panistas de cepa, ya que el PRI y el PAN han sido hist\u00f3ricamente dos fuerzas pol\u00edticas opuestas en el espectro pol\u00edtico mexicano, sin embargo, reconocen que hay riesgo de que Morena les arrebate el rumbo de Yucat\u00e1n.<\/p>\n\n\n\n<p>Barrera Concha ha mantenido conversaciones con los 41 alcaldes y alcaldesas del PRI que representan el interior del estado, buscando la mejor estrategia para enfrentar juntos este proceso electoral.<\/p>\n\n\n\n<p>Alejandro Moreno C\u00e1rdenas, presidente nacional del PRI, confirm\u00f3 que este mes se definir\u00e1n las coaliciones en varias entidades del pa\u00eds que renovar\u00e1n gubernaturas, y Yucat\u00e1n no es la excepci\u00f3n.<\/p>\n\n\n\n<p>\u201cCualquier suma es positiva siempre y cuando se garantice que sea beneficiosa para Yucat\u00e1n\u201d, expres\u00f3 el tres veces alcalde de M\u00e9rida.<\/p>\n\n\n\n<p>Esta alianza in\u00e9dita podr\u00eda cambiar dr\u00e1sticamente el panorama pol\u00edtico en Yucat\u00e1n, y las pr\u00f3ximas semanas ser\u00e1n cruciales para determinar los detalles de esta colaboraci\u00f3n pol\u00edtica sin precedentes. Adem\u00e1s, Barrera Concha se\u00f1al\u00f3 que respetar\u00e1 los procesos internos del PRI en su toma de decisiones.<\/p>\n\n\n\n<p>Barrera Concha reiter\u00f3 que continuar\u00e1 en su cargo de alcalde hasta que la ley se lo permita y concluya obras prioritarias para su gobierno municipal como son el Corredor Gastron\u00f3mico de la 47, el Hospital Veterinario y el Centro Municipal de Box.<\/p>\n<div class='share-to-whatsapp-wrapper'><div class='share-on-whsp'>Share on: <\/div><a data-text='Yucat\u00e1n vivir\u00eda in\u00e9dita alianza entre el PRI y el PAN' data-link='https:\/\/visionpeninsular.com\/mid\/yucatan-viviria-inedita-alianza-entre-el-pri-y-el-pan\/' class='whatsapp-button whatsapp-share'>WhatsApp<\/a><div class='clear '><\/div><\/div>","protected":false},"excerpt":{"rendered":"<p>M\u00e9rida, Yucat\u00e1n a 4 de octubre de 2023 &#8211; En el 2024, Yucat\u00e1n vivir\u00eda un hecho sin precedentes,&nbsp; una alianza PRIAN, los eternos rivales que buscan impedir la llegada de Morena al Gobierno. El alcalde de M\u00e9rida, Ren\u00e1n Barrera Concha confirm\u00f3 que hay voluntad pol\u00edtica para concretar esta in\u00e9dita alianza entre el Partido Revolucionario Institucional &hellip;<\/p>\n","protected":false},"author":12,"featured_media":178077,"comment_status":"open","ping_status":"open","sticky":false,"template":"","format":"standard","meta":{"_mi_skip_tracking":false},"categories":[49,50,37],"tags":[4971,38676,157,66],"_links":{"self":[{"href":"https:\/\/visionpeninsular.com\/mid\/wp-json\/wp\/v2\/posts\/178055"}],"collection":[{"href":"https:\/\/visionpeninsular.com\/mid\/wp-json\/wp\/v2\/posts"}],"about":[{"href":"https:\/\/visionpeninsular.com\/mid\/wp-json\/wp\/v2\/types\/post"}],"author":[{"embeddable":true,"href":"https:\/\/visionpeninsular.com\/mid\/wp-json\/wp\/v2\/users\/12"}],"replies":[{"embeddable":true,"href":"https:\/\/visionpeninsular.com\/mid\/wp-json\/wp\/v2\/comments?post=178055"}],"version-history":[{"count":1,"href":"https:\/\/visionpeninsular.com\/mid\/wp-json\/wp\/v2\/posts\/178055\/revisions"}],"predecessor-version":[{"id":178071,"href":"https:\/\/visionpeninsular.com\/mid\/wp-json\/wp\/v2\/posts\/178055\/revisions\/178071"}],"wp:featuredmedia":[{"embeddable":true,"href":"https:\/\/visionpeninsular.com\/mid\/wp-json\/wp\/v2\/media\/178077"}],"wp:attachment":[{"href":"https:\/\/visionpeninsular.com\/mid\/wp-json\/wp\/v2\/media?parent=178055"}],"wp:term":[{"taxonomy":"category","embeddable":true,"href":"https:\/\/visionpeninsular.com\/mid\/wp-json\/wp\/v2\/categories?post=178055"},{"taxonomy":"post_tag","embeddable":true,"href":"https:\/\/visionpeninsular.com\/mid\/wp-json\/wp\/v2\/tags?post=178055"}],"curies":[{"name":"wp","href":"https:\/\/api.w.org\/{rel}","templated":true}]}}