{"id":17790,"date":"2016-12-01T12:49:57","date_gmt":"2016-12-01T18:49:57","guid":{"rendered":"http:\/\/visionpeninsular.com\/mid\/?p=17790"},"modified":"2016-12-01T12:49:57","modified_gmt":"2016-12-01T18:49:57","slug":"prision-preventiva-a-violador-xcunya","status":"publish","type":"post","link":"https:\/\/visionpeninsular.com\/mid\/prision-preventiva-a-violador-xcunya\/","title":{"rendered":"Prisi\u00f3n preventiva a violador de Xcuny\u00e1."},"content":{"rendered":"<p>Una mujer de edad e identidad  reservadas, denunci\u00f3 ante la Fiscal\u00eda General del estado (FGE), que el d\u00eda 13 de noviembre fue v\u00edctima de violaci\u00f3n en un fraccionamiento residencial ubicado sobre la carretera a Xcuny\u00e1.<\/p>\n<p>La v\u00edctima declar\u00f3 que los hechos ocurrieron en unos terrenos urbanizados donde se encontraba y fue atacada por el agresor identificado como Carlos Alfredo M, quien utiliz\u00f3 la fuerza para someterla.<\/p>\n<p>Ante el Juez Segundo de Control del Centro de Justicia Oral de M\u00e9rida (CEJOM), se llev\u00f3 a cabo la audiencia en la cual la FGE decret\u00f3 la imputaci\u00f3n del acusado por su presunta participaci\u00f3n en el delito de violaci\u00f3n denunciado por la v\u00edctima;  de acuerdo a los datos de prueba aportados por la FGE, se permiti\u00f3 a la autoridad judicial decretar la medida cautelar de prisi\u00f3n preventiva hasta la audiencia de vinculaci\u00f3n proceso, programada para el pr\u00f3ximo cinco de diciembre.<\/p>\n<div class='share-to-whatsapp-wrapper'><div class='share-on-whsp'>Share on: <\/div><a data-text='Prisi\u00f3n preventiva a violador de Xcuny\u00e1.' data-link='https:\/\/visionpeninsular.com\/mid\/prision-preventiva-a-violador-xcunya\/' class='whatsapp-button whatsapp-share'>WhatsApp<\/a><div class='clear '><\/div><\/div>","protected":false},"excerpt":{"rendered":"<p>Una mujer de edad e identidad reservadas, denunci\u00f3 ante la Fiscal\u00eda General del estado (FGE), que el d\u00eda 13 de noviembre fue v\u00edctima de violaci\u00f3n en un fraccionamiento residencial ubicado sobre la carretera a Xcuny\u00e1. La v\u00edctima declar\u00f3 que los hechos ocurrieron en unos terrenos urbanizados donde se encontraba y fue atacada por el agresor &hellip;<\/p>\n","protected":false},"author":5,"featured_media":17791,"comment_status":"open","ping_status":"open","sticky":false,"template":"","format":"standard","meta":{"_mi_skip_tracking":false},"categories":[50],"tags":[4143,666,1160,4144],"_links":{"self":[{"href":"https:\/\/visionpeninsular.com\/mid\/wp-json\/wp\/v2\/posts\/17790"}],"collection":[{"href":"https:\/\/visionpeninsular.com\/mid\/wp-json\/wp\/v2\/posts"}],"about":[{"href":"https:\/\/visionpeninsular.com\/mid\/wp-json\/wp\/v2\/types\/post"}],"author":[{"embeddable":true,"href":"https:\/\/visionpeninsular.com\/mid\/wp-json\/wp\/v2\/users\/5"}],"replies":[{"embeddable":true,"href":"https:\/\/visionpeninsular.com\/mid\/wp-json\/wp\/v2\/comments?post=17790"}],"version-history":[{"count":1,"href":"https:\/\/visionpeninsular.com\/mid\/wp-json\/wp\/v2\/posts\/17790\/revisions"}],"predecessor-version":[{"id":17792,"href":"https:\/\/visionpeninsular.com\/mid\/wp-json\/wp\/v2\/posts\/17790\/revisions\/17792"}],"wp:featuredmedia":[{"embeddable":true,"href":"https:\/\/visionpeninsular.com\/mid\/wp-json\/wp\/v2\/media\/17791"}],"wp:attachment":[{"href":"https:\/\/visionpeninsular.com\/mid\/wp-json\/wp\/v2\/media?parent=17790"}],"wp:term":[{"taxonomy":"category","embeddable":true,"href":"https:\/\/visionpeninsular.com\/mid\/wp-json\/wp\/v2\/categories?post=17790"},{"taxonomy":"post_tag","embeddable":true,"href":"https:\/\/visionpeninsular.com\/mid\/wp-json\/wp\/v2\/tags?post=17790"}],"curies":[{"name":"wp","href":"https:\/\/api.w.org\/{rel}","templated":true}]}}