{"id":177650,"date":"2023-09-26T18:33:53","date_gmt":"2023-09-26T23:33:53","guid":{"rendered":"https:\/\/visionpeninsular.com\/mid\/?p=177650"},"modified":"2023-09-27T10:54:09","modified_gmt":"2023-09-27T15:54:09","slug":"ramirez-marin-ahora-es-del-pvem","status":"publish","type":"post","link":"https:\/\/visionpeninsular.com\/mid\/ramirez-marin-ahora-es-del-pvem\/","title":{"rendered":"Ram\u00edrez Mar\u00edn ahora es del PVEM"},"content":{"rendered":"\n<p>El senador yucateco se inscribi\u00f3 para competir por la gubernatura de Yucat\u00e1n. <\/p>\n\n\n\n<p>El senador Jorge Carlos Ram\u00edrez Mar\u00edn, renunci\u00f3 a su militancia priista para volver verde ecologista y competir por la coalici\u00f3n PVEM-MORENA-PT en las elecciones del 2024.<\/p>\n\n\n\n<p>El rompimiento del legislador yucateco con el otrora poderoso Partido Revolucionario Institucional (PRI), se ve\u00eda venir desde que decidieron bajar a su compa\u00f1era Beatriz Paredes Rangel de la candidatura del Frente Amplio por M\u00e9xico (FAM) y comenz\u00f3 a criticar a la dirigencia nacional.<\/p>\n\n\n\n<p>El presidente estatal Gaspar Quintal Parra hab\u00eda negado la renuncia del excandidato a la alcald\u00eda de M\u00e9rida y \u00fanico senador que ten\u00eda el tricolor en San L\u00e1zaro.<\/p>\n\n\n\n<p>El senador oaxaque\u00f1o Ra\u00fal Bola\u00f1os Cacho Cu\u00e9 dio la bienvenida oficial del yucateco a la bancada verde ecologista del Senado y adelant\u00f3 que har\u00e1n gran equipo en Yucat\u00e1n.<\/p>\n\n\n\n<p>@RaulBCCue Es una gran satisfacci\u00f3n para el Grupo Parlamentario del &nbsp;@VerdeSenadoMex recibir en nuestras filas a mi compa\u00f1ero Senador &nbsp;@jc_ramirezmarin , un pol\u00edtico de gran trayectoria con el que compartimos visi\u00f3n y lucha. Haremos un gran equipo por Yucat\u00e1n y por M\u00e9xico. \u00a1Bienvenido!<\/p>\n\n\n\n<p>Ram\u00edrez Mar\u00edn es uno de los 18 que competir\u00e1n por  la coalici\u00f3n Juntos Haremos Historia (MORENA-PVEM-PT) por la gubernatura de Yucat\u00e1n. <\/p>\n<div class='share-to-whatsapp-wrapper'><div class='share-on-whsp'>Share on: <\/div><a data-text='Ram\u00edrez Mar\u00edn ahora es del PVEM' data-link='https:\/\/visionpeninsular.com\/mid\/ramirez-marin-ahora-es-del-pvem\/' class='whatsapp-button whatsapp-share'>WhatsApp<\/a><div class='clear '><\/div><\/div>","protected":false},"excerpt":{"rendered":"<p>El senador yucateco se inscribi\u00f3 para competir por la gubernatura de Yucat\u00e1n. El senador Jorge Carlos Ram\u00edrez Mar\u00edn, renunci\u00f3 a su militancia priista para volver verde ecologista y competir por la coalici\u00f3n PVEM-MORENA-PT en las elecciones del 2024. El rompimiento del legislador yucateco con el otrora poderoso Partido Revolucionario Institucional (PRI), se ve\u00eda venir desde &hellip;<\/p>\n","protected":false},"author":12,"featured_media":177652,"comment_status":"open","ping_status":"open","sticky":false,"template":"","format":"standard","meta":{"_mi_skip_tracking":false},"categories":[49,50,37],"tags":[38527,404,5212,38528],"_links":{"self":[{"href":"https:\/\/visionpeninsular.com\/mid\/wp-json\/wp\/v2\/posts\/177650"}],"collection":[{"href":"https:\/\/visionpeninsular.com\/mid\/wp-json\/wp\/v2\/posts"}],"about":[{"href":"https:\/\/visionpeninsular.com\/mid\/wp-json\/wp\/v2\/types\/post"}],"author":[{"embeddable":true,"href":"https:\/\/visionpeninsular.com\/mid\/wp-json\/wp\/v2\/users\/12"}],"replies":[{"embeddable":true,"href":"https:\/\/visionpeninsular.com\/mid\/wp-json\/wp\/v2\/comments?post=177650"}],"version-history":[{"count":2,"href":"https:\/\/visionpeninsular.com\/mid\/wp-json\/wp\/v2\/posts\/177650\/revisions"}],"predecessor-version":[{"id":177680,"href":"https:\/\/visionpeninsular.com\/mid\/wp-json\/wp\/v2\/posts\/177650\/revisions\/177680"}],"wp:featuredmedia":[{"embeddable":true,"href":"https:\/\/visionpeninsular.com\/mid\/wp-json\/wp\/v2\/media\/177652"}],"wp:attachment":[{"href":"https:\/\/visionpeninsular.com\/mid\/wp-json\/wp\/v2\/media?parent=177650"}],"wp:term":[{"taxonomy":"category","embeddable":true,"href":"https:\/\/visionpeninsular.com\/mid\/wp-json\/wp\/v2\/categories?post=177650"},{"taxonomy":"post_tag","embeddable":true,"href":"https:\/\/visionpeninsular.com\/mid\/wp-json\/wp\/v2\/tags?post=177650"}],"curies":[{"name":"wp","href":"https:\/\/api.w.org\/{rel}","templated":true}]}}