{"id":177481,"date":"2023-09-23T12:04:12","date_gmt":"2023-09-23T17:04:12","guid":{"rendered":"https:\/\/visionpeninsular.com\/mid\/?p=177481"},"modified":"2023-09-23T12:04:13","modified_gmt":"2023-09-23T17:04:13","slug":"festival-algarabia-preambulo-del-carnaval-de-merida-2024","status":"publish","type":"post","link":"https:\/\/visionpeninsular.com\/mid\/festival-algarabia-preambulo-del-carnaval-de-merida-2024\/","title":{"rendered":"\u00abFestival Algarab\u00eda\u00bb, pre\u00e1mbulo  del Carnaval de M\u00e9rida 2024"},"content":{"rendered":"\n<p>Entre trajes multicolores, m\u00fasica y al ritmo de diversas comparsas de colonias y comisar\u00edas que hicieron bailar a los asistentes, el alcalde Ren\u00e1n Barrera Concha inaugur\u00f3 el \u201cFestival Algarab\u00eda\u201d, en el que las y los ciudadanos de todas las edades disfrutar\u00e1n de un amplio programa de actividades a realizarse como pre\u00e1mbulo del Carnaval M\u00e9rida 2024.<\/p>\n\n\n\n<p>\u201cEn el marco de la segunda edici\u00f3n del \u201cEsp\u00edritu Carnavalero\u201d, M\u00e9rida comienza hoy a disfrutar de un ambiente festivo que durante los pr\u00f3ximos meses abrir\u00e1 espacios a la algarab\u00eda, la innovaci\u00f3n, el impulso al talento local, la econom\u00eda creativa y al turismo, rumbo al Carnaval 2024\u201d, expres\u00f3.<\/p>\n\n\n\n<p>Durante la inauguraci\u00f3n del \u201cFestival Algarab\u00eda\u201d, efectuado en los bajos del Palacio Municipal, el Alcalde record\u00f3 que por primera vez se realizar\u00e1 el Carnaval \u201cFashion Fest\u201d, un evento de talla internacional que abrir\u00e1 espacio a los j\u00f3venes estudiantes de dise\u00f1o de modas para que tengan la oportunidad de presentarse en una pasarela profesional con tema carnavalesco.<\/p>\n\n\n\n<figure class=\"wp-block-image size-full\"><img loading=\"lazy\" width=\"768\" height=\"512\" src=\"https:\/\/visionpeninsular.com\/mid\/wp-content\/uploads\/2023\/09\/Carnaval-de-Merida-2024-4-scaled-1.jpeg\" alt=\"\" class=\"wp-image-177484\" srcset=\"https:\/\/visionpeninsular.com\/mid\/wp-content\/uploads\/2023\/09\/Carnaval-de-Merida-2024-4-scaled-1.jpeg 768w, https:\/\/visionpeninsular.com\/mid\/wp-content\/uploads\/2023\/09\/Carnaval-de-Merida-2024-4-scaled-1-300x200.jpeg 300w\" sizes=\"(max-width: 768px) 100vw, 768px\" \/><\/figure>\n\n\n\n<p>\u201cLa cultura, innovaci\u00f3n y la econom\u00eda fueron tres premisas del carnaval M\u00e9rida 2023, mismas que seguiremos impulsando en beneficio de las industrias creativas\u201d, afirm\u00f3.<\/p>\n\n\n\n<p>En ese sentido, inform\u00f3 que el Carnaval de M\u00e9rida 2023 gener\u00f3 una derrama econ\u00f3mica de aproximadamente 538 millones de pesos que de manera directa e indirecta benefici\u00f3 a m\u00e1s de 115 actividades econ\u00f3micas. Tambi\u00e9n en su edici\u00f3n 2023 registr\u00f3 una asistencia r\u00e9cord total de 950 mil personas, un incremento del 28% respecto a la asistencia reportada en 2020.<\/p>\n\n\n\n<p><strong>\u00abAtractivo que fusiona diversi\u00f3n, cultura y turismo\u00bb<\/strong><\/p>\n\n\n\n<p>\u201cEl Carnaval de M\u00e9rida es un festejo con atractivo internacional que fusiona diversi\u00f3n, cultura, econom\u00eda, turismo y sustentabilidad, por lo que seguiremos trabajando con m\u00e1s fuerza para consolidar la internacionalizaci\u00f3n de sus fiestas carnestolentas\u201d, precis\u00f3.<\/p>\n\n\n\n<p>Asimismo, en compa\u00f1\u00eda de grupos art\u00edsticos y comparsas de las colonias y comisar\u00edas que acudieron a la Plaza Grande a llenar de alegr\u00eda el evento, el Presidente municipal present\u00f3 el tema del Carnaval de M\u00e9rida 2024 \u201cRe-evoluci\u00f3n: de la fantas\u00eda a la innovaci\u00f3n\u201d, que se llevar\u00e1 al cabo del 7 al 14 de febrero en Ciudad Carnaval, como ya se conoce al recinto ferial de Xmatkuil<\/p>\n\n\n\n<p>Como parte de la inauguraci\u00f3n del \u201cFestival Algarab\u00eda\u201d, se efectu\u00f3 un desfile con la participaci\u00f3n de las comparsas representativas de colonias y comisar\u00edas, que llevaron alegr\u00eda y diversi\u00f3n a los asistentes a este evento cuyo objetivo es la reactivaci\u00f3n econ\u00f3mica del sector del entretenimiento.<\/p>\n\n\n\n<p><strong>Presentan canci\u00f3n oficial del Carnaval de M\u00e9rida 2024<\/strong><\/p>\n\n\n\n<p>Otra revelaci\u00f3n de la noche fue la presentaci\u00f3n en video de los \u201cMomoes\u201d, que son enviados del Rey Momo con el fin de esparcir el esp\u00edritu carnavalero y custodiar la tradici\u00f3n. Tambi\u00e9n se present\u00f3 la canci\u00f3n oficial \u201cCarnaval es felicidad\u201d con pirotecnia musical.<\/p>\n\n\n\n<figure class=\"wp-block-image size-full\"><img loading=\"lazy\" width=\"768\" height=\"500\" src=\"https:\/\/visionpeninsular.com\/mid\/wp-content\/uploads\/2023\/09\/Carnaval-de-Merida-2024-2-scaled-1.jpeg\" alt=\"\" class=\"wp-image-177485\" srcset=\"https:\/\/visionpeninsular.com\/mid\/wp-content\/uploads\/2023\/09\/Carnaval-de-Merida-2024-2-scaled-1.jpeg 768w, https:\/\/visionpeninsular.com\/mid\/wp-content\/uploads\/2023\/09\/Carnaval-de-Merida-2024-2-scaled-1-300x195.jpeg 300w\" sizes=\"(max-width: 768px) 100vw, 768px\" \/><\/figure>\n\n\n\n<p>La noche finaliz\u00f3 con la presentaci\u00f3n en concierto del grupo musical \u201cMuziek\u201d, sobre la calle 63 con 60, que puso a bailar con m\u00fasica de los 70 y 80 a miles de meridanos que se dieron cita desde temprano para disfrutar el baile.<\/p>\n\n\n\n<p>Finalmente, acompa\u00f1aron al Alcalde a la inauguraci\u00f3n del \u201cFestival Algarab\u00eda\u201d, Beatriz Gomory Correa, Presidenta de la Confederaci\u00f3n Patronal de la Rep\u00fablica Mexicana (COPARMEX); Jorge Alberto Moreno Gonz\u00e1lez, Presidente de la C\u00e1mara Nacional de la Industria del Vestido, Delegaci\u00f3n Yucat\u00e1n (CANAIVE); Oscar Cambranes Basulto, Secretario Ejecutivo del Comit\u00e9 Permanente del Carnaval de M\u00e9rida; Enrique Said\u00e9n P\u00e9rez, Secci\u00f3n Especializada Canaco Servytur M\u00e9rida y Claudia&nbsp; Gonz\u00e1lez G\u00f3ngora, Presidenta de la C\u00e1mara Nacional de la Industria de Restaurantes y Alimentos Condimentados, Delegaci\u00f3n Yucat\u00e1n (CANIRAC); as\u00ed como tambi\u00e9n, diputados federales y locales, directores municipales y regidoras y regidores.<\/p>\n<div class='share-to-whatsapp-wrapper'><div class='share-on-whsp'>Share on: <\/div><a data-text='\u00abFestival Algarab\u00eda\u00bb, pre\u00e1mbulo  del Carnaval de M\u00e9rida 2024' data-link='https:\/\/visionpeninsular.com\/mid\/festival-algarabia-preambulo-del-carnaval-de-merida-2024\/' class='whatsapp-button whatsapp-share'>WhatsApp<\/a><div class='clear '><\/div><\/div>","protected":false},"excerpt":{"rendered":"<p>Entre trajes multicolores, m\u00fasica y al ritmo de diversas comparsas de colonias y comisar\u00edas que hicieron bailar a los asistentes, el alcalde Ren\u00e1n Barrera Concha inaugur\u00f3 el \u201cFestival Algarab\u00eda\u201d, en el que las y los ciudadanos de todas las edades disfrutar\u00e1n de un amplio programa de actividades a realizarse como pre\u00e1mbulo del Carnaval M\u00e9rida 2024. &hellip;<\/p>\n","protected":false},"author":5,"featured_media":177483,"comment_status":"open","ping_status":"open","sticky":false,"template":"","format":"standard","meta":{"_mi_skip_tracking":false},"categories":[49,37],"tags":[13587,38465,38466,32207,32864],"_links":{"self":[{"href":"https:\/\/visionpeninsular.com\/mid\/wp-json\/wp\/v2\/posts\/177481"}],"collection":[{"href":"https:\/\/visionpeninsular.com\/mid\/wp-json\/wp\/v2\/posts"}],"about":[{"href":"https:\/\/visionpeninsular.com\/mid\/wp-json\/wp\/v2\/types\/post"}],"author":[{"embeddable":true,"href":"https:\/\/visionpeninsular.com\/mid\/wp-json\/wp\/v2\/users\/5"}],"replies":[{"embeddable":true,"href":"https:\/\/visionpeninsular.com\/mid\/wp-json\/wp\/v2\/comments?post=177481"}],"version-history":[{"count":1,"href":"https:\/\/visionpeninsular.com\/mid\/wp-json\/wp\/v2\/posts\/177481\/revisions"}],"predecessor-version":[{"id":177486,"href":"https:\/\/visionpeninsular.com\/mid\/wp-json\/wp\/v2\/posts\/177481\/revisions\/177486"}],"wp:featuredmedia":[{"embeddable":true,"href":"https:\/\/visionpeninsular.com\/mid\/wp-json\/wp\/v2\/media\/177483"}],"wp:attachment":[{"href":"https:\/\/visionpeninsular.com\/mid\/wp-json\/wp\/v2\/media?parent=177481"}],"wp:term":[{"taxonomy":"category","embeddable":true,"href":"https:\/\/visionpeninsular.com\/mid\/wp-json\/wp\/v2\/categories?post=177481"},{"taxonomy":"post_tag","embeddable":true,"href":"https:\/\/visionpeninsular.com\/mid\/wp-json\/wp\/v2\/tags?post=177481"}],"curies":[{"name":"wp","href":"https:\/\/api.w.org\/{rel}","templated":true}]}}