{"id":1774,"date":"2016-04-18T06:12:47","date_gmt":"2016-04-18T11:12:47","guid":{"rendered":"http:\/\/visionpeninsular.com\/mid\/?p=1774"},"modified":"2016-04-18T06:13:12","modified_gmt":"2016-04-18T11:13:12","slug":"1774","status":"publish","type":"post","link":"https:\/\/visionpeninsular.com\/mid\/1774\/","title":{"rendered":"Aeroshow Cozumel 2016 termina en tragedia &#8211; Se impacta un piloto y pierde la vida"},"content":{"rendered":"<p>El Aeroshow Cozumel estaba siendo un gran evento que hab\u00eda atra\u00eddo a muchos, sin embargo durante el show un piloto perdi\u00f3 el control de la nave ocasionando que la avioneta se fuera a pique, perdiendo la vida en el tr\u00e1gico accidente. <\/p>\n<p>De acuerdo al relato, el piloto fue identificado como Juan Miguel Garc\u00eda Salas, Guatemalteco que participaba en la exposici\u00f3n. <\/p>\n<p>Tras la ca\u00edda de la aeronave se presentaron al lugar elementos de la Cruz Roja, Ej\u00e9rcito y Polic\u00eda Municipal, sin embargo el piloto ya hab\u00eda perdido la vida al impactarse.<\/p>\n<p>En cuanto al evento, este fue concluido tras el accidente por los organizadores. <\/p>\n<p>Cabe mencionar que a trav\u00e9s de las redes sociales se inici\u00f3 una serie de cuestionamientos por la culminaci\u00f3n repentina del evento, sin embargo, los organizadores prefirieron mantener un silencio sobre el tema. <\/p>\n<div class='share-to-whatsapp-wrapper'><div class='share-on-whsp'>Share on: <\/div><a data-text='Aeroshow Cozumel 2016 termina en tragedia - Se impacta un piloto y pierde la vida' data-link='https:\/\/visionpeninsular.com\/mid\/1774\/' class='whatsapp-button whatsapp-share'>WhatsApp<\/a><div class='clear '><\/div><\/div>","protected":false},"excerpt":{"rendered":"<p>El Aeroshow Cozumel estaba siendo un gran evento que hab\u00eda atra\u00eddo a muchos, sin embargo durante el show un piloto perdi\u00f3 el control de la nave ocasionando que la avioneta se fuera a pique, perdiendo la vida en el tr\u00e1gico accidente. De acuerdo al relato, el piloto fue identificado como Juan Miguel Garc\u00eda Salas, Guatemalteco &hellip;<\/p>\n","protected":false},"author":1,"featured_media":1775,"comment_status":"open","ping_status":"closed","sticky":false,"template":"","format":"standard","meta":{"_mi_skip_tracking":false},"categories":[48],"tags":[180,52,300],"_links":{"self":[{"href":"https:\/\/visionpeninsular.com\/mid\/wp-json\/wp\/v2\/posts\/1774"}],"collection":[{"href":"https:\/\/visionpeninsular.com\/mid\/wp-json\/wp\/v2\/posts"}],"about":[{"href":"https:\/\/visionpeninsular.com\/mid\/wp-json\/wp\/v2\/types\/post"}],"author":[{"embeddable":true,"href":"https:\/\/visionpeninsular.com\/mid\/wp-json\/wp\/v2\/users\/1"}],"replies":[{"embeddable":true,"href":"https:\/\/visionpeninsular.com\/mid\/wp-json\/wp\/v2\/comments?post=1774"}],"version-history":[{"count":2,"href":"https:\/\/visionpeninsular.com\/mid\/wp-json\/wp\/v2\/posts\/1774\/revisions"}],"predecessor-version":[{"id":1777,"href":"https:\/\/visionpeninsular.com\/mid\/wp-json\/wp\/v2\/posts\/1774\/revisions\/1777"}],"wp:featuredmedia":[{"embeddable":true,"href":"https:\/\/visionpeninsular.com\/mid\/wp-json\/wp\/v2\/media\/1775"}],"wp:attachment":[{"href":"https:\/\/visionpeninsular.com\/mid\/wp-json\/wp\/v2\/media?parent=1774"}],"wp:term":[{"taxonomy":"category","embeddable":true,"href":"https:\/\/visionpeninsular.com\/mid\/wp-json\/wp\/v2\/categories?post=1774"},{"taxonomy":"post_tag","embeddable":true,"href":"https:\/\/visionpeninsular.com\/mid\/wp-json\/wp\/v2\/tags?post=1774"}],"curies":[{"name":"wp","href":"https:\/\/api.w.org\/{rel}","templated":true}]}}