{"id":177334,"date":"2023-09-21T13:09:17","date_gmt":"2023-09-21T18:09:17","guid":{"rendered":"https:\/\/visionpeninsular.com\/mid\/?p=177334"},"modified":"2023-09-21T13:09:40","modified_gmt":"2023-09-21T18:09:40","slug":"gafas-violeta-para-la-seleccion-de-candidaturas","status":"publish","type":"post","link":"https:\/\/visionpeninsular.com\/mid\/gafas-violeta-para-la-seleccion-de-candidaturas\/","title":{"rendered":"\u201cGafas violeta\u201d para la selecci\u00f3n de candidaturas"},"content":{"rendered":"\n<p>Con informaci\u00f3n tomada del Diario de Yucat\u00e1n<\/p>\n\n\n\n<p>Enrueda de prensa sustentada ayer por la ma\u00f1ana convocada por la Agenda de las Mujeres por la Igualdad Sustantiva en Yucat\u00e1n (AMISY), y Todas M\u00e9xico, cuyas dirigentes, la QFB Mar\u00eda Eugenia N\u00fa\u00f1ez Zapata e Yndira Sandoval S\u00e1nchez, acompa\u00f1adas pot integrantes de ambas asociaciones presidieron el acto donde se dio a conocer el resultado de los foros regionales que se efectuaron a lo largo del pa\u00eds para conformar la Agenda Feminista para quienes nos gobiernan.&lt;\/p&gt;<\/p>\n\n\n\n<p>; \u201cQuien quiera gobernarnos, legislarnos y administrarnos, tendr\u00e1 que hacerlo con nuestra agenda. Quien quiera nuestro voto, tendr\u00e1 que representarnos a todas\u201d, dijo ayer en esta ciudad Yndira Sandoval, cofundadora de la agrupaci\u00f3n feminista Todas Somos M\u00e9xico.<\/p>\n\n\n\n<p>&nbsp;\u201cLas mujeres somos m\u00e1s que una presidenta, m\u00e1s que dos candidatas. Somos todas, somos nuestra agenda, nuestras necesidades y una fuerza pol\u00edtica\u201d.<\/p>\n\n\n\n<p>Se\u00f1al\u00f3que la Observatoria MX,se pondr\u00e1 \u201cgafas violeta\u201d en los procesos electorales de 2024, para evitar que alg\u00fan ccandidato viole la nueva ley \u201c3 de 3\u201d: que no sea deudor alimentario, violador o agresor familiar, por lo cual pidi\u00f3 a los partidos que sean filtros confiables y no coladeras c\u00f3mplices, o les bajar\u00e1n a sus candidatos que est\u00e9n en esta situaci\u00f3n, como lo hicieron en las pasadas elecciones con 106 aspirantes que llaman \u201cantiboletas\u201d.<\/p>\n\n\n\n<p>La activista resumi\u00f3 que el M\u00e9xico que quieren las mujeres \u201ces por una vida libre de violencia, por el acceso a la salud integral, por la educaci\u00f3n libre de todo tipo de prejuicios, cient\u00edfica, laica, obligatoria, pero en todos los niveles, no solo en algunos\u201d.<\/p>\n\n\n\n<p>\u201cRequerimos la no feminizaci\u00f3n de la pobreza y la autonom\u00eda econ\u00f3mica de las mujeres, as\u00ed como la tenencia de la tierra\u201d.<\/p>\n\n\n\n<p>Las mujeres votamos, contamos, somos la mayor\u00eda de la poblaci\u00f3n, de la lista nominal, somos una fuerza pol\u00edtica\u201d.<\/p>\n\n\n\n<p>Que no se confundan, una cosa son las estructuras electorales y otra es una fuerza pol\u00edtica y Todas M\u00e9xico representa a una fuerza pol\u00edtica\u201d, dijo.<\/p>\n\n\n\n<p>Nosotras fuimos con la agenda por delante, con las mujeres al frente y los derechos al centro a recoger las voces de todas en las diferentes regiones para realizar un manifiesto pol\u00edtico y tener listo el punteo de las propuestas que queremos ver reflejadas en las agendas pol\u00edticas de gobierno y legislativas\u201d.<\/p>\n\n\n\n<p>Queremos un informe pormenorizado de c\u00f3mo sacar\u00e1n a los agresores del poder judicial, y evitar que lleguen violadores de la ley \u20183 de 3\u2019\u201d.<\/p>\n\n\n\n<p>Por su parte, Mar\u00eda Eugenia N\u00fa\u00f1ez agreg\u00f3 que \u201cno habr\u00e1 voto regalado de las mujeres, sino voto condicionado, las mujeres pediremos a quien quiera representarnos que se comprometa.<\/p>\n\n\n\n<p>Record\u00f3 que hace seis a\u00f1os Amisy hizo un ejercicio sobre una agenda que firmaron los candidatos, y en esa el hoy gobernador la cumpli\u00f3 en un 60%, pero les queda a deber, sobre todo por el hecho de no tener gabinete paritario, que fue lema de su inicio de gobierno.<\/p>\n\n\n\n<p>La mesa estuvo presidida por Ma. Eugenia N\u00fa\u00f1ez &amp;nbsp;Zapata coordinadora de AMISY y representante en Yucat\u00e1n de TODASMX, Yndira Sandoval S\u00e1nchez, cofundadora de Las Constituyentes y TODAS MX, Marina &amp;nbsp;Gonz\u00e1lez &amp;nbsp;Zhigel, representante de TODAS MX en Quintana Roo, Lydia Laucirica Guanche de Mujeres Todas y Layda Rodr\u00edguez Torres de Mujeres sin Maquillaje.<\/p>\n<div class='share-to-whatsapp-wrapper'><div class='share-on-whsp'>Share on: <\/div><a data-text='\u201cGafas violeta\u201d para la selecci\u00f3n de candidaturas' data-link='https:\/\/visionpeninsular.com\/mid\/gafas-violeta-para-la-seleccion-de-candidaturas\/' class='whatsapp-button whatsapp-share'>WhatsApp<\/a><div class='clear '><\/div><\/div>","protected":false},"excerpt":{"rendered":"<p>Con informaci\u00f3n tomada del Diario de Yucat\u00e1n Enrueda de prensa sustentada ayer por la ma\u00f1ana convocada por la Agenda de las Mujeres por la Igualdad Sustantiva en Yucat\u00e1n (AMISY), y Todas M\u00e9xico, cuyas dirigentes, la QFB Mar\u00eda Eugenia N\u00fa\u00f1ez Zapata e Yndira Sandoval S\u00e1nchez, acompa\u00f1adas pot integrantes de ambas asociaciones presidieron el acto donde se &hellip;<\/p>\n","protected":false},"author":5,"featured_media":177332,"comment_status":"open","ping_status":"open","sticky":false,"template":"","format":"standard","meta":{"_mi_skip_tracking":false},"categories":[49,37],"tags":[12920,38416,38414,38415,28896],"_links":{"self":[{"href":"https:\/\/visionpeninsular.com\/mid\/wp-json\/wp\/v2\/posts\/177334"}],"collection":[{"href":"https:\/\/visionpeninsular.com\/mid\/wp-json\/wp\/v2\/posts"}],"about":[{"href":"https:\/\/visionpeninsular.com\/mid\/wp-json\/wp\/v2\/types\/post"}],"author":[{"embeddable":true,"href":"https:\/\/visionpeninsular.com\/mid\/wp-json\/wp\/v2\/users\/5"}],"replies":[{"embeddable":true,"href":"https:\/\/visionpeninsular.com\/mid\/wp-json\/wp\/v2\/comments?post=177334"}],"version-history":[{"count":2,"href":"https:\/\/visionpeninsular.com\/mid\/wp-json\/wp\/v2\/posts\/177334\/revisions"}],"predecessor-version":[{"id":177337,"href":"https:\/\/visionpeninsular.com\/mid\/wp-json\/wp\/v2\/posts\/177334\/revisions\/177337"}],"wp:featuredmedia":[{"embeddable":true,"href":"https:\/\/visionpeninsular.com\/mid\/wp-json\/wp\/v2\/media\/177332"}],"wp:attachment":[{"href":"https:\/\/visionpeninsular.com\/mid\/wp-json\/wp\/v2\/media?parent=177334"}],"wp:term":[{"taxonomy":"category","embeddable":true,"href":"https:\/\/visionpeninsular.com\/mid\/wp-json\/wp\/v2\/categories?post=177334"},{"taxonomy":"post_tag","embeddable":true,"href":"https:\/\/visionpeninsular.com\/mid\/wp-json\/wp\/v2\/tags?post=177334"}],"curies":[{"name":"wp","href":"https:\/\/api.w.org\/{rel}","templated":true}]}}