{"id":17693,"date":"2016-11-30T17:27:42","date_gmt":"2016-11-30T23:27:42","guid":{"rendered":"http:\/\/visionpeninsular.com\/mid\/?p=17693"},"modified":"2016-11-30T17:27:42","modified_gmt":"2016-11-30T23:27:42","slug":"reconcentracion-escuelas-acercara-a-ninos-lugares-aislados","status":"publish","type":"post","link":"https:\/\/visionpeninsular.com\/mid\/reconcentracion-escuelas-acercara-a-ninos-lugares-aislados\/","title":{"rendered":"Reconcentraci\u00f3n  de escuelas acercar\u00e1 a ni\u00f1os de lugares aislados"},"content":{"rendered":"<p>El secretario de Educaci\u00f3n P\u00fablica, Aurelio Nu\u00f1o Mayer, anunci\u00f3 en d\u00edas pasados la creaci\u00f3n de un programa para la reconcentraci\u00f3n de escuelas, el cual incluye el traslado de 3.2 millones de alumnos de educaci\u00f3n b\u00e1sica.<\/p>\n<p>Seg\u00fan datos de  la Secretar\u00eda de Educaci\u00f3n del Gobierno del Estado (SEGEY), la mitad de las escuelas ind\u00edgenas se concentra al interior del Estado. Los que se encuentran en el nivel b\u00e1sico son 429 mil 744 alumnos, distribuidos en tres mil 309 escuelas;  de acuerdo a la instituci\u00f3n, ese programa podr\u00e1 acercar a los ni\u00f1os que se encuentran en escuelas aisladas,  y  no se cuenta con la infraestructura necesaria ni suficientes maestros y con ello otorgarles una mejor calidad educativa y las herramientas necesarias para tener mejores resultados acad\u00e9micos.<\/p>\n<p>En la entidad, poco m\u00e1s de la mitad de la poblaci\u00f3n de 15 a\u00f1os y m\u00e1s  tiene como \u00faltimo grado de estudios alguno de los niveles de educaci\u00f3n b\u00e1sica, y el 6.7 por ciento se registr\u00f3 sin escolaridad. Los alumnos de las escuelas ind\u00edgenas se encuentran entre las categor\u00edas sociales m\u00e1s desaventajadas en el campo educacional en la regi\u00f3n, situaci\u00f3n que muchas veces se potencia por su ubicaci\u00f3n en zonas rurales y la condici\u00f3n de pobreza en la que viven.<\/p>\n<p>V\u00edctor Caballero Dur\u00e1n, titular de la SEGEY, explic\u00f3 que esa dependencia est\u00e1 atenta a los resultados de ese programa que ya se aplica, de manera piloto, en Campeche: \u201cA partir de ah\u00ed, definiremos c\u00f3mo lo aterrizaremos en Yucat\u00e1n, ya que hay \u00e1reas donde se podr\u00e1 llevar correctamente la movilidad pero en otras ser\u00e1 muy dif\u00edcil ya que el acceso a los municipios es nulo\u201d.<\/p>\n<div class='share-to-whatsapp-wrapper'><div class='share-on-whsp'>Share on: <\/div><a data-text='Reconcentraci\u00f3n  de escuelas acercar\u00e1 a ni\u00f1os de lugares aislados' data-link='https:\/\/visionpeninsular.com\/mid\/reconcentracion-escuelas-acercara-a-ninos-lugares-aislados\/' class='whatsapp-button whatsapp-share'>WhatsApp<\/a><div class='clear '><\/div><\/div>","protected":false},"excerpt":{"rendered":"<p>El secretario de Educaci\u00f3n P\u00fablica, Aurelio Nu\u00f1o Mayer, anunci\u00f3 en d\u00edas pasados la creaci\u00f3n de un programa para la reconcentraci\u00f3n de escuelas, el cual incluye el traslado de 3.2 millones de alumnos de educaci\u00f3n b\u00e1sica. Seg\u00fan datos de la Secretar\u00eda de Educaci\u00f3n del Gobierno del Estado (SEGEY), la mitad de las escuelas ind\u00edgenas se concentra &hellip;<\/p>\n","protected":false},"author":5,"featured_media":17694,"comment_status":"open","ping_status":"open","sticky":false,"template":"","format":"standard","meta":{"_mi_skip_tracking":false},"categories":[50],"tags":[4114,604,1576],"_links":{"self":[{"href":"https:\/\/visionpeninsular.com\/mid\/wp-json\/wp\/v2\/posts\/17693"}],"collection":[{"href":"https:\/\/visionpeninsular.com\/mid\/wp-json\/wp\/v2\/posts"}],"about":[{"href":"https:\/\/visionpeninsular.com\/mid\/wp-json\/wp\/v2\/types\/post"}],"author":[{"embeddable":true,"href":"https:\/\/visionpeninsular.com\/mid\/wp-json\/wp\/v2\/users\/5"}],"replies":[{"embeddable":true,"href":"https:\/\/visionpeninsular.com\/mid\/wp-json\/wp\/v2\/comments?post=17693"}],"version-history":[{"count":1,"href":"https:\/\/visionpeninsular.com\/mid\/wp-json\/wp\/v2\/posts\/17693\/revisions"}],"predecessor-version":[{"id":17695,"href":"https:\/\/visionpeninsular.com\/mid\/wp-json\/wp\/v2\/posts\/17693\/revisions\/17695"}],"wp:featuredmedia":[{"embeddable":true,"href":"https:\/\/visionpeninsular.com\/mid\/wp-json\/wp\/v2\/media\/17694"}],"wp:attachment":[{"href":"https:\/\/visionpeninsular.com\/mid\/wp-json\/wp\/v2\/media?parent=17693"}],"wp:term":[{"taxonomy":"category","embeddable":true,"href":"https:\/\/visionpeninsular.com\/mid\/wp-json\/wp\/v2\/categories?post=17693"},{"taxonomy":"post_tag","embeddable":true,"href":"https:\/\/visionpeninsular.com\/mid\/wp-json\/wp\/v2\/tags?post=17693"}],"curies":[{"name":"wp","href":"https:\/\/api.w.org\/{rel}","templated":true}]}}