{"id":176398,"date":"2023-09-04T13:15:01","date_gmt":"2023-09-04T18:15:01","guid":{"rendered":"https:\/\/visionpeninsular.com\/mid\/?p=176398"},"modified":"2023-09-04T13:15:02","modified_gmt":"2023-09-04T18:15:02","slug":"pronostican-lluvias-y-calor-para-este-lunes","status":"publish","type":"post","link":"https:\/\/visionpeninsular.com\/mid\/pronostican-lluvias-y-calor-para-este-lunes\/","title":{"rendered":"Pronostican lluvias y calor para este lunes"},"content":{"rendered":"\n<p>Este lunes se espera ambiente de caluroso a muy caluroso con cielo de medio nublado a mayormente nublado con potencial de ocurrencia de lluvias por la tarde y noche, adem\u00e1s soplaran vientos del este y noreste.<\/p>\n\n\n\n<p>Asimismo, se esperan temperaturas m\u00ednimas de entre 23,0 \u00b0C a 26,0 \u00b0C en el amanecer y las temperaturas m\u00e1ximas esperadas ser\u00e1n de entre 32,0 \u00b0C a 34,0 \u00b0C en la costa, de 33,0 \u00b0C a 35,0 \u00b0C en la ciudad de M\u00e9rida y de entre 34,0 \u00b0C a 36,0 \u00b0C en el resto del Estado.<\/p>\n\n\n\n<p>Tambi\u00e9n se espera una Sensaci\u00f3n T\u00e9rmica de entre 47,0 \u00b0C a 49,0 \u00b0C, una Radiaci\u00f3n Solar de 1.100 a 1.200 watts\/m2, una Radiaci\u00f3n Ultravioleta de 11 a 12 unidades, una humedad m\u00e1xima de 95% a 100% en el amanecer y una humedad m\u00ednima de 50% a 55% en las primeras horas de la tarde.<\/p>\n\n\n\n<p>Fuente: Ingeniero Juan V\u00e1zquez Montalvo.<\/p>\n<div class='share-to-whatsapp-wrapper'><div class='share-on-whsp'>Share on: <\/div><a data-text='Pronostican lluvias y calor para este lunes' data-link='https:\/\/visionpeninsular.com\/mid\/pronostican-lluvias-y-calor-para-este-lunes\/' class='whatsapp-button whatsapp-share'>WhatsApp<\/a><div class='clear '><\/div><\/div>","protected":false},"excerpt":{"rendered":"<p>Este lunes se espera ambiente de caluroso a muy caluroso con cielo de medio nublado a mayormente nublado con potencial de ocurrencia de lluvias por la tarde y noche, adem\u00e1s soplaran vientos del este y noreste. Asimismo, se esperan temperaturas m\u00ednimas de entre 23,0 \u00b0C a 26,0 \u00b0C en el amanecer y las temperaturas m\u00e1ximas &hellip;<\/p>\n","protected":false},"author":5,"featured_media":176400,"comment_status":"open","ping_status":"open","sticky":false,"template":"","format":"standard","meta":{"_mi_skip_tracking":false},"categories":[50,37],"tags":[38109,38108],"_links":{"self":[{"href":"https:\/\/visionpeninsular.com\/mid\/wp-json\/wp\/v2\/posts\/176398"}],"collection":[{"href":"https:\/\/visionpeninsular.com\/mid\/wp-json\/wp\/v2\/posts"}],"about":[{"href":"https:\/\/visionpeninsular.com\/mid\/wp-json\/wp\/v2\/types\/post"}],"author":[{"embeddable":true,"href":"https:\/\/visionpeninsular.com\/mid\/wp-json\/wp\/v2\/users\/5"}],"replies":[{"embeddable":true,"href":"https:\/\/visionpeninsular.com\/mid\/wp-json\/wp\/v2\/comments?post=176398"}],"version-history":[{"count":1,"href":"https:\/\/visionpeninsular.com\/mid\/wp-json\/wp\/v2\/posts\/176398\/revisions"}],"predecessor-version":[{"id":176401,"href":"https:\/\/visionpeninsular.com\/mid\/wp-json\/wp\/v2\/posts\/176398\/revisions\/176401"}],"wp:featuredmedia":[{"embeddable":true,"href":"https:\/\/visionpeninsular.com\/mid\/wp-json\/wp\/v2\/media\/176400"}],"wp:attachment":[{"href":"https:\/\/visionpeninsular.com\/mid\/wp-json\/wp\/v2\/media?parent=176398"}],"wp:term":[{"taxonomy":"category","embeddable":true,"href":"https:\/\/visionpeninsular.com\/mid\/wp-json\/wp\/v2\/categories?post=176398"},{"taxonomy":"post_tag","embeddable":true,"href":"https:\/\/visionpeninsular.com\/mid\/wp-json\/wp\/v2\/tags?post=176398"}],"curies":[{"name":"wp","href":"https:\/\/api.w.org\/{rel}","templated":true}]}}