{"id":176336,"date":"2023-09-02T11:24:28","date_gmt":"2023-09-02T16:24:28","guid":{"rendered":"https:\/\/visionpeninsular.com\/mid\/?p=176336"},"modified":"2023-09-02T11:24:29","modified_gmt":"2023-09-02T16:24:29","slug":"como-parte-de-las-celebraciones-de-tekax-como-pueblo-magico-recibira-a-la-osy-el-13-de-septiembre","status":"publish","type":"post","link":"https:\/\/visionpeninsular.com\/mid\/como-parte-de-las-celebraciones-de-tekax-como-pueblo-magico-recibira-a-la-osy-el-13-de-septiembre\/","title":{"rendered":"Como parte de las celebraciones de Tekax como Pueblo M\u00e1gico, recibir\u00e1 a la OSY el 13 de septiembre"},"content":{"rendered":"\n<p>Como parte de la descentralizaci\u00f3n de la cultura en la entidad y las celebraciones de Tekax por su nombramiento de \u201cPueblo M\u00e1gico\u201d, el 13 de septiembre, la Orquesta Sinf\u00f3nica de Yucat\u00e1n (OSY), se presentar\u00e1 en la iglesia de San Juan Bautista de est\u00e1 localidad.<\/p>\n\n\n\n<p>La visita de la OSY al municipio sure\u00f1o representa un acto cultural de gran importancia, ya que se presentar\u00e1 en el segundo tembl\u00f3 m\u00e1s grande del estado, s\u00f3lo detr\u00e1s de la Catedral de San Ildefonso de M\u00e9rida, pero adem\u00e1s dar\u00e1 realce a un Tekax rico en atractivos hist\u00f3ricos, tur\u00edsticos y patrimonio natural.<\/p>\n\n\n\n<p>\u201cEl compromiso que he adquirido en la orquesta es que pueda salir a otros lugares y que sea realmente de todos, para todos. Los procesos de descentralizaci\u00f3n son muy importantes, estuvimos en Valladolid en nuestra primer salida a municipios, ahora estamos emocionados de llevar a Tekax m\u00fasica mexicana y yucateca, a un lugar que es la cuna del compositor de una de las m\u00e1s grande canciones de Yucat\u00e1n, un himno de todo el mundo, Ricardo Palmer\u00edn y la melod\u00eda Peregrina\u201d, indic\u00f3 Jose Are\u00e1n, director art\u00edstico de la agrupaci\u00f3n, en rueda de prensa, en el Palacio de la M\u00fasica.<\/p>\n\n\n\n<p>En la jornada, la OSY ofrecer\u00e1 al p\u00fablico un repertorio que incluir\u00e1 Tribu, de Daniel Ayala; Suite M\u00e9xico 1910, de Manuel Esper\u00f3n; Mariachitl\u00e1n, de Juan Pablo Contreras; Sones de Mariachi, de Blas Galindo; adem\u00e1s del gran cierre con el Huapango, de Jos\u00e9 Pablo Moncayo.<\/p>\n\n\n\n<p>\u201cMuchos van a aprovechar el momento para ir a conocer el municipio, es lo que hemos estado haciendo en los \u00faltimos cinco a\u00f1os, que se vayan cristalizando estos planes, nos llena de gusto, orgullo y mucha emoci\u00f3n, hagamos que la noche sea m\u00e1gica, va a calentar los motores para el d\u00eda del Grito de Independencia. Le hemos agregado producci\u00f3n a los eventos que se tienen para que entren en la din\u00e1mica de que se lleven una bonita experiencia, que sea cultural, familiar, escenarios para todos\u201d, apunt\u00f3 el alcalde de Tekax, Diego \u00c1vila Romero.<\/p>\n\n\n\n<p>\u201cEsta versatilidad que se la ha dado a la OSY ha sido maravillosa, hay que ir a lo municipios, acercar la m\u00fasica sinf\u00f3nica a otros lugares, que se sienta en todo Yucat\u00e1n. Tekax ahora nos recibe como Pueblo M\u00e1gico y por ello debe tener mucha oferta de cultura, gastronom\u00eda y m\u00e1s\u201d, manifest\u00f3, por su parte, Loreto Villanueva Trujillo, titular de la Sedeculta.<\/p>\n\n\n\n<p>Al anuncio asisti\u00f3 tambi\u00e9n Miguel Escobedo Novelo, director del Fideicomiso Garante de la OSY; junto al Pbro. Luis Rebolledo Alcocer, p\u00e1rroco de la iglesia sede.<\/p>\n<div class='share-to-whatsapp-wrapper'><div class='share-on-whsp'>Share on: <\/div><a data-text='Como parte de las celebraciones de Tekax como Pueblo M\u00e1gico, recibir\u00e1 a la OSY el 13 de septiembre' data-link='https:\/\/visionpeninsular.com\/mid\/como-parte-de-las-celebraciones-de-tekax-como-pueblo-magico-recibira-a-la-osy-el-13-de-septiembre\/' class='whatsapp-button whatsapp-share'>WhatsApp<\/a><div class='clear '><\/div><\/div>","protected":false},"excerpt":{"rendered":"<p>Como parte de la descentralizaci\u00f3n de la cultura en la entidad y las celebraciones de Tekax por su nombramiento de \u201cPueblo M\u00e1gico\u201d, el 13 de septiembre, la Orquesta Sinf\u00f3nica de Yucat\u00e1n (OSY), se presentar\u00e1 en la iglesia de San Juan Bautista de est\u00e1 localidad. La visita de la OSY al municipio sure\u00f1o representa un acto &hellip;<\/p>\n","protected":false},"author":5,"featured_media":176338,"comment_status":"open","ping_status":"open","sticky":false,"template":"","format":"standard","meta":{"_mi_skip_tracking":false},"categories":[50,37],"tags":[38081,185,38080,1557],"_links":{"self":[{"href":"https:\/\/visionpeninsular.com\/mid\/wp-json\/wp\/v2\/posts\/176336"}],"collection":[{"href":"https:\/\/visionpeninsular.com\/mid\/wp-json\/wp\/v2\/posts"}],"about":[{"href":"https:\/\/visionpeninsular.com\/mid\/wp-json\/wp\/v2\/types\/post"}],"author":[{"embeddable":true,"href":"https:\/\/visionpeninsular.com\/mid\/wp-json\/wp\/v2\/users\/5"}],"replies":[{"embeddable":true,"href":"https:\/\/visionpeninsular.com\/mid\/wp-json\/wp\/v2\/comments?post=176336"}],"version-history":[{"count":1,"href":"https:\/\/visionpeninsular.com\/mid\/wp-json\/wp\/v2\/posts\/176336\/revisions"}],"predecessor-version":[{"id":176339,"href":"https:\/\/visionpeninsular.com\/mid\/wp-json\/wp\/v2\/posts\/176336\/revisions\/176339"}],"wp:featuredmedia":[{"embeddable":true,"href":"https:\/\/visionpeninsular.com\/mid\/wp-json\/wp\/v2\/media\/176338"}],"wp:attachment":[{"href":"https:\/\/visionpeninsular.com\/mid\/wp-json\/wp\/v2\/media?parent=176336"}],"wp:term":[{"taxonomy":"category","embeddable":true,"href":"https:\/\/visionpeninsular.com\/mid\/wp-json\/wp\/v2\/categories?post=176336"},{"taxonomy":"post_tag","embeddable":true,"href":"https:\/\/visionpeninsular.com\/mid\/wp-json\/wp\/v2\/tags?post=176336"}],"curies":[{"name":"wp","href":"https:\/\/api.w.org\/{rel}","templated":true}]}}