{"id":176275,"date":"2023-09-01T15:05:47","date_gmt":"2023-09-01T20:05:47","guid":{"rendered":"https:\/\/visionpeninsular.com\/mid\/?p=176275"},"modified":"2023-09-01T15:05:48","modified_gmt":"2023-09-01T20:05:48","slug":"inician-las-galas-yucatecas-para-difundir-el-arte-la-cultura-y-la-musica","status":"publish","type":"post","link":"https:\/\/visionpeninsular.com\/mid\/inician-las-galas-yucatecas-para-difundir-el-arte-la-cultura-y-la-musica\/","title":{"rendered":"Inician las Galas Yucatecas para difundir el arte, la cultura y la m\u00fasica"},"content":{"rendered":"\n<ul><li><strong><em>La Orquesta T\u00edpica Yukalpet\u00e9n, Lenny S\u00e1nchez y \u00c1ngel Falc\u00f3n abren temporada agosto \u2013 diciembre, que llegar\u00e1 a nueve municipios<\/em><\/strong>.<\/li><\/ul>\n\n\n\n<p>La Orquesta T\u00edpica Yukalpet\u00e9n (OTY) y las inigualables voces de Lenny S\u00e1nchez y \u00c1ngel Falc\u00f3n, revivieron a los autores y compositores m\u00e1s c\u00e9lebres de nuestra tierra como Augusto \u201cGuty\u201d C\u00e1rdenas, Pepe Dom\u00ednguez, Luis Demetrio, Armando Manzanero y Ram\u00f3n Triay, durante la primera Gala Yucateca, temporada agosto \u2013 diciembre.<\/p>\n\n\n\n<p>Al inaugurar el ciclo en el Palacio de la M\u00fasica, la titular de la Secretar\u00eda de la Cultura y las Artes (Sedeculta), Loreto Villanueva Trujillo, precis\u00f3 que el Gobernador Mauricio Vila ha sido muy enf\u00e1tico en la definici\u00f3n de sus principales l\u00edneas de acci\u00f3n, trabajar con todas y todos en equipo con especial atenci\u00f3n a los municipios de Yucat\u00e1n y grupos vulnerables, descentralizando el arte y la cultura.<\/p>\n\n\n\n<p>\u201cEste a\u00f1o con el programa Gala Yucateca estaremos teniendo un fuerte movimiento cultural en el interior del estado con m\u00e1s de 20 actividades donde las y los yucatecos podr\u00e1n disfrutar de nuestra m\u00fasica, podr\u00e1n disfrutar de las canciones de nuestros autores yucatecos. Vamos a estar en Ticul, Hom\u00fan, Maxcan\u00fa, Kanas\u00edn, Tecoh, Tekax, Valladolid, Baca y por supuesto aqu\u00ed en M\u00e9rida. Contaremos con la participaci\u00f3n de grandes artistas\u201d, detall\u00f3.<\/p>\n\n\n\n<p>Dirigida por Pedro Carlos Herrera, la m\u00e1xima instituci\u00f3n vern\u00e1cula y sus trovadores abrieron la velada, se escuch\u00f3 \u201cMestiza\u201d, \u201cAmor secreto\u201d, \u201cGuitarrita yucateca\u201d, sigui\u00f3 \u00abEl p\u00e1jaro azul\u00bb, de Pepe Dom\u00ednguez y Carlos Duarte, con Paco Esquivel y Rodolfo S\u00e1nchez.<\/p>\n\n\n\n<p>Luego subi\u00f3 al escenario \u00c1ngel Falc\u00f3n, joven talento que esta noche debut\u00f3 con la OTY e interpret\u00f3 de Ram\u00f3n Triay \u00abCalesa de mi provincia\u00bb, \u00abEl oficio del amor\u00bb, de Ariosto Ak\u00e9 y Jos\u00e9 Puga, as\u00ed como la cl\u00e1sica \u201cLa malague\u00f1a\u201d \u201d.<\/p>\n\n\n\n<p>La melod\u00eda \u00abVoy\u00bb, de Luis Demetrio, permiti\u00f3 a Lenny S\u00e1nchez deleitar al p\u00fablico, al igual que \u201cOjos tristes\u201d, de Guty C\u00e1rdenas y \u00abM\u00fasica\u00bb, de Ang\u00e9lica Balado; despu\u00e9s la hija de esta destacada artista, Ale Fers dio voz a \u00abFlor de azahar\u00bb, de Santiago Manzanero.<\/p>\n\n\n\n<p>Lenny y \u00c1ngel se despidieron con \u00abCuando me vaya de aqu\u00ed\u00bb, de Armando Manzanero. La OTY continu\u00f3 con \u00abAires del Mayab\u00bb, de Pepe Dom\u00ednguez y Carlos Duarte Moreno, tras las ovaciones de los presentes y la petici\u00f3n de otra pieza, la agrupaci\u00f3n les concedi\u00f3 \u00abMe est\u00e1 llamando Canc\u00fan\u00bb, de Luis Felipe Castillo y cerr\u00f3 con \u201cSolo t\u00fa\u201d, de Alejandro G. Rosas.<\/p>\n\n\n\n<p>En la Gala Yucateca participar\u00e1n los Ballets Folkl\u00f3rico del Estado \u201cAlfredo Cort\u00e9s Aguilar\u201d y Juvenil del Estado de Yucat\u00e1n, la Orquesta Jaranera del Mayab, Trovanova \u2013 Los Trovadores de Yucat\u00e1n y el Coro de C\u00e1mara de Yucat\u00e1n.<\/p>\n\n\n\n<p>Tambi\u00e9n est\u00e1n invitados Mar\u00eda Teresa, Martha Gabriela Rojas, Javier Alcal\u00e1, Eduardo V\u00e1zquez, Malena Carde\u00f1a, Rey Christopher, Maricarmen P\u00e9rez, Emma Isabel, Jes\u00fas Armando, Rub\u00ed y Sergio C\u00e1mara.<\/p>\n\n\n\n<p>Los tr\u00edos de las Asociaciones de Trovadores \u201cArmando Manzanero\u201d, \u201cAugusto \u02bbGuty\u02bb C\u00e1rdenas\u201d, \u201cPepe Dom\u00ednguez\u201d y \u201cPastor Cervera\u201d, dar\u00e1n inicio a los viernes de trova para lugares donde la gente no puede salir como son casas de retiro y los Centros de Readaptaci\u00f3n Social (Ceresos).<\/p>\n\n\n\n<p>Los eventos son de entrada libre, las sedes ser\u00e1n los teatros \u201cArmando Manzanero\u201d, Daniel Ayala\u201d y \u201cJos\u00e9 Mar\u00eda Iturralde Traconis\u201d, el Palacio de la M\u00fasica, y los Ceresos de la capital yucateca, de Tekax y Valladolid.<\/p>\n\n\n\n<p>El programa completo est\u00e1 disponible para su consulta en los perfiles oficiales de Sedeculta en redes sociales: facebook.com\/sedeculta, twitter.com\/sedecultayuc e instagram.com\/sedeculta, y en el sitio cultura.yucatan.gob.mx.<\/p>\n<div class='share-to-whatsapp-wrapper'><div class='share-on-whsp'>Share on: <\/div><a data-text='Inician las Galas Yucatecas para difundir el arte, la cultura y la m\u00fasica' data-link='https:\/\/visionpeninsular.com\/mid\/inician-las-galas-yucatecas-para-difundir-el-arte-la-cultura-y-la-musica\/' class='whatsapp-button whatsapp-share'>WhatsApp<\/a><div class='clear '><\/div><\/div>","protected":false},"excerpt":{"rendered":"<p>La Orquesta T\u00edpica Yukalpet\u00e9n, Lenny S\u00e1nchez y \u00c1ngel Falc\u00f3n abren temporada agosto \u2013 diciembre, que llegar\u00e1 a nueve municipios. La Orquesta T\u00edpica Yukalpet\u00e9n (OTY) y las inigualables voces de Lenny S\u00e1nchez y \u00c1ngel Falc\u00f3n, revivieron a los autores y compositores m\u00e1s c\u00e9lebres de nuestra tierra como Augusto \u201cGuty\u201d C\u00e1rdenas, Pepe Dom\u00ednguez, Luis Demetrio, Armando Manzanero &hellip;<\/p>\n","protected":false},"author":5,"featured_media":176277,"comment_status":"open","ping_status":"open","sticky":false,"template":"","format":"standard","meta":{"_mi_skip_tracking":false},"categories":[50,37],"tags":[28491,185,28188,9585,1557],"_links":{"self":[{"href":"https:\/\/visionpeninsular.com\/mid\/wp-json\/wp\/v2\/posts\/176275"}],"collection":[{"href":"https:\/\/visionpeninsular.com\/mid\/wp-json\/wp\/v2\/posts"}],"about":[{"href":"https:\/\/visionpeninsular.com\/mid\/wp-json\/wp\/v2\/types\/post"}],"author":[{"embeddable":true,"href":"https:\/\/visionpeninsular.com\/mid\/wp-json\/wp\/v2\/users\/5"}],"replies":[{"embeddable":true,"href":"https:\/\/visionpeninsular.com\/mid\/wp-json\/wp\/v2\/comments?post=176275"}],"version-history":[{"count":1,"href":"https:\/\/visionpeninsular.com\/mid\/wp-json\/wp\/v2\/posts\/176275\/revisions"}],"predecessor-version":[{"id":176278,"href":"https:\/\/visionpeninsular.com\/mid\/wp-json\/wp\/v2\/posts\/176275\/revisions\/176278"}],"wp:featuredmedia":[{"embeddable":true,"href":"https:\/\/visionpeninsular.com\/mid\/wp-json\/wp\/v2\/media\/176277"}],"wp:attachment":[{"href":"https:\/\/visionpeninsular.com\/mid\/wp-json\/wp\/v2\/media?parent=176275"}],"wp:term":[{"taxonomy":"category","embeddable":true,"href":"https:\/\/visionpeninsular.com\/mid\/wp-json\/wp\/v2\/categories?post=176275"},{"taxonomy":"post_tag","embeddable":true,"href":"https:\/\/visionpeninsular.com\/mid\/wp-json\/wp\/v2\/tags?post=176275"}],"curies":[{"name":"wp","href":"https:\/\/api.w.org\/{rel}","templated":true}]}}