{"id":176246,"date":"2023-09-01T09:52:00","date_gmt":"2023-09-01T14:52:00","guid":{"rendered":"https:\/\/visionpeninsular.com\/mid\/?p=176246"},"modified":"2023-09-01T13:01:42","modified_gmt":"2023-09-01T18:01:42","slug":"cuestionan-fallo-del-iepac","status":"publish","type":"post","link":"https:\/\/visionpeninsular.com\/mid\/cuestionan-fallo-del-iepac\/","title":{"rendered":"Cuestionan fallo del  IEPAC por campa\u00f1as anticipadas"},"content":{"rendered":"\n<p><\/p>\n\n\n\n<p>M\u00e9rida, Yucat\u00e1n a 1 de septiembre de 2023 (Visi\u00f3n Peninsular).- Luego de que el Instituto Electoral y de Participaci\u00f3n Ciudadana (Iepac) desechara las denuncias contra el secretario de educaci\u00f3n, Liborio Vidal Aguilar, el secretario general del Infonavit, Rogerio Castro V\u00e1zquez y el diputado federal, Rommel Pacheco Marrufo por actos anticipados de campa\u00f1a, la coordinadora de AMISY, Mar\u00eda Eugen\u00eda N\u00fa\u00f1ez Zapata, cuestion\u00f3 la actuaci\u00f3n del \u00e1rbitro local.<\/p>\n\n\n\n<p>La activista se\u00f1al\u00f3 que la denuncia que presentaron ante el \u00e1rbitro electoral local estaba bien sustentada, por lo que el voto de las y los consejeros fue inesperado. La queja, adem\u00e1s iba acompa\u00f1ada de una fe notarial como garant\u00eda de la exagerada promoci\u00f3n personal de los servidores p\u00fablicos que buscan contender por la gubernatura.<\/p>\n\n\n\n<p>Record\u00f3 que en el pasado proceso electoral, el Instituto tambi\u00e9n les desech\u00f3 un recurso para garantizar la paridad sustantiva aduciendo que ya hab\u00eda empezado el proceso electoral y lo \u00fanico que hicieron fue prolongar la lucha de las mujeres.\u00a0<\/p>\n\n\n\n<figure class=\"wp-block-image size-large\"><img loading=\"lazy\" width=\"1024\" height=\"683\" src=\"https:\/\/visionpeninsular.com\/mid\/wp-content\/uploads\/2023\/07\/WhatsApp-Image-2023-07-29-at-8.57.12-PM-1024x683.jpeg\" alt=\"\" class=\"wp-image-174544\" srcset=\"https:\/\/visionpeninsular.com\/mid\/wp-content\/uploads\/2023\/07\/WhatsApp-Image-2023-07-29-at-8.57.12-PM-1024x683.jpeg 1024w, https:\/\/visionpeninsular.com\/mid\/wp-content\/uploads\/2023\/07\/WhatsApp-Image-2023-07-29-at-8.57.12-PM-300x200.jpeg 300w, https:\/\/visionpeninsular.com\/mid\/wp-content\/uploads\/2023\/07\/WhatsApp-Image-2023-07-29-at-8.57.12-PM-768x512.jpeg 768w, https:\/\/visionpeninsular.com\/mid\/wp-content\/uploads\/2023\/07\/WhatsApp-Image-2023-07-29-at-8.57.12-PM.jpeg 1500w\" sizes=\"(max-width: 1024px) 100vw, 1024px\" \/><\/figure>\n\n\n\n<p>En ese momento, las activistas recurrieron a la Sala Superior del Tribunal Electoral Federal que 96 d\u00edas despu\u00e9s obliga al iepac a reponer las candidaturas para mujeres y quitar las candidaturas de varones en el bloque de paridad.&nbsp;<\/p>\n\n\n\n<p>\u201cEs inexplicable, inaceptable e inesperado porque en AMISY hemos tenido una interlocuci\u00f3n bastante firme y fluida con el IEPAC, me extra\u00f1a mucho el rechazo de esta denuncia porque realizamos un esfuerzo fisico y economico para respaldar nuestro d\u00eda de evidencias gr\u00e1ficas y una f\u00e9 notarial que certificaba que ah\u00ed estaban las mantas, las bardas y los espectaculares\u201d.&nbsp;<\/p>\n\n\n\n<p>Lament\u00f3 que el argumento del Consejo General del IEPAC para desechar nuestra denuncia fue poner en duda nuestra representatividad ciudadana y no la violaci\u00f3n a la ley.&nbsp;<\/p>\n\n\n\n<p>Ello dijo, pone en tela de juicio el papel que jugar\u00e1 el \u00e1rbitro electoral de Yucat\u00e1n en el siguiente proceso electoral.&nbsp;<\/p>\n<div class='share-to-whatsapp-wrapper'><div class='share-on-whsp'>Share on: <\/div><a data-text='Cuestionan fallo del  IEPAC por campa\u00f1as anticipadas' data-link='https:\/\/visionpeninsular.com\/mid\/cuestionan-fallo-del-iepac\/' class='whatsapp-button whatsapp-share'>WhatsApp<\/a><div class='clear '><\/div><\/div>","protected":false},"excerpt":{"rendered":"<p>M\u00e9rida, Yucat\u00e1n a 1 de septiembre de 2023 (Visi\u00f3n Peninsular).- Luego de que el Instituto Electoral y de Participaci\u00f3n Ciudadana (Iepac) desechara las denuncias contra el secretario de educaci\u00f3n, Liborio Vidal Aguilar, el secretario general del Infonavit, Rogerio Castro V\u00e1zquez y el diputado federal, Rommel Pacheco Marrufo por actos anticipados de campa\u00f1a, la coordinadora de &hellip;<\/p>\n","protected":false},"author":12,"featured_media":176248,"comment_status":"open","ping_status":"open","sticky":false,"template":"","format":"standard","meta":{"_mi_skip_tracking":false},"categories":[49,50,37],"tags":[12920,1393,27136,38054,37119],"_links":{"self":[{"href":"https:\/\/visionpeninsular.com\/mid\/wp-json\/wp\/v2\/posts\/176246"}],"collection":[{"href":"https:\/\/visionpeninsular.com\/mid\/wp-json\/wp\/v2\/posts"}],"about":[{"href":"https:\/\/visionpeninsular.com\/mid\/wp-json\/wp\/v2\/types\/post"}],"author":[{"embeddable":true,"href":"https:\/\/visionpeninsular.com\/mid\/wp-json\/wp\/v2\/users\/12"}],"replies":[{"embeddable":true,"href":"https:\/\/visionpeninsular.com\/mid\/wp-json\/wp\/v2\/comments?post=176246"}],"version-history":[{"count":3,"href":"https:\/\/visionpeninsular.com\/mid\/wp-json\/wp\/v2\/posts\/176246\/revisions"}],"predecessor-version":[{"id":176251,"href":"https:\/\/visionpeninsular.com\/mid\/wp-json\/wp\/v2\/posts\/176246\/revisions\/176251"}],"wp:featuredmedia":[{"embeddable":true,"href":"https:\/\/visionpeninsular.com\/mid\/wp-json\/wp\/v2\/media\/176248"}],"wp:attachment":[{"href":"https:\/\/visionpeninsular.com\/mid\/wp-json\/wp\/v2\/media?parent=176246"}],"wp:term":[{"taxonomy":"category","embeddable":true,"href":"https:\/\/visionpeninsular.com\/mid\/wp-json\/wp\/v2\/categories?post=176246"},{"taxonomy":"post_tag","embeddable":true,"href":"https:\/\/visionpeninsular.com\/mid\/wp-json\/wp\/v2\/tags?post=176246"}],"curies":[{"name":"wp","href":"https:\/\/api.w.org\/{rel}","templated":true}]}}