{"id":176164,"date":"2023-08-30T19:42:55","date_gmt":"2023-08-31T00:42:55","guid":{"rendered":"https:\/\/visionpeninsular.com\/mid\/?p=176164"},"modified":"2023-08-30T19:42:56","modified_gmt":"2023-08-31T00:42:56","slug":"remembranzas-cubanas-vive-la-experiencia-de-cuba-en-yucatan","status":"publish","type":"post","link":"https:\/\/visionpeninsular.com\/mid\/remembranzas-cubanas-vive-la-experiencia-de-cuba-en-yucatan\/","title":{"rendered":"Remembranzas cubanas, vive la experiencia de Cuba en Yucat\u00e1n"},"content":{"rendered":"\n<ul><li>Carlos Izquierdo y Enrique Claro invitan a un viaje por las noches de cabaret de La Habana.<\/li><li>La buena m\u00fasica no debe morir, Cuba y M\u00e9xico est\u00e1n hermanados por el arte y la cultura musical.<\/li><\/ul>\n\n\n\n<p>La m\u00fasica, la danza, la algarab\u00eda y la alegr\u00eda de la cultura cubana se presentar\u00e1n por primera vez en un fino espect\u00e1culo, creado por Carlos Izquierdo y Enrique Claro el \u201cCaballero de la Canci\u00f3n\u201d, el pr\u00f3ximo jueves 7 de septiembre a las 8 de la noche en el Teatro \u201cArmando Manzanero\u201d.<\/p>\n\n\n\n<p>Remembranzas Cubanas, \u00a1Claro con Izquierdo! Es el nombre de esta producci\u00f3n, que rinde un homenaje a todos esos grandes cabarets de la Habana que hicieron \u00e9poca y que transportar\u00e1 al espectador durante una hora y 20 minutos a un viaje espectacular por sitios tan afamados como el Tropicana, Parisien, Capri por mencionar algunos, sitios que han sido catalogados como los mejores centros nocturnos de la isla. Sin duda, ser\u00e1 toda una experiencia de Cuba en Yucat\u00e1n.<\/p>\n\n\n\n<p>En conferencia de prensa realizada en el bar Ruta 99, el director general art\u00edstico, Carlos Izquierdo coment\u00f3 que \u201ces un espect\u00e1culo completamente cubano, art\u00edstico, profesional y familiar, que dura una hora 25 minutos, somos 20 personas en escena dando lo mejor de nosotros, el grupo est\u00e1 formado por artistas cubanos y yucatecos que nos hemos estado preparando desde hace meses para eso\u201d.<\/p>\n\n\n\n<p>Asimismo, adelant\u00f3 que dentro del programa se presentar\u00e1 un bloque de boleros en homenaje a la m\u00fasica mexicana y otro bloque africano que son las ra\u00edces cubanas. \u201cQueremos que el p\u00fablico tenga m\u00e1s de una hora de exquisitez, de alegr\u00eda, que disfruten diferentes g\u00e9neros de ritmos como el mambo, la rumba, el cha, cha, cha, las congas, la salsa, todo est\u00e1 estilizado a lo que es el cabaret cubano\u201d.<\/p>\n\n\n\n<p><strong>Remembranza<\/strong><\/p>\n\n\n\n<p>Por su parte, \u201cEl Caballero de la Canci\u00f3n\u201d, record\u00f3 que en la d\u00e9cada de los 80\u00b4s llegaron a Yucat\u00e1n esos espect\u00e1culos, estuvieron en varios restaurantes familiares donde se presentaron y despu\u00e9s de ser cobijados por los yucatecos y beber agua de pozo se quedaron. \u201cM\u00e9xico y Cuba son dos pa\u00edses que se han caracterizado por el amor y la cultura a la m\u00fasica y el baile y se pens\u00f3 en hacer una remembranza de todos esos famosos cabarets\u201d.<\/p>\n\n\n\n<p>Agreg\u00f3 que lo que se pretende es que los yucatecos recuerden esa \u00e9poca, porque a pesar de que no est\u00e1n en contra de los nuevos g\u00e9neros musicales, mucha gente est\u00e1 \u00e1vida de recordar o conocer esos ritmos, queremos rememorar eso porque lo bueno no debe morir nunca.<\/p>\n\n\n\n<p>Finalmente, Robert Sol\u00eds, director general de TusBoletos.Mx, agradeci\u00f3 la invitaci\u00f3n a este evento y mencion\u00f3 que los precios de los boletos por zonas son: Tropicana $375, Parisien $275, Capri $175 y Riviera $125. \u201cLa verdad es que est\u00e1n s\u00faper accesibles y los pueden adquirir directamente en la taquilla del teatro Armando Manzanero, en la p\u00e1gina de internet www.TusBoletos.Mx, o en los puntos de venta de Electr\u00f3nica Gonz\u00e1lez, Plaza Las Am\u00e9ricas y Altabrisa\u201d.<\/p>\n\n\n\n<p>Remembranzas Cubanas, \u00a1Claro con Izquierdo\u201d, es un evento que se presentar\u00e1 por primera vez el 7 de septiembre pr\u00f3ximo, sin embargo, ya se tienen fecha para presentarlo en Valladolid y Canc\u00fan, otra fecha en el mismo teatro y en Ruta 99.<\/p>\n<div class='share-to-whatsapp-wrapper'><div class='share-on-whsp'>Share on: <\/div><a data-text='Remembranzas cubanas, vive la experiencia de Cuba en Yucat\u00e1n' data-link='https:\/\/visionpeninsular.com\/mid\/remembranzas-cubanas-vive-la-experiencia-de-cuba-en-yucatan\/' class='whatsapp-button whatsapp-share'>WhatsApp<\/a><div class='clear '><\/div><\/div>","protected":false},"excerpt":{"rendered":"<p>Carlos Izquierdo y Enrique Claro invitan a un viaje por las noches de cabaret de La Habana.La buena m\u00fasica no debe morir, Cuba y M\u00e9xico est\u00e1n hermanados por el arte y la cultura musical. La m\u00fasica, la danza, la algarab\u00eda y la alegr\u00eda de la cultura cubana se presentar\u00e1n por primera vez en un fino &hellip;<\/p>\n","protected":false},"author":5,"featured_media":176166,"comment_status":"open","ping_status":"open","sticky":false,"template":"","format":"standard","meta":{"_mi_skip_tracking":false},"categories":[50,37],"tags":[38024,38023],"_links":{"self":[{"href":"https:\/\/visionpeninsular.com\/mid\/wp-json\/wp\/v2\/posts\/176164"}],"collection":[{"href":"https:\/\/visionpeninsular.com\/mid\/wp-json\/wp\/v2\/posts"}],"about":[{"href":"https:\/\/visionpeninsular.com\/mid\/wp-json\/wp\/v2\/types\/post"}],"author":[{"embeddable":true,"href":"https:\/\/visionpeninsular.com\/mid\/wp-json\/wp\/v2\/users\/5"}],"replies":[{"embeddable":true,"href":"https:\/\/visionpeninsular.com\/mid\/wp-json\/wp\/v2\/comments?post=176164"}],"version-history":[{"count":1,"href":"https:\/\/visionpeninsular.com\/mid\/wp-json\/wp\/v2\/posts\/176164\/revisions"}],"predecessor-version":[{"id":176167,"href":"https:\/\/visionpeninsular.com\/mid\/wp-json\/wp\/v2\/posts\/176164\/revisions\/176167"}],"wp:featuredmedia":[{"embeddable":true,"href":"https:\/\/visionpeninsular.com\/mid\/wp-json\/wp\/v2\/media\/176166"}],"wp:attachment":[{"href":"https:\/\/visionpeninsular.com\/mid\/wp-json\/wp\/v2\/media?parent=176164"}],"wp:term":[{"taxonomy":"category","embeddable":true,"href":"https:\/\/visionpeninsular.com\/mid\/wp-json\/wp\/v2\/categories?post=176164"},{"taxonomy":"post_tag","embeddable":true,"href":"https:\/\/visionpeninsular.com\/mid\/wp-json\/wp\/v2\/tags?post=176164"}],"curies":[{"name":"wp","href":"https:\/\/api.w.org\/{rel}","templated":true}]}}