{"id":176080,"date":"2023-08-29T19:41:36","date_gmt":"2023-08-30T00:41:36","guid":{"rendered":"https:\/\/visionpeninsular.com\/mid\/?p=176080"},"modified":"2023-08-29T19:41:37","modified_gmt":"2023-08-30T00:41:37","slug":"mauricio-vila-dosal-sorprende-con-su-visita-a-la-abuelita-aurelia-ramirez-cetina-de-100-anos-de-edad","status":"publish","type":"post","link":"https:\/\/visionpeninsular.com\/mid\/mauricio-vila-dosal-sorprende-con-su-visita-a-la-abuelita-aurelia-ramirez-cetina-de-100-anos-de-edad\/","title":{"rendered":"Mauricio Vila Dosal sorprende con su visita a la abuelita Aurelia Ram\u00edrez Cetina de 100 a\u00f1os de edad"},"content":{"rendered":"\n<ul><li><strong><em>Vila Dosal lleg\u00f3 al domicilio de do\u00f1a Aurelia, quien anhelaba conocer al Gobernador de Yucat\u00e1n en su cumplea\u00f1os n\u00famero 100.<\/em><\/strong><\/li><\/ul>\n\n\n\n<p>M\u00e9rida, Yucat\u00e1n, 29 de agosto de 2023.- El anhelado sue\u00f1o de do\u00f1a Aurelia Ram\u00edrez Cetina, a quien de cari\u00f1o le dicen \u201cLela\u201d, se hizo realidad al recibir la sorpresiva visita del Gobernador Mauricio Vila Dosal para felicitarla por su cumplea\u00f1os n\u00famero 100, que reci\u00e9n cumpli\u00f3 en julio pasado, siendo una de las abuelitas m\u00e1s grandes en la capital y quien pidi\u00f3 de regalo conocerlo.<\/p>\n\n\n\n<figure class=\"wp-block-image size-full\"><img loading=\"lazy\" width=\"500\" height=\"333\" src=\"https:\/\/visionpeninsular.com\/mid\/wp-content\/uploads\/2023\/08\/lela-2.jpg\" alt=\"\" class=\"wp-image-176083\" srcset=\"https:\/\/visionpeninsular.com\/mid\/wp-content\/uploads\/2023\/08\/lela-2.jpg 500w, https:\/\/visionpeninsular.com\/mid\/wp-content\/uploads\/2023\/08\/lela-2-300x200.jpg 300w, https:\/\/visionpeninsular.com\/mid\/wp-content\/uploads\/2023\/08\/lela-2-310x205.jpg 310w\" sizes=\"(max-width: 500px) 100vw, 500px\" \/><\/figure>\n\n\n\n<p>Emocionada y con los ojos llorosos al ver a Vila Dosal llegar a su domicilio, Lela lo recibi\u00f3 con un fuerte abrazo y agradeci\u00e9ndole su visita, \u201cMuchas gracias por venir, Gobernador, era mi ilusi\u00f3n y ped\u00ed a mi familia que de regalo de cumplea\u00f1os de 100 a\u00f1os pueda conocerlo en persona\u201d, le dijo la mujer al Gobernador.<\/p>\n\n\n\n<figure class=\"wp-block-image size-full\"><img loading=\"lazy\" width=\"500\" height=\"389\" src=\"https:\/\/visionpeninsular.com\/mid\/wp-content\/uploads\/2023\/08\/lela-3.jpg\" alt=\"\" class=\"wp-image-176084\" srcset=\"https:\/\/visionpeninsular.com\/mid\/wp-content\/uploads\/2023\/08\/lela-3.jpg 500w, https:\/\/visionpeninsular.com\/mid\/wp-content\/uploads\/2023\/08\/lela-3-300x233.jpg 300w\" sizes=\"(max-width: 500px) 100vw, 500px\" \/><\/figure>\n\n\n\n<p>Durante una pl\u00e1tica en la sala de su casa, Lela le cont\u00f3 al Gobernador que es fan\u00e1tica de los Leones de Yucat\u00e1n, por lo que Vila Dosal le obsequi\u00f3 la nueva jersey edici\u00f3n especial de los melenudos, la gorra oficial, una pelota y una taza, para que pueda seguir apoyando al equipo yucateco de b\u00e9isbol y le llev\u00f3 un sandwich\u00f3n, su platillo favorito; adem\u00e1s, la invit\u00f3 a asistir a uno de los juegos en el Kukulc\u00e1n junto con toda su familia.<\/p>\n\n\n\n<figure class=\"wp-block-image size-full\"><img loading=\"lazy\" width=\"500\" height=\"351\" src=\"https:\/\/visionpeninsular.com\/mid\/wp-content\/uploads\/2023\/08\/lela-4.jpg\" alt=\"\" class=\"wp-image-176085\" srcset=\"https:\/\/visionpeninsular.com\/mid\/wp-content\/uploads\/2023\/08\/lela-4.jpg 500w, https:\/\/visionpeninsular.com\/mid\/wp-content\/uploads\/2023\/08\/lela-4-300x211.jpg 300w\" sizes=\"(max-width: 500px) 100vw, 500px\" \/><\/figure>\n\n\n\n<p>Mientras le ense\u00f1aban el \u00e1lbum de fotos del festejo de su cumplea\u00f1os, Vila Dosal le indic\u00f3 que le dio mucho gusto conocerla y a su familia, quienes los mantiene unidos el amor por Lela. \u201cQue siempre siga brindando felicidad a los suyos y contin\u00fae siendo el pilar de su familia\u201d, dijo el Gobernador.<\/p>\n\n\n\n<figure class=\"wp-block-image size-full\"><img loading=\"lazy\" width=\"500\" height=\"333\" src=\"https:\/\/visionpeninsular.com\/mid\/wp-content\/uploads\/2023\/08\/lela-5.jpg\" alt=\"\" class=\"wp-image-176086\" srcset=\"https:\/\/visionpeninsular.com\/mid\/wp-content\/uploads\/2023\/08\/lela-5.jpg 500w, https:\/\/visionpeninsular.com\/mid\/wp-content\/uploads\/2023\/08\/lela-5-300x200.jpg 300w, https:\/\/visionpeninsular.com\/mid\/wp-content\/uploads\/2023\/08\/lela-5-310x205.jpg 310w\" sizes=\"(max-width: 500px) 100vw, 500px\" \/><\/figure>\n\n\n\n<p>Acerca de la grata sorpresa, la hermana de Lela, Noem\u00ed Ram\u00edrez Cetina, comparti\u00f3 al Gobernador que el mayor sue\u00f1o de Lela era conocerlo, pues todos los d\u00edas ha o\u00eddo del trabajo que realiza y le causa admiraci\u00f3n el esfuerzo que dirige para la transformaci\u00f3n de Yucat\u00e1n, siempre, con cercan\u00eda a la gente, lo que hoy corrobor\u00f3.<\/p>\n\n\n\n<figure class=\"wp-block-image size-full\"><img loading=\"lazy\" width=\"500\" height=\"360\" src=\"https:\/\/visionpeninsular.com\/mid\/wp-content\/uploads\/2023\/08\/lela-6.jpg\" alt=\"\" class=\"wp-image-176087\" srcset=\"https:\/\/visionpeninsular.com\/mid\/wp-content\/uploads\/2023\/08\/lela-6.jpg 500w, https:\/\/visionpeninsular.com\/mid\/wp-content\/uploads\/2023\/08\/lela-6-300x216.jpg 300w\" sizes=\"(max-width: 500px) 100vw, 500px\" \/><\/figure>\n\n\n\n<p>\u201cHoy, Lela se siente muy feliz y realizada, est\u00e1 s\u00faper agradecida y, sobre todo, nos llena el coraz\u00f3n ver que nuestro Gobernador es cercano a su gente. El hecho de que llegue a una casa para poder visitar a una ciudadana es maravilloso y eso habla bien de \u00e9l como Gobernador de Yucat\u00e1n, que no se olvida de los ciudadanos y es muy cercano\u201d, asegur\u00f3 Noem\u00ed Ram\u00edrez Cetina.<\/p>\n\n\n\n<figure class=\"wp-block-image size-full\"><img loading=\"lazy\" width=\"500\" height=\"373\" src=\"https:\/\/visionpeninsular.com\/mid\/wp-content\/uploads\/2023\/08\/lela-7.jpg\" alt=\"\" class=\"wp-image-176088\" srcset=\"https:\/\/visionpeninsular.com\/mid\/wp-content\/uploads\/2023\/08\/lela-7.jpg 500w, https:\/\/visionpeninsular.com\/mid\/wp-content\/uploads\/2023\/08\/lela-7-300x224.jpg 300w\" sizes=\"(max-width: 500px) 100vw, 500px\" \/><\/figure>\n\n\n\n<figure class=\"wp-block-image size-full\"><img loading=\"lazy\" width=\"500\" height=\"333\" src=\"https:\/\/visionpeninsular.com\/mid\/wp-content\/uploads\/2023\/08\/lela-8.jpg\" alt=\"\" class=\"wp-image-176089\" srcset=\"https:\/\/visionpeninsular.com\/mid\/wp-content\/uploads\/2023\/08\/lela-8.jpg 500w, https:\/\/visionpeninsular.com\/mid\/wp-content\/uploads\/2023\/08\/lela-8-300x200.jpg 300w, https:\/\/visionpeninsular.com\/mid\/wp-content\/uploads\/2023\/08\/lela-8-310x205.jpg 310w\" sizes=\"(max-width: 500px) 100vw, 500px\" \/><\/figure>\n\n\n\n<p>Antes de continuar con su agenda de trabajo, Vila Dosal se comprometi\u00f3 con la familia de Lela para apoyar a su sobrino Roberto Rodr\u00edguez, quien fue seleccionado para participar en los pr\u00f3ximos Juegos Panamericanos en Chile, en la disciplina de hockey sobre pasto, como parte tambi\u00e9n del respaldo que brinda a los j\u00f3venes yucatecos que ponen en alto el nombre de Yucat\u00e1n.<\/p>\n<div class='share-to-whatsapp-wrapper'><div class='share-on-whsp'>Share on: <\/div><a data-text='Mauricio Vila Dosal sorprende con su visita a la abuelita Aurelia Ram\u00edrez Cetina de 100 a\u00f1os de edad' data-link='https:\/\/visionpeninsular.com\/mid\/mauricio-vila-dosal-sorprende-con-su-visita-a-la-abuelita-aurelia-ramirez-cetina-de-100-anos-de-edad\/' class='whatsapp-button whatsapp-share'>WhatsApp<\/a><div class='clear '><\/div><\/div>","protected":false},"excerpt":{"rendered":"<p>Vila Dosal lleg\u00f3 al domicilio de do\u00f1a Aurelia, quien anhelaba conocer al Gobernador de Yucat\u00e1n en su cumplea\u00f1os n\u00famero 100. M\u00e9rida, Yucat\u00e1n, 29 de agosto de 2023.- El anhelado sue\u00f1o de do\u00f1a Aurelia Ram\u00edrez Cetina, a quien de cari\u00f1o le dicen \u201cLela\u201d, se hizo realidad al recibir la sorpresiva visita del Gobernador Mauricio Vila Dosal &hellip;<\/p>\n","protected":false},"author":5,"featured_media":176082,"comment_status":"open","ping_status":"open","sticky":false,"template":"","format":"standard","meta":{"_mi_skip_tracking":false},"categories":[49,37],"tags":[28118,3861,38003],"_links":{"self":[{"href":"https:\/\/visionpeninsular.com\/mid\/wp-json\/wp\/v2\/posts\/176080"}],"collection":[{"href":"https:\/\/visionpeninsular.com\/mid\/wp-json\/wp\/v2\/posts"}],"about":[{"href":"https:\/\/visionpeninsular.com\/mid\/wp-json\/wp\/v2\/types\/post"}],"author":[{"embeddable":true,"href":"https:\/\/visionpeninsular.com\/mid\/wp-json\/wp\/v2\/users\/5"}],"replies":[{"embeddable":true,"href":"https:\/\/visionpeninsular.com\/mid\/wp-json\/wp\/v2\/comments?post=176080"}],"version-history":[{"count":1,"href":"https:\/\/visionpeninsular.com\/mid\/wp-json\/wp\/v2\/posts\/176080\/revisions"}],"predecessor-version":[{"id":176090,"href":"https:\/\/visionpeninsular.com\/mid\/wp-json\/wp\/v2\/posts\/176080\/revisions\/176090"}],"wp:featuredmedia":[{"embeddable":true,"href":"https:\/\/visionpeninsular.com\/mid\/wp-json\/wp\/v2\/media\/176082"}],"wp:attachment":[{"href":"https:\/\/visionpeninsular.com\/mid\/wp-json\/wp\/v2\/media?parent=176080"}],"wp:term":[{"taxonomy":"category","embeddable":true,"href":"https:\/\/visionpeninsular.com\/mid\/wp-json\/wp\/v2\/categories?post=176080"},{"taxonomy":"post_tag","embeddable":true,"href":"https:\/\/visionpeninsular.com\/mid\/wp-json\/wp\/v2\/tags?post=176080"}],"curies":[{"name":"wp","href":"https:\/\/api.w.org\/{rel}","templated":true}]}}