{"id":175972,"date":"2023-08-27T20:33:28","date_gmt":"2023-08-28T01:33:28","guid":{"rendered":"https:\/\/visionpeninsular.com\/mid\/?p=175972"},"modified":"2023-08-27T20:35:29","modified_gmt":"2023-08-28T01:35:29","slug":"padres-de-familia-protestan-por-libros-de-texto","status":"publish","type":"post","link":"https:\/\/visionpeninsular.com\/mid\/padres-de-familia-protestan-por-libros-de-texto\/","title":{"rendered":"Padres de familia protestan por libros de texto"},"content":{"rendered":"\n<p>M\u00e9rida, Yucat\u00e1n a 27 de agosto de 2023.- Grupos conservadores encabezaron en capital yucateca una marcha contra los libros de texto gratuitos que comenzar\u00e1 a distribuir el Gobierno del Estado con el comienzo del ciclo escolar.<\/p>\n\n\n\n<p>Con pancartas en las que expresaban consignas en contra de los contenidos de la Nueva Escuela Mexicana<\/p>\n\n\n\n<p>Se pronunciaron que en las escuelas se implementen ideolog\u00edas de g\u00e9nero y adoctrinamiento, incitar a los menores a la sexualidad temprana, promover la transexualidad, intercambio de roles de g\u00e9nero y lenguaje distorsionado.<\/p>\n\n\n\n<p>\u201cEsto no es inclusi\u00f3n, ni respeto, es manipulaci\u00f3n, es adoctrinamiento, es anticient\u00edfico, nocivo para la mente de un ni\u00f1o en desarrollo, solo les crear\u00e1 confusi\u00f3n y da\u00f1o a su autoestima los expondr\u00e1 al abuso sexual dentro y fuera de la escuela\u201d.<\/p>\n\n\n\n<p>Durante la manifestaci\u00f3n en la que tambi\u00e9n participaron grupos religiosos, se\u00f1alaron que usar los libros de texto gratuitos para ideologizar es ilegal, por lo que salieron en defensa de la educaci\u00f3n.<\/p>\n\n\n\n<p>Alejandra Y\u00e1\u00f1ez Rubio de Uniendo Caminos, manifest\u00f3 que el gobierno no tiene porque incitar a las ni\u00f1as y ni\u00f1os a la homosexualidad o heterosexualidad, porque ese es un tema privado.<\/p>\n\n\n\n<p>Exhort\u00f3 al Gobierno de Mauricio Vila Dosal para acatar la resoluci\u00f3n judicial que frena la distribuci\u00f3n de los textos y llam\u00f3 a los directores y docentes a utilizar otro material complementario y no los LTG; mientras que a los padres de familia les pidi\u00f3 levantar la voz y desde casa trabajar con sus hijos.<\/p>\n<div class='share-to-whatsapp-wrapper'><div class='share-on-whsp'>Share on: <\/div><a data-text='Padres de familia protestan por libros de texto' data-link='https:\/\/visionpeninsular.com\/mid\/padres-de-familia-protestan-por-libros-de-texto\/' class='whatsapp-button whatsapp-share'>WhatsApp<\/a><div class='clear '><\/div><\/div>","protected":false},"excerpt":{"rendered":"<p>M\u00e9rida, Yucat\u00e1n a 27 de agosto de 2023.- Grupos conservadores encabezaron en capital yucateca una marcha contra los libros de texto gratuitos que comenzar\u00e1 a distribuir el Gobierno del Estado con el comienzo del ciclo escolar. Con pancartas en las que expresaban consignas en contra de los contenidos de la Nueva Escuela Mexicana Se pronunciaron &hellip;<\/p>\n","protected":false},"author":12,"featured_media":175974,"comment_status":"open","ping_status":"open","sticky":false,"template":"","format":"standard","meta":{"_mi_skip_tracking":false},"categories":[49,37],"tags":[13800,904,37970,107,1576],"_links":{"self":[{"href":"https:\/\/visionpeninsular.com\/mid\/wp-json\/wp\/v2\/posts\/175972"}],"collection":[{"href":"https:\/\/visionpeninsular.com\/mid\/wp-json\/wp\/v2\/posts"}],"about":[{"href":"https:\/\/visionpeninsular.com\/mid\/wp-json\/wp\/v2\/types\/post"}],"author":[{"embeddable":true,"href":"https:\/\/visionpeninsular.com\/mid\/wp-json\/wp\/v2\/users\/12"}],"replies":[{"embeddable":true,"href":"https:\/\/visionpeninsular.com\/mid\/wp-json\/wp\/v2\/comments?post=175972"}],"version-history":[{"count":2,"href":"https:\/\/visionpeninsular.com\/mid\/wp-json\/wp\/v2\/posts\/175972\/revisions"}],"predecessor-version":[{"id":175978,"href":"https:\/\/visionpeninsular.com\/mid\/wp-json\/wp\/v2\/posts\/175972\/revisions\/175978"}],"wp:featuredmedia":[{"embeddable":true,"href":"https:\/\/visionpeninsular.com\/mid\/wp-json\/wp\/v2\/media\/175974"}],"wp:attachment":[{"href":"https:\/\/visionpeninsular.com\/mid\/wp-json\/wp\/v2\/media?parent=175972"}],"wp:term":[{"taxonomy":"category","embeddable":true,"href":"https:\/\/visionpeninsular.com\/mid\/wp-json\/wp\/v2\/categories?post=175972"},{"taxonomy":"post_tag","embeddable":true,"href":"https:\/\/visionpeninsular.com\/mid\/wp-json\/wp\/v2\/tags?post=175972"}],"curies":[{"name":"wp","href":"https:\/\/api.w.org\/{rel}","templated":true}]}}