{"id":175947,"date":"2023-08-26T19:56:26","date_gmt":"2023-08-27T00:56:26","guid":{"rendered":"https:\/\/visionpeninsular.com\/mid\/?p=175947"},"modified":"2023-08-26T19:56:28","modified_gmt":"2023-08-27T00:56:28","slug":"festival-de-las-culturas-promueve-paz-a-traves-del-arte","status":"publish","type":"post","link":"https:\/\/visionpeninsular.com\/mid\/festival-de-las-culturas-promueve-paz-a-traves-del-arte\/","title":{"rendered":"Festival de las Culturas promueve paz a trav\u00e9s del arte"},"content":{"rendered":"\n<ul><li><strong><em>El evento enmarca la celebraci\u00f3n por el 40 aniversario de la comisar\u00eda de Flamboyanes<\/em><\/strong><\/li><\/ul>\n\n\n\n<p>Familias de Flamboyanes y visitantes celebraron el 40 aniversario de esta comisar\u00eda progrese\u00f1a, primer lugar beneficiado con la estrategia Comunidades construyendo paz, de la administraci\u00f3n del Gobernador Mauricio Vila Dosal, con la inauguraci\u00f3n de un festival art\u00edstico.<\/p>\n\n\n\n<p>En la cancha de la colonia Campestre se desarroll\u00f3 el evento con m\u00fasica y juegos interactivos para ni\u00f1as, ni\u00f1os y j\u00f3venes, mediante la uni\u00f3n de esfuerzos de las Secretar\u00edas General de Gobierno (SGG), y de la Cultura y las Artes (Sedeculta), el Centro Estatal de Prevenci\u00f3n del Delito y Participaci\u00f3n Ciudadana (Cepredey), el Ayuntamiento de Progreso, la Fundaci\u00f3n del Empresariado Yucateco A. C. (Feyac) y Avanza, Promotores unidos por Flamboyanes A. C..<\/p>\n\n\n\n<p>Al presidir el encuentro, la titular de la Secretar\u00eda de la Cultura y las Artes (Sedeculta), Loreto Villanueva Trujillo, dot\u00f3 al espacio cultural de este territorio, de un paquete del esquema Entrega de equipamiento a casas y espacios de cultura 2023, que consiste en bocina, micr\u00f3fonos y teclado, tambi\u00e9n otorg\u00f3 instrumentos musicales a la batucada juvenil, que fueron donados por el Grupo Internacional de Mujeres.<\/p>\n\n\n\n<p>Resalt\u00f3 que, como parte de las acciones transversales de la mencionada estrategia, la Sedeculta se suma con talleres de teatro y danza en los g\u00e9neros de ballet, jazz y baile de sal\u00f3n. Inform\u00f3 que Gigante Cinema, t\u00edteres y cuentacuentos son actividades presentes en el citado proyecto y anunci\u00f3 que pr\u00f3ximamente se abrir\u00e1 una convocatoria para tocar la batucada.<\/p>\n\n\n\n<p>Puntualiz\u00f3 que el Gobernador ha estado trabajando en la reactivaci\u00f3n de casas y espacios de cultura en los 106 municipios de Yucat\u00e1n \u00abporque tambi\u00e9n queremos construir paz en todos los municipios de Yucat\u00e1n, queremos que siga siendo un Yucat\u00e1n pac\u00edfico y eso el arte y la cultura nos ayuda mucho\u00bb.<\/p>\n\n\n\n<p>\u00abEstamos seguros que con acciones como esta vamos transformando la vida en las comunidades beneficiando a miles de personas generando espacios para cultivar la creatividad y fomentando la sana convivencia. Felicitaciones por estos 40 a\u00f1os de esta hermosa comunidad de Flamboyanes\u00bb, destac\u00f3.<\/p>\n\n\n\n<p>La directora del Cepredey, Joana Brice\u00f1o Ascencio, apunt\u00f3 que este proyecto ha tra\u00eddo un trabajo coordinado, semanalmente o cada 15 d\u00edas se re\u00fanen con representantes del sitio para gestionar las necesidades de sus habitantes, los servicios de salud y orientaci\u00f3n, la activaci\u00f3n de los espacios p\u00fablicos, como el Centro Comunitario H\u00e1bitat.<\/p>\n\n\n\n<p>\u00abComunidades Construyendo Paz es un programa que impulsamos para fortalecer lazos al interior de las comunidades y estos lazos a veces son invisibles para ustedes, pero los miran cuando salen a su parque y ver que hay actividades deportivas; todo eso forma parte de este programa que el Gobernador nos encarg\u00f3 muy puntualmente para ustedes y para mejorar precisamente su bienestar en esta comunidad\u00bb, precis\u00f3.<\/p>\n\n\n\n<p>Asimismo las funcionarias dieron reconocimientos a los colonos fundadores, junto con la s\u00edndico municipal de Progreso, Patricia Rosado Gonz\u00e1lez, el diputado del distrito IX del Congreso del Estado, Erik Rihani Gonz\u00e1lez y el comisario Carlos Noyola Sosa.<\/p>\n\n\n\n<p>A nombre de sus compa\u00f1eros, Carla Lor\u00eda Sunza, comparti\u00f3 su experiencia de cuatro d\u00e9cadas de servir a la poblaci\u00f3n y dijo \u00abestoy muy contenta porque la verdad s\u00ed le hac\u00eda falta esto a esta comunidad, 40 a\u00f1os de fundaci\u00f3n parece poco. Aqu\u00ed la gente es noble, es buena y le gusta todo esto que el Gobierno del Estado le est\u00e1 metiendo a nuestra comunidad que mucho le hac\u00eda falta\u201d.<\/p>\n\n\n\n<p>El momento emotivo fue la interpretaci\u00f3n de las ma\u00f1anitas a cargo de la Banda de M\u00fasica del Cepredey, que dirigi\u00f3 Juan Carlos Hern\u00e1ndez, y el corte de pastel de aniversario.<\/p>\n\n\n\n<p>Comunidades construyendo paz, tiene el objetivo de generar entornos m\u00e1s seguros y libres de violencia, a trav\u00e9s de planes integrales para atender a la ciudadan\u00eda y generar un cambio social. A trav\u00e9s de Cepredey integra las voluntades institucionales de 18 dependencias del Gobierno del Estado y sociedad civil.<\/p>\n\n\n\n<p>El Festival contin\u00faa este 25 y 26, a partir de las 17:30 horas, con una muestra gastron\u00f3mica, pasarela infantil, bailes de sal\u00f3n, folclor de Veracruz y Yucat\u00e1n, bazar de emprendedores y mucho m\u00e1s. La entrada es libre.<\/p>\n<div class='share-to-whatsapp-wrapper'><div class='share-on-whsp'>Share on: <\/div><a data-text='Festival de las Culturas promueve paz a trav\u00e9s del arte' data-link='https:\/\/visionpeninsular.com\/mid\/festival-de-las-culturas-promueve-paz-a-traves-del-arte\/' class='whatsapp-button whatsapp-share'>WhatsApp<\/a><div class='clear '><\/div><\/div>","protected":false},"excerpt":{"rendered":"<p>El evento enmarca la celebraci\u00f3n por el 40 aniversario de la comisar\u00eda de Flamboyanes Familias de Flamboyanes y visitantes celebraron el 40 aniversario de esta comisar\u00eda progrese\u00f1a, primer lugar beneficiado con la estrategia Comunidades construyendo paz, de la administraci\u00f3n del Gobernador Mauricio Vila Dosal, con la inauguraci\u00f3n de un festival art\u00edstico. En la cancha de &hellip;<\/p>\n","protected":false},"author":5,"featured_media":175949,"comment_status":"open","ping_status":"open","sticky":false,"template":"","format":"standard","meta":{"_mi_skip_tracking":false},"categories":[50,37],"tags":[37966,3979],"_links":{"self":[{"href":"https:\/\/visionpeninsular.com\/mid\/wp-json\/wp\/v2\/posts\/175947"}],"collection":[{"href":"https:\/\/visionpeninsular.com\/mid\/wp-json\/wp\/v2\/posts"}],"about":[{"href":"https:\/\/visionpeninsular.com\/mid\/wp-json\/wp\/v2\/types\/post"}],"author":[{"embeddable":true,"href":"https:\/\/visionpeninsular.com\/mid\/wp-json\/wp\/v2\/users\/5"}],"replies":[{"embeddable":true,"href":"https:\/\/visionpeninsular.com\/mid\/wp-json\/wp\/v2\/comments?post=175947"}],"version-history":[{"count":1,"href":"https:\/\/visionpeninsular.com\/mid\/wp-json\/wp\/v2\/posts\/175947\/revisions"}],"predecessor-version":[{"id":175950,"href":"https:\/\/visionpeninsular.com\/mid\/wp-json\/wp\/v2\/posts\/175947\/revisions\/175950"}],"wp:featuredmedia":[{"embeddable":true,"href":"https:\/\/visionpeninsular.com\/mid\/wp-json\/wp\/v2\/media\/175949"}],"wp:attachment":[{"href":"https:\/\/visionpeninsular.com\/mid\/wp-json\/wp\/v2\/media?parent=175947"}],"wp:term":[{"taxonomy":"category","embeddable":true,"href":"https:\/\/visionpeninsular.com\/mid\/wp-json\/wp\/v2\/categories?post=175947"},{"taxonomy":"post_tag","embeddable":true,"href":"https:\/\/visionpeninsular.com\/mid\/wp-json\/wp\/v2\/tags?post=175947"}],"curies":[{"name":"wp","href":"https:\/\/api.w.org\/{rel}","templated":true}]}}