{"id":175930,"date":"2023-08-26T18:30:30","date_gmt":"2023-08-26T23:30:30","guid":{"rendered":"https:\/\/visionpeninsular.com\/mid\/?p=175930"},"modified":"2023-08-26T18:30:31","modified_gmt":"2023-08-26T23:30:31","slug":"sentenciado-a-30-anos-de-prision-por-violacion-en-juicio-abreviado","status":"publish","type":"post","link":"https:\/\/visionpeninsular.com\/mid\/sentenciado-a-30-anos-de-prision-por-violacion-en-juicio-abreviado\/","title":{"rendered":"Sentenciado a 30 a\u00f1os de prisi\u00f3n por violaci\u00f3n, en juicio abreviado"},"content":{"rendered":"\n<p>En una audiencia de procedimiento abreviado se dict\u00f3 un fallo condenatorio a A.A.M.Z., quien fue sentenciado a 30 a\u00f1os de prisi\u00f3n al ser encontrado penalmente responsable del delito de violaci\u00f3n equiparada agravada, denunciado tras los hechos ocurridos en el a\u00f1o 2021.<\/p>\n\n\n\n<p>De acuerdo con la indagatoria realizada por la Fiscal\u00eda General del Estado (FGE) el sentenciado utiliz\u00f3 la violencia f\u00edsica y moral para imponerle la c\u00f3pula a la v\u00edctima menor de edad y de identidad reservada, por lo que fue presentada la formal denuncia en la causa penal 111\/2022.<\/p>\n\n\n\n<p>Durante la audiencia celebrada en el Juzgado Primero de Control del Segundo Distrito Judicial, con sede en Kanas\u00edn, tras contar con la anuencia de las partes involucradas, la Fiscal\u00eda aport\u00f3 los datos de prueba que permitieron a la Juez de Control otorgar el citado fallo condenatorio y adem\u00e1s de la pena privativa de la libertad, conden\u00f3 al acusado al pago de la reparaci\u00f3n del da\u00f1o, le fueron suspendidos sus derechos pol\u00edticos, recibir\u00e1 una amonestaci\u00f3n p\u00fablica, no podr\u00e1 acercarse a la v\u00edctima de manera permanente a trav\u00e9s de redes sociales o de terceras personas, adem\u00e1s que perder\u00e1 sus derechos de familia.<\/p>\n\n\n\n<p>Antes de concluir la diligencia se dispens\u00f3 la lectura y explicaci\u00f3n de sentencia, por lo que quedan en firme las penas se\u00f1aladas.<\/p>\n<div class='share-to-whatsapp-wrapper'><div class='share-on-whsp'>Share on: <\/div><a data-text='Sentenciado a 30 a\u00f1os de prisi\u00f3n por violaci\u00f3n, en juicio abreviado' data-link='https:\/\/visionpeninsular.com\/mid\/sentenciado-a-30-anos-de-prision-por-violacion-en-juicio-abreviado\/' class='whatsapp-button whatsapp-share'>WhatsApp<\/a><div class='clear '><\/div><\/div>","protected":false},"excerpt":{"rendered":"<p>En una audiencia de procedimiento abreviado se dict\u00f3 un fallo condenatorio a A.A.M.Z., quien fue sentenciado a 30 a\u00f1os de prisi\u00f3n al ser encontrado penalmente responsable del delito de violaci\u00f3n equiparada agravada, denunciado tras los hechos ocurridos en el a\u00f1o 2021. De acuerdo con la indagatoria realizada por la Fiscal\u00eda General del Estado (FGE) el &hellip;<\/p>\n","protected":false},"author":5,"featured_media":148137,"comment_status":"open","ping_status":"open","sticky":false,"template":"","format":"standard","meta":{"_mi_skip_tracking":false},"categories":[50,37],"tags":[37961,666],"_links":{"self":[{"href":"https:\/\/visionpeninsular.com\/mid\/wp-json\/wp\/v2\/posts\/175930"}],"collection":[{"href":"https:\/\/visionpeninsular.com\/mid\/wp-json\/wp\/v2\/posts"}],"about":[{"href":"https:\/\/visionpeninsular.com\/mid\/wp-json\/wp\/v2\/types\/post"}],"author":[{"embeddable":true,"href":"https:\/\/visionpeninsular.com\/mid\/wp-json\/wp\/v2\/users\/5"}],"replies":[{"embeddable":true,"href":"https:\/\/visionpeninsular.com\/mid\/wp-json\/wp\/v2\/comments?post=175930"}],"version-history":[{"count":1,"href":"https:\/\/visionpeninsular.com\/mid\/wp-json\/wp\/v2\/posts\/175930\/revisions"}],"predecessor-version":[{"id":175932,"href":"https:\/\/visionpeninsular.com\/mid\/wp-json\/wp\/v2\/posts\/175930\/revisions\/175932"}],"wp:featuredmedia":[{"embeddable":true,"href":"https:\/\/visionpeninsular.com\/mid\/wp-json\/wp\/v2\/media\/148137"}],"wp:attachment":[{"href":"https:\/\/visionpeninsular.com\/mid\/wp-json\/wp\/v2\/media?parent=175930"}],"wp:term":[{"taxonomy":"category","embeddable":true,"href":"https:\/\/visionpeninsular.com\/mid\/wp-json\/wp\/v2\/categories?post=175930"},{"taxonomy":"post_tag","embeddable":true,"href":"https:\/\/visionpeninsular.com\/mid\/wp-json\/wp\/v2\/tags?post=175930"}],"curies":[{"name":"wp","href":"https:\/\/api.w.org\/{rel}","templated":true}]}}