{"id":175896,"date":"2023-08-25T19:45:04","date_gmt":"2023-08-26T00:45:04","guid":{"rendered":"https:\/\/visionpeninsular.com\/mid\/?p=175896"},"modified":"2023-08-25T19:45:05","modified_gmt":"2023-08-26T00:45:05","slug":"el-primero-de-octubre-carrera-teleton-fundacion-bepensa-2023-en-apoyo-a-integrantes-del-crit-yucatan","status":"publish","type":"post","link":"https:\/\/visionpeninsular.com\/mid\/el-primero-de-octubre-carrera-teleton-fundacion-bepensa-2023-en-apoyo-a-integrantes-del-crit-yucatan\/","title":{"rendered":"El primero de octubre, carrera Telet\u00f3n-Fundaci\u00f3n Bepensa 2023, en apoyo a integrantes del CRIT Yucat\u00e1n"},"content":{"rendered":"\n<p>Con el objetivo de recaudar fondos para apoyar a la ni\u00f1ez y adolescentes del Centro de Rehabilitaci\u00f3n Infantil Telet\u00f3n (CRIT) Yucat\u00e1n, el primero de octubre pr\u00f3ximo, tendr\u00e1 lugar la octava edici\u00f3n de la Carrera Telet\u00f3n-Fundaci\u00f3n Bepensa, evento que estrenar\u00e1 ruta para este 2023.<\/p>\n\n\n\n<p>Claudia Ponce Miranda, directora general del CRIT Yucat\u00e1n, dio a conocer los detalles de la competencia que incluir\u00e1 carrera y caminata recreativa, de ocho y tres kil\u00f3metros, respectivamente.<\/p>\n\n\n\n<figure class=\"wp-block-image size-full\"><img loading=\"lazy\" width=\"600\" height=\"399\" src=\"https:\/\/visionpeninsular.com\/mid\/wp-content\/uploads\/2023\/08\/respectivamene.jpg\" alt=\"\" class=\"wp-image-175899\" srcset=\"https:\/\/visionpeninsular.com\/mid\/wp-content\/uploads\/2023\/08\/respectivamene.jpg 600w, https:\/\/visionpeninsular.com\/mid\/wp-content\/uploads\/2023\/08\/respectivamene-300x200.jpg 300w, https:\/\/visionpeninsular.com\/mid\/wp-content\/uploads\/2023\/08\/respectivamene-310x205.jpg 310w\" sizes=\"(max-width: 600px) 100vw, 600px\" \/><\/figure>\n\n\n\n<p>El disparo de salida se dar\u00e1 a las 6.30 horas y se contar\u00e1 con modalidades en ambas ramas, as\u00ed como una categor\u00eda para personas con discapacidad.<\/p>\n\n\n\n<p>Para esta edici\u00f3n, la justa estrenar\u00e1 ruta, ya que en esta ocasi\u00f3n la salida y meta ser\u00e1 en el Remate del Paseo de Montejo. Anteriormente, el derrotero arrancaba y finalizaba en las instalaciones del CRIT Yucat\u00e1n, sobre perif\u00e9rico poniente.<\/p>\n\n\n\n<p>Las inscripciones est\u00e1n abiertas en la p\u00e1gina de khronometraje.com, con un donativo de 280 pesos para los que se registren durante agosto y 310 para quienes lo hagan en septiembre.<\/p>\n\n\n\n<figure class=\"wp-block-image size-full\"><img loading=\"lazy\" width=\"400\" height=\"490\" src=\"https:\/\/visionpeninsular.com\/mid\/wp-content\/uploads\/2023\/08\/septiembre-crit.jpg\" alt=\"\" class=\"wp-image-175900\" srcset=\"https:\/\/visionpeninsular.com\/mid\/wp-content\/uploads\/2023\/08\/septiembre-crit.jpg 400w, https:\/\/visionpeninsular.com\/mid\/wp-content\/uploads\/2023\/08\/septiembre-crit-245x300.jpg 245w\" sizes=\"(max-width: 400px) 100vw, 400px\" \/><\/figure>\n\n\n\n<p>A los participantes se les entregar\u00e1 una playera y medalla, mientras que como parte de la premiaci\u00f3n se otorgar\u00e1n reconocimientos a los primeros lugares de cada categor\u00eda y rama. En la presentaci\u00f3n, Ponce Miranda estuvo acompa\u00f1ada por Carlos S\u00e1enz Castillo, director del Instituto del Deporte del Estado (IDEY); Jes\u00fas Aguilar y Aguilar, secretario t\u00e9cnico de Deportes del Ayuntamiento de M\u00e9rida; Margarita Ponce D\u00edaz y Carlos Mart\u00edn Brice\u00f1o, presidenta y director de Fundaci\u00f3n Bepensa, respectivamente; adem\u00e1s de la atleta del CRIT, Cinthia Rinc\u00f3n S\u00e1nchez.<\/p>\n<div class='share-to-whatsapp-wrapper'><div class='share-on-whsp'>Share on: <\/div><a data-text='El primero de octubre, carrera Telet\u00f3n-Fundaci\u00f3n Bepensa 2023, en apoyo a integrantes del CRIT Yucat\u00e1n' data-link='https:\/\/visionpeninsular.com\/mid\/el-primero-de-octubre-carrera-teleton-fundacion-bepensa-2023-en-apoyo-a-integrantes-del-crit-yucatan\/' class='whatsapp-button whatsapp-share'>WhatsApp<\/a><div class='clear '><\/div><\/div>","protected":false},"excerpt":{"rendered":"<p>Con el objetivo de recaudar fondos para apoyar a la ni\u00f1ez y adolescentes del Centro de Rehabilitaci\u00f3n Infantil Telet\u00f3n (CRIT) Yucat\u00e1n, el primero de octubre pr\u00f3ximo, tendr\u00e1 lugar la octava edici\u00f3n de la Carrera Telet\u00f3n-Fundaci\u00f3n Bepensa, evento que estrenar\u00e1 ruta para este 2023. Claudia Ponce Miranda, directora general del CRIT Yucat\u00e1n, dio a conocer los &hellip;<\/p>\n","protected":false},"author":5,"featured_media":175898,"comment_status":"open","ping_status":"open","sticky":false,"template":"","format":"standard","meta":{"_mi_skip_tracking":false},"categories":[50,37],"tags":[37951,37950],"_links":{"self":[{"href":"https:\/\/visionpeninsular.com\/mid\/wp-json\/wp\/v2\/posts\/175896"}],"collection":[{"href":"https:\/\/visionpeninsular.com\/mid\/wp-json\/wp\/v2\/posts"}],"about":[{"href":"https:\/\/visionpeninsular.com\/mid\/wp-json\/wp\/v2\/types\/post"}],"author":[{"embeddable":true,"href":"https:\/\/visionpeninsular.com\/mid\/wp-json\/wp\/v2\/users\/5"}],"replies":[{"embeddable":true,"href":"https:\/\/visionpeninsular.com\/mid\/wp-json\/wp\/v2\/comments?post=175896"}],"version-history":[{"count":1,"href":"https:\/\/visionpeninsular.com\/mid\/wp-json\/wp\/v2\/posts\/175896\/revisions"}],"predecessor-version":[{"id":175901,"href":"https:\/\/visionpeninsular.com\/mid\/wp-json\/wp\/v2\/posts\/175896\/revisions\/175901"}],"wp:featuredmedia":[{"embeddable":true,"href":"https:\/\/visionpeninsular.com\/mid\/wp-json\/wp\/v2\/media\/175898"}],"wp:attachment":[{"href":"https:\/\/visionpeninsular.com\/mid\/wp-json\/wp\/v2\/media?parent=175896"}],"wp:term":[{"taxonomy":"category","embeddable":true,"href":"https:\/\/visionpeninsular.com\/mid\/wp-json\/wp\/v2\/categories?post=175896"},{"taxonomy":"post_tag","embeddable":true,"href":"https:\/\/visionpeninsular.com\/mid\/wp-json\/wp\/v2\/tags?post=175896"}],"curies":[{"name":"wp","href":"https:\/\/api.w.org\/{rel}","templated":true}]}}