{"id":175847,"date":"2023-08-24T22:44:47","date_gmt":"2023-08-25T03:44:47","guid":{"rendered":"https:\/\/visionpeninsular.com\/mid\/?p=175847"},"modified":"2023-08-24T22:44:48","modified_gmt":"2023-08-25T03:44:48","slug":"procivy-alerta-por-la-formacion-de-una-tormenta-tropical-al-sur-de-la-peninsula-de-yucatan","status":"publish","type":"post","link":"https:\/\/visionpeninsular.com\/mid\/procivy-alerta-por-la-formacion-de-una-tormenta-tropical-al-sur-de-la-peninsula-de-yucatan\/","title":{"rendered":"PROCIVY alerta por la formaci\u00f3n de una tormenta tropical al sur de la Pen\u00ednsula de Yucat\u00e1n"},"content":{"rendered":"\n<p>La direcci\u00f3n de Protecci\u00f3n Civil de Yucat\u00e1n emiti\u00f3 este d\u00eda una alerta por la presencia de un sistema tropical que se encuentra al sur de la Pen\u00ednsula de Yucat\u00e1n que podr\u00eda gestar un hurac\u00e1n y cuya trayectoria advierte afectaciones para municipios del sur-oriente del estado.<\/p>\n\n\n\n<p>Protecci\u00f3n Civil inform\u00f3 que, vigila un \u00e1rea de Baja Presi\u00f3n, con moderado potencial para desarrollo cicl\u00f3nico de 10 por ciento a 2 d\u00edas y un 50 por ciento en 7 d\u00edas, que se encuentra en este momento frente a las costas de El Salvador y cuya condici\u00f3n de inestabilidad indica la posibilidad de cruzar los pa\u00edses centroamericanos y salir al Golfo de Honduras en trayectoria norte para alcanzar costas de Belice y el Caribe Mexicano.<\/p>\n\n\n\n<figure class=\"wp-block-image size-full\"><img loading=\"lazy\" width=\"600\" height=\"328\" src=\"https:\/\/visionpeninsular.com\/mid\/wp-content\/uploads\/2023\/08\/costas-de-belice.jpg\" alt=\"\" class=\"wp-image-175850\" srcset=\"https:\/\/visionpeninsular.com\/mid\/wp-content\/uploads\/2023\/08\/costas-de-belice.jpg 600w, https:\/\/visionpeninsular.com\/mid\/wp-content\/uploads\/2023\/08\/costas-de-belice-300x164.jpg 300w\" sizes=\"(max-width: 600px) 100vw, 600px\" \/><\/figure>\n\n\n\n<p>Independientemente de su evoluci\u00f3n, detalla el reporte de Procivy, el fen\u00f3meno climatol\u00f3gico aportar\u00e1 aire mar\u00edtimo tropical hacia Yucat\u00e1n originando lluvia de diversa intensidad a partir de este jueves 24 de agosto. Por el momento, no hay alerta de cicl\u00f3n tropical para Yucat\u00e1n, pero se invita a la poblaci\u00f3n a tomar sus precauciones, destaca el reporte.<\/p>\n\n\n\n<p>Sobre este tema, el Centro Nacional de Huracanes de La Florida inform\u00f3 que, en este momento monitorea el avance de cuatro sistemas tropicales que se mantienen activos, tres de ellos en el Atl\u00e1ntico y zonas del Mar Caribe y uno m\u00e1s en la zona del Pac\u00edfico, frente a Centro Am\u00e9rica y cuya evoluci\u00f3n indica la posible formaci\u00f3n de un cicl\u00f3n en los siguientes d\u00edas.<\/p>\n\n\n\n<p>El CNH detall\u00f3 que, los sistemas activos son: la Tormenta Tropical Franklin, localizada al este de las Islas Turcas y Caicos, a unos mil 600 kil\u00f3metros de las costas mexicanas y que cruz\u00f3 la Isla de Rep\u00fablica Dominicana y Hait\u00ed dejando intensas lluvias, afectaciones menores y la condici\u00f3n de incrementar su fuerza al salir al Atl\u00e1ntico central.<\/p>\n\n\n\n<p>Adem\u00e1s, en el \u00e1rea central de Atl\u00e1ntico Subtropical se encuentran los remanentes de la tormenta Emily, que se form\u00f3 el lunes pasado, este sistema se encuentra a mil 600 kil\u00f3meros al este-sureste de Bermuda, que est\u00e1n produciendo un \u00e1rea alargada de aguaceros y tormentas el\u00e9ctricas desorganizadas, muy distante de las costas mexicanas.<\/p>\n\n\n\n<figure class=\"wp-block-image size-full\"><img loading=\"lazy\" width=\"600\" height=\"332\" src=\"https:\/\/visionpeninsular.com\/mid\/wp-content\/uploads\/2023\/08\/costas-mexicanas.jpg\" alt=\"\" class=\"wp-image-175851\" srcset=\"https:\/\/visionpeninsular.com\/mid\/wp-content\/uploads\/2023\/08\/costas-mexicanas.jpg 600w, https:\/\/visionpeninsular.com\/mid\/wp-content\/uploads\/2023\/08\/costas-mexicanas-300x166.jpg 300w\" sizes=\"(max-width: 600px) 100vw, 600px\" \/><\/figure>\n\n\n\n<p>Los datos de vientos por sat\u00e9lite recibidos recientemente sugieren que el sistema ha perdido organizaci\u00f3n desde ayer, pero una depresi\u00f3n o tormenta tropical a\u00fan podr\u00eda formarse a medida que se mueve hacia el norte sobre el Atl\u00e1ntico central subtropical. Para este fin de semana, se espera que el sistema se fusione con un l\u00edmite frontal al norte de la Corriente del Golfo, la probabilidad de formaci\u00f3n de una tormenta en 48 horas es mediana, esto es de un 50 por ciento.<\/p>\n\n\n\n<p>Una tercera disrupci\u00f3n que incluye aguaceros y las tormentas el\u00e9ctricas desorganizadas contin\u00faan en asociaci\u00f3n con un \u00e1rea de baja presi\u00f3n localizada a mitad de camino entre las Islas de Cabo Verde y las Antillas Menores del norte. Si bien las condiciones ambientales son marginales para un desarrollo adicional, podr\u00edan volverse m\u00e1s propicias en unos d\u00edas. Una depresi\u00f3n tropical podr\u00eda formarse a principios de la pr\u00f3xima semana mientras el sistema se mueve hacia el oeste-noroeste a noroeste hacia el centro<\/p>\n\n\n\n<p>Finalmente, se indica que, un \u00e1rea amplia de baja presi\u00f3n centrada sobre Am\u00e9rica Central se mueva hacia el noroeste del Mar Caribe este fin de semana.<\/p>\n\n\n\n<p>Es posible alg\u00fan desarrollo gradual de este sistema a partir de entonces hasta principios de la pr\u00f3xima semana, y una depresi\u00f3n tropical podr\u00eda formarse, mientras se mueve lentamente hacia el norte, ingresando al este del Golfo de M\u00e9xico. La probabilidad de formaci\u00f3n en las siguientes 48 horas es baja, un10 por ciento, en tanto que, a siete d\u00edas se incrementa hasta en un 60 por ciento, por lo que es preciso dar seguimiento puntual, detall\u00f3.<\/p>\n<div class='share-to-whatsapp-wrapper'><div class='share-on-whsp'>Share on: <\/div><a data-text='PROCIVY alerta por la formaci\u00f3n de una tormenta tropical al sur de la Pen\u00ednsula de Yucat\u00e1n' data-link='https:\/\/visionpeninsular.com\/mid\/procivy-alerta-por-la-formacion-de-una-tormenta-tropical-al-sur-de-la-peninsula-de-yucatan\/' class='whatsapp-button whatsapp-share'>WhatsApp<\/a><div class='clear '><\/div><\/div>","protected":false},"excerpt":{"rendered":"<p>La direcci\u00f3n de Protecci\u00f3n Civil de Yucat\u00e1n emiti\u00f3 este d\u00eda una alerta por la presencia de un sistema tropical que se encuentra al sur de la Pen\u00ednsula de Yucat\u00e1n que podr\u00eda gestar un hurac\u00e1n y cuya trayectoria advierte afectaciones para municipios del sur-oriente del estado. Protecci\u00f3n Civil inform\u00f3 que, vigila un \u00e1rea de Baja Presi\u00f3n, &hellip;<\/p>\n","protected":false},"author":5,"featured_media":175849,"comment_status":"open","ping_status":"open","sticky":false,"template":"","format":"standard","meta":{"_mi_skip_tracking":false},"categories":[50,37],"tags":[37932,1835,37933],"_links":{"self":[{"href":"https:\/\/visionpeninsular.com\/mid\/wp-json\/wp\/v2\/posts\/175847"}],"collection":[{"href":"https:\/\/visionpeninsular.com\/mid\/wp-json\/wp\/v2\/posts"}],"about":[{"href":"https:\/\/visionpeninsular.com\/mid\/wp-json\/wp\/v2\/types\/post"}],"author":[{"embeddable":true,"href":"https:\/\/visionpeninsular.com\/mid\/wp-json\/wp\/v2\/users\/5"}],"replies":[{"embeddable":true,"href":"https:\/\/visionpeninsular.com\/mid\/wp-json\/wp\/v2\/comments?post=175847"}],"version-history":[{"count":1,"href":"https:\/\/visionpeninsular.com\/mid\/wp-json\/wp\/v2\/posts\/175847\/revisions"}],"predecessor-version":[{"id":175852,"href":"https:\/\/visionpeninsular.com\/mid\/wp-json\/wp\/v2\/posts\/175847\/revisions\/175852"}],"wp:featuredmedia":[{"embeddable":true,"href":"https:\/\/visionpeninsular.com\/mid\/wp-json\/wp\/v2\/media\/175849"}],"wp:attachment":[{"href":"https:\/\/visionpeninsular.com\/mid\/wp-json\/wp\/v2\/media?parent=175847"}],"wp:term":[{"taxonomy":"category","embeddable":true,"href":"https:\/\/visionpeninsular.com\/mid\/wp-json\/wp\/v2\/categories?post=175847"},{"taxonomy":"post_tag","embeddable":true,"href":"https:\/\/visionpeninsular.com\/mid\/wp-json\/wp\/v2\/tags?post=175847"}],"curies":[{"name":"wp","href":"https:\/\/api.w.org\/{rel}","templated":true}]}}