{"id":175801,"date":"2023-08-24T12:15:29","date_gmt":"2023-08-24T17:15:29","guid":{"rendered":"https:\/\/visionpeninsular.com\/mid\/?p=175801"},"modified":"2023-08-24T12:15:30","modified_gmt":"2023-08-24T17:15:30","slug":"ultimos-dias-para-inscribirse-a-jornada-internacional-de-arte-y-discapacidad-intelectual","status":"publish","type":"post","link":"https:\/\/visionpeninsular.com\/mid\/ultimos-dias-para-inscribirse-a-jornada-internacional-de-arte-y-discapacidad-intelectual\/","title":{"rendered":"\u00daltimos d\u00edas para inscribirse a Jornada Internacional de Arte y Discapacidad Intelectual"},"content":{"rendered":"\n<ul><li>Este 31 de agosto cierra el plazo para inscribir n\u00fameros art\u00edsticos para la quinta edici\u00f3n de este festival inclusivo.<\/li><\/ul>\n\n\n\n<p>El Instituto para la Inclusi\u00f3n de las Personas con Discapacidad (Iipedey) inform\u00f3 que este 31 de agosto cierra el plazo para inscribirse a la quinta edici\u00f3n de la Jornada Internacional de Arte y Discapacidad Intelectual, Yucat\u00e1n 2023.<\/p>\n\n\n\n<p>La directora general del Iipedey, Mar\u00eda Teresa V\u00e1zquez Baqueiro, detall\u00f3 que la jornada, impulsada en colaboraci\u00f3n con la Secretar\u00eda de la Cultura y las Artes (Sedeculta) y la Confederaci\u00f3n de Organizaciones de y para Personas con Discapacidad (CONFE), se llevar\u00e1 a cabo de manera virtual el 16 de noviembre y de forma presencial al d\u00eda siguiente, el 17.<\/p>\n\n\n\n<p>V\u00e1zquez Baqueiro indic\u00f3 que grupos y organizaciones de personas con discapacidad intelectual de cualquier estado de M\u00e9xico o pa\u00eds, que participen en representaciones art\u00edsticas como m\u00fasica, canto, danza, teatro, pintura y m\u00e1s, a\u00fan tienen tiempo para registrarse.<\/p>\n\n\n\n<p>Record\u00f3 que la edici\u00f3n pasada, en 2022, marc\u00f3 el regreso de este importante evento a la presencialidad, integrando un programa acad\u00e9mico y cultural con participantes de Campeche, Ciudad y Estado de M\u00e9xico, Quintana Roo, Tlaxcala, as\u00ed como Argentina, Bolivia, Brasil y Per\u00fa que convoc\u00f3 a cerca de 300 artistas con y sin discapacidad y m\u00e1s de 600 asistentes la noche de la gala presencial.<\/p>\n\n\n\n<p>\u201cLa Jornada Internacional de Arte y Discapacidad Intelectual, Yucat\u00e1n 2023, representa una oportunidad para celebrar la creatividad y el esp\u00edritu art\u00edstico de las personas con discapacidad intelectual\u201d, sostuvo.<\/p>\n\n\n\n<figure class=\"wp-block-image size-full\"><img loading=\"lazy\" width=\"600\" height=\"363\" src=\"https:\/\/visionpeninsular.com\/mid\/wp-content\/uploads\/2023\/08\/intelectual-sosruvo.jpg\" alt=\"\" class=\"wp-image-175804\" srcset=\"https:\/\/visionpeninsular.com\/mid\/wp-content\/uploads\/2023\/08\/intelectual-sosruvo.jpg 600w, https:\/\/visionpeninsular.com\/mid\/wp-content\/uploads\/2023\/08\/intelectual-sosruvo-300x182.jpg 300w\" sizes=\"(max-width: 600px) 100vw, 600px\" \/><\/figure>\n\n\n\n<p>Dijo que se dar\u00e1 prioridad a los proyectos que demuestren pr\u00e1cticas inclusivas al involucrar tanto a personas con discapacidad intelectual como a aquellas sin discapacidad.<\/p>\n\n\n\n<p>A su vez, la titular de la Sedeculta, Loreto Villanueva Trujillo, resalt\u00f3 que para la instituci\u00f3n que representa siempre es primordial respaldar este tipo de proyectos porque es una plataforma que permite reflexionar, descubrir y desarrollar el talento de las y los participantes, adem\u00e1s de consolidar un foro de expresi\u00f3n art\u00edstica incluyente.<\/p>\n\n\n\n<p>\u201cEste evento ser\u00e1 una gran oportunidad para que todas y todos puedan manifestarse a trav\u00e9s del arte, nos brinda la posibilidad de dirigir esfuerzos para lograr que quienes sean parte de la jornada logren acercarse a distintas disciplinas art\u00edsticas y eso les abra el panorama para conocer otras formas de expresi\u00f3n\u201d, a\u00f1adi\u00f3 la funcionaria.<\/p>\n\n\n\n<figure class=\"wp-block-image size-full\"><img loading=\"lazy\" width=\"600\" height=\"370\" src=\"https:\/\/visionpeninsular.com\/mid\/wp-content\/uploads\/2023\/08\/la-funcionaria.jpg\" alt=\"\" class=\"wp-image-175805\" srcset=\"https:\/\/visionpeninsular.com\/mid\/wp-content\/uploads\/2023\/08\/la-funcionaria.jpg 600w, https:\/\/visionpeninsular.com\/mid\/wp-content\/uploads\/2023\/08\/la-funcionaria-300x185.jpg 300w\" sizes=\"(max-width: 600px) 100vw, 600px\" \/><\/figure>\n\n\n\n<p>Sobre el evento, Irany Vera Manrique, de Aldea-Espacio de Arte, que trabaja principalmente con ni\u00f1as, ni\u00f1os y j\u00f3venes con autismo, consider\u00f3 que a trav\u00e9s de la Jornada las y los alumnos han tenido de presentar sus obras de arte en un ambiente motivador de respeto y hermandad.<\/p>\n\n\n\n<p>Por su parte, la presidenta de Club Especial Ayelem A.C., Nelly Cant\u00f3n M\u00e9ndez, consider\u00f3 que la Jornada de Arte representa una oportunidad para que las y los j\u00f3venes con discapacidad intelectual que acuden a la asociaci\u00f3n puedan desarrollar habilidades y adquirir la experiencia necesaria para desenvolverse en la cultura y las artes y, con ello, incluirse en la sociedad, por lo que hizo un llamado para no quedarse fuera de este gran evento.<\/p>\n\n\n\n<p>De igual forma, la presidenta de Aprendamos Juntos A.C., Leticia Romero Osorio, asegur\u00f3 que para la organizaci\u00f3n que encabeza ser\u00e1 un honor participar por quinta ocasi\u00f3n en la actividad, que favorece la inclusi\u00f3n adem\u00e1s de visibilizar las obras de las y los artistas con discapacidad con el p\u00fablico en general.<\/p>\n\n\n\n<figure class=\"wp-block-image size-full\"><img loading=\"lazy\" width=\"600\" height=\"328\" src=\"https:\/\/visionpeninsular.com\/mid\/wp-content\/uploads\/2023\/08\/publco-en-general.jpg\" alt=\"\" class=\"wp-image-175806\" srcset=\"https:\/\/visionpeninsular.com\/mid\/wp-content\/uploads\/2023\/08\/publco-en-general.jpg 600w, https:\/\/visionpeninsular.com\/mid\/wp-content\/uploads\/2023\/08\/publco-en-general-300x164.jpg 300w\" sizes=\"(max-width: 600px) 100vw, 600px\" \/><\/figure>\n\n\n\n<p>En su oportunidad, Norma Rodr\u00edguez Leal, del grupo Arts Productions, especializado en teatro inclusivo, asegur\u00f3 que participar a\u00f1o con a\u00f1o ha sido una gran experiencia para el colectivo, ya que les permite demostrar que \u201cno existen obst\u00e1culos, ni pandemias, si estamos encerrados o no, con lo que tenemos damos el coraz\u00f3n y seguimos haciendo teatro\u201d.<\/p>\n\n\n\n<p>Finalmente, la directora de InterArte A.C., Khristy Guti\u00e9rrez Urcelay, afirm\u00f3 que participar en la Jornada les permiti\u00f3 conocer el talento de m\u00e1s familias y organizaciones que trabajan en beneficio de las personas con discapacidad y sus familias. \u201cSumarnos a esta gran fiesta art\u00edstica en nuestro estado nos llena de alegr\u00eda y no podemos esperar para participar este a\u00f1o\u201d, expuso.<\/p>\n\n\n\n<p>Para m\u00e1s informaci\u00f3n sobre la convocatoria, se puede consultar en las redes sociales del Iipedey o en el sitio web discapacidad.yucatan.gob.mx.<\/p>\n\n\n\n<p>Las y los interesados tambi\u00e9n pueden ponerse en contacto con la dependencia a trav\u00e9s de los tel\u00e9fonos 9999303340 ext 23052 y 9996358371, el correo inclusion.comunicacion@gmail.com, o bien visitar las oficinas ubicadas al interior de la Ex penitenciar\u00eda Ju\u00e1rez.<\/p>\n<div class='share-to-whatsapp-wrapper'><div class='share-on-whsp'>Share on: <\/div><a data-text='\u00daltimos d\u00edas para inscribirse a Jornada Internacional de Arte y Discapacidad Intelectual' data-link='https:\/\/visionpeninsular.com\/mid\/ultimos-dias-para-inscribirse-a-jornada-internacional-de-arte-y-discapacidad-intelectual\/' class='whatsapp-button whatsapp-share'>WhatsApp<\/a><div class='clear '><\/div><\/div>","protected":false},"excerpt":{"rendered":"<p>Este 31 de agosto cierra el plazo para inscribir n\u00fameros art\u00edsticos para la quinta edici\u00f3n de este festival inclusivo. El Instituto para la Inclusi\u00f3n de las Personas con Discapacidad (Iipedey) inform\u00f3 que este 31 de agosto cierra el plazo para inscribirse a la quinta edici\u00f3n de la Jornada Internacional de Arte y Discapacidad Intelectual, Yucat\u00e1n &hellip;<\/p>\n","protected":false},"author":5,"featured_media":175803,"comment_status":"open","ping_status":"open","sticky":false,"template":"","format":"standard","meta":{"_mi_skip_tracking":false},"categories":[50,37],"tags":[36621,29147,1557],"_links":{"self":[{"href":"https:\/\/visionpeninsular.com\/mid\/wp-json\/wp\/v2\/posts\/175801"}],"collection":[{"href":"https:\/\/visionpeninsular.com\/mid\/wp-json\/wp\/v2\/posts"}],"about":[{"href":"https:\/\/visionpeninsular.com\/mid\/wp-json\/wp\/v2\/types\/post"}],"author":[{"embeddable":true,"href":"https:\/\/visionpeninsular.com\/mid\/wp-json\/wp\/v2\/users\/5"}],"replies":[{"embeddable":true,"href":"https:\/\/visionpeninsular.com\/mid\/wp-json\/wp\/v2\/comments?post=175801"}],"version-history":[{"count":1,"href":"https:\/\/visionpeninsular.com\/mid\/wp-json\/wp\/v2\/posts\/175801\/revisions"}],"predecessor-version":[{"id":175807,"href":"https:\/\/visionpeninsular.com\/mid\/wp-json\/wp\/v2\/posts\/175801\/revisions\/175807"}],"wp:featuredmedia":[{"embeddable":true,"href":"https:\/\/visionpeninsular.com\/mid\/wp-json\/wp\/v2\/media\/175803"}],"wp:attachment":[{"href":"https:\/\/visionpeninsular.com\/mid\/wp-json\/wp\/v2\/media?parent=175801"}],"wp:term":[{"taxonomy":"category","embeddable":true,"href":"https:\/\/visionpeninsular.com\/mid\/wp-json\/wp\/v2\/categories?post=175801"},{"taxonomy":"post_tag","embeddable":true,"href":"https:\/\/visionpeninsular.com\/mid\/wp-json\/wp\/v2\/tags?post=175801"}],"curies":[{"name":"wp","href":"https:\/\/api.w.org\/{rel}","templated":true}]}}