{"id":175731,"date":"2023-08-23T12:11:38","date_gmt":"2023-08-23T17:11:38","guid":{"rendered":"https:\/\/visionpeninsular.com\/mid\/?p=175731"},"modified":"2023-08-23T12:11:39","modified_gmt":"2023-08-23T17:11:39","slug":"temporada-de-ciclones-se-activa-en-el-atlantico","status":"publish","type":"post","link":"https:\/\/visionpeninsular.com\/mid\/temporada-de-ciclones-se-activa-en-el-atlantico\/","title":{"rendered":"Temporada de ciclones se activa en el Atl\u00e1ntico"},"content":{"rendered":"\n<ul><li><strong><em>Se activa la temporada de ciclones tropicales en el oc\u00e9ano Atl\u00e1ntico con la aparici\u00f3n de varios sistemas en diversos sectores de este lado del mundo.<\/em><\/strong><\/li><\/ul>\n\n\n\n<p>El especialista en meteorolog\u00eda de la UADY, Juan V\u00e1zquez Montalvo, advirti\u00f3 que esta situaci\u00f3n se debe a que ya inici\u00f3 la etapa cr\u00edtica en cuanto a la formaci\u00f3n de huracanes y tormentas tropicales, la cual se extiende hasta casi la recta final de la temporada.<\/p>\n\n\n\n<p>\u00abEs la parte en la que debemos estar pendientes de lo que sucede en la cuenca del oc\u00e9ano Atl\u00e1ntico, Mar Caribe y Golfo de M\u00e9xico, m\u00e1xime de que se prev\u00e9n muchos huracanes y eso es peligroso. Pero s\u00ed, del 20 de agosto al 10 de octubre, septiembre es el mes en que ha habido mayores afectaciones para Yucat\u00e1n, habr\u00e1 que estar pendientes\u00bb, explic\u00f3.<\/p>\n\n\n\n<p>Record\u00f3 que el pron\u00f3stico de la Universidad de Colorado, sobre la temporada de ciclones, comprende la formaci\u00f3n de 18 ciclones tropicales, de los que 9 ser\u00edan tormentas tropicales, 5 ser\u00edan huracanes moderados y 4 ser\u00edan huracanes intensos.<\/p>\n\n\n\n<p>De estos al menos 8 ciclones ya se formaron en lo que va de la temporada, de los que solo uno ya ha alcanzado la categor\u00eda de hurac\u00e1n moderado, aunque a\u00fan restan otros m\u00e1s que podr\u00edan formarse, pues existen las condiciones para ello.<\/p>\n\n\n\n<p><strong>Presencia del \u2018Ni\u00f1o\u2019<\/strong><\/p>\n\n\n\n<p>Sin embargo, recalc\u00f3 que la presencia del fen\u00f3meno del \u00abNi\u00f1o\u00bb ha generado que los ciclones se vuelvan err\u00e1ticos o se disipen, debido a la acci\u00f3n atmosf\u00e9rica.<\/p>\n\n\n\n<p>\u00abPues, hasta ahorita, el \u00abNi\u00f1o\u00bb ya desbarat\u00f3 a todos los que se han formado. Vamos a ver si sigue la buena suerte con el \u00abNi\u00f1o\u00bb y su aire cortante y veremos que sucede porque apenas estamos entrando a la etapa cr\u00edtica. Si sigue caliente el oc\u00e9ano Atl\u00e1ntico van a haber formaciones, seguramente, eso es un hecho. Y esta semana, va a ser de lluvias, va a haber mucha entrada de aire mar\u00edtimo tropical\u00bb, remarc\u00f3.<\/p>\n\n\n\n<p>Los ciclones \u00abFranklin\u00bb, \u00abGart\u00bb y \u00abHarold\u00bb fueron los \u00faltimos en hacer su aparici\u00f3n en el Atl\u00e1ntico, aunque solo el \u00faltimo ha tocado tierra como tormenta tropical.<\/p>\n<div class='share-to-whatsapp-wrapper'><div class='share-on-whsp'>Share on: <\/div><a data-text='Temporada de ciclones se activa en el Atl\u00e1ntico' data-link='https:\/\/visionpeninsular.com\/mid\/temporada-de-ciclones-se-activa-en-el-atlantico\/' class='whatsapp-button whatsapp-share'>WhatsApp<\/a><div class='clear '><\/div><\/div>","protected":false},"excerpt":{"rendered":"<p>Se activa la temporada de ciclones tropicales en el oc\u00e9ano Atl\u00e1ntico con la aparici\u00f3n de varios sistemas en diversos sectores de este lado del mundo. El especialista en meteorolog\u00eda de la UADY, Juan V\u00e1zquez Montalvo, advirti\u00f3 que esta situaci\u00f3n se debe a que ya inici\u00f3 la etapa cr\u00edtica en cuanto a la formaci\u00f3n de huracanes &hellip;<\/p>\n","protected":false},"author":5,"featured_media":175733,"comment_status":"open","ping_status":"open","sticky":false,"template":"","format":"standard","meta":{"_mi_skip_tracking":false},"categories":[50,37],"tags":[37904,37903,37902,15538],"_links":{"self":[{"href":"https:\/\/visionpeninsular.com\/mid\/wp-json\/wp\/v2\/posts\/175731"}],"collection":[{"href":"https:\/\/visionpeninsular.com\/mid\/wp-json\/wp\/v2\/posts"}],"about":[{"href":"https:\/\/visionpeninsular.com\/mid\/wp-json\/wp\/v2\/types\/post"}],"author":[{"embeddable":true,"href":"https:\/\/visionpeninsular.com\/mid\/wp-json\/wp\/v2\/users\/5"}],"replies":[{"embeddable":true,"href":"https:\/\/visionpeninsular.com\/mid\/wp-json\/wp\/v2\/comments?post=175731"}],"version-history":[{"count":1,"href":"https:\/\/visionpeninsular.com\/mid\/wp-json\/wp\/v2\/posts\/175731\/revisions"}],"predecessor-version":[{"id":175734,"href":"https:\/\/visionpeninsular.com\/mid\/wp-json\/wp\/v2\/posts\/175731\/revisions\/175734"}],"wp:featuredmedia":[{"embeddable":true,"href":"https:\/\/visionpeninsular.com\/mid\/wp-json\/wp\/v2\/media\/175733"}],"wp:attachment":[{"href":"https:\/\/visionpeninsular.com\/mid\/wp-json\/wp\/v2\/media?parent=175731"}],"wp:term":[{"taxonomy":"category","embeddable":true,"href":"https:\/\/visionpeninsular.com\/mid\/wp-json\/wp\/v2\/categories?post=175731"},{"taxonomy":"post_tag","embeddable":true,"href":"https:\/\/visionpeninsular.com\/mid\/wp-json\/wp\/v2\/tags?post=175731"}],"curies":[{"name":"wp","href":"https:\/\/api.w.org\/{rel}","templated":true}]}}