{"id":175672,"date":"2023-08-22T11:42:11","date_gmt":"2023-08-22T16:42:11","guid":{"rendered":"https:\/\/visionpeninsular.com\/mid\/?p=175672"},"modified":"2023-08-22T11:42:13","modified_gmt":"2023-08-22T16:42:13","slug":"lo-logramos-la-bandera-yucateca-vuelve-a-ondear-ramirez-marin","status":"publish","type":"post","link":"https:\/\/visionpeninsular.com\/mid\/lo-logramos-la-bandera-yucateca-vuelve-a-ondear-ramirez-marin\/","title":{"rendered":"\u00a1Lo logramos! la bandera yucateca vuelve a ondear: Ram\u00edrez Mar\u00edn"},"content":{"rendered":"\n<ul><li><strong><em>Tras muchos a\u00f1os de gestiones, el Senador logra una de sus m\u00e1s grandes aspiraciones al conseguir que la bandera del estado sea izada nuevamente tras m\u00e1s de 182 a\u00f1os<\/em><\/strong><\/li><\/ul>\n\n\n\n<p>\u201cEste es un sue\u00f1o hecho realidad, una lucha de funcionario, el que nuestra bandera, la \u00fanica con historia y que nos da identidad, vuelva a ondear\u201d, asegur\u00f3 el senador Jorge Carlos Ram\u00edrez Mar\u00edn, tras el izamiento de la insignia en el asta monumental a la salida de Progreso.<\/p>\n\n\n\n<p>A lo largo de su carrera, el Senador por Yucat\u00e1n ha sido un incansable promotor de este s\u00edmbolo que, hoy d\u00eda es un estandarte de la cultura, tradiciones y orgullo de ser yucateco \u201cy no solo de los que nacimos ac\u00e1, sino de todos los que vinieron a vivir y adoptaron esta tierra como suya\u201d.<\/p>\n\n\n\n<p>\u201cSiento un orgullo inmenso de ver ondear esa bandera sobre cielo yucateco por primera vez oficialmente, desde que la federaci\u00f3n prohibi\u00f3 el uso de la bandera yucateca\u201d, enfatiz\u00f3 el legislador.<\/p>\n\n\n\n<p>Sin embargo, se\u00f1al\u00f3 que si bien \u201cla sorpresa de hoy\u201d sobre la decisi\u00f3n de que el Gobierno del Estado realizar\u00e1 la ceremonia de izamiento es bien recibida, \u201cesperaba que el Congreso la votara primero\u201d, por lo que reitera el exhorto para que este \u00f3rgano legislativo proceda en consecuencia y se formalice en Yucat\u00e1n el uso oficial de sus s\u00edmbolos patrios.<\/p>\n\n\n\n<p>Para que este hecho hist\u00f3rico en el estado tuviera lugar, fue necesaria la intervenci\u00f3n, trabajo y constancia de Ram\u00edrez Mar\u00edn quien present\u00f3 ante el Senado de la Rep\u00fablica, una iniciativa para reformar la Constituci\u00f3n de los Estados Unidos Mexicanos que, permitir\u00eda darle a los estados la facultad de legislar en materia de sus s\u00edmbolos, como los son himno, escudo y bandera.<\/p>\n\n\n\n<p>Ram\u00edrez Mar\u00edn record\u00f3 que, la \u00faltima (y \u00fanica) ocasi\u00f3n en la que la bandera yucateca fue izada, fue en el a\u00f1o de 1841, sin embargo, tras este acto, su uso fue prohibido por la federaci\u00f3n, sin embargo, tras a\u00f1os de una lucha incansable y logrando un cambio en la Constituci\u00f3n de nuestro pa\u00eds, la insignia volvi\u00f3 a ser izada y se encuentra ondeando en cielo yucateco.<\/p>\n<div class='share-to-whatsapp-wrapper'><div class='share-on-whsp'>Share on: <\/div><a data-text='\u00a1Lo logramos! la bandera yucateca vuelve a ondear: Ram\u00edrez Mar\u00edn' data-link='https:\/\/visionpeninsular.com\/mid\/lo-logramos-la-bandera-yucateca-vuelve-a-ondear-ramirez-marin\/' class='whatsapp-button whatsapp-share'>WhatsApp<\/a><div class='clear '><\/div><\/div>","protected":false},"excerpt":{"rendered":"<p>Tras muchos a\u00f1os de gestiones, el Senador logra una de sus m\u00e1s grandes aspiraciones al conseguir que la bandera del estado sea izada nuevamente tras m\u00e1s de 182 a\u00f1os \u201cEste es un sue\u00f1o hecho realidad, una lucha de funcionario, el que nuestra bandera, la \u00fanica con historia y que nos da identidad, vuelva a ondear\u201d, &hellip;<\/p>\n","protected":false},"author":5,"featured_media":175674,"comment_status":"open","ping_status":"open","sticky":false,"template":"","format":"standard","meta":{"_mi_skip_tracking":false},"categories":[50,37],"tags":[37878],"_links":{"self":[{"href":"https:\/\/visionpeninsular.com\/mid\/wp-json\/wp\/v2\/posts\/175672"}],"collection":[{"href":"https:\/\/visionpeninsular.com\/mid\/wp-json\/wp\/v2\/posts"}],"about":[{"href":"https:\/\/visionpeninsular.com\/mid\/wp-json\/wp\/v2\/types\/post"}],"author":[{"embeddable":true,"href":"https:\/\/visionpeninsular.com\/mid\/wp-json\/wp\/v2\/users\/5"}],"replies":[{"embeddable":true,"href":"https:\/\/visionpeninsular.com\/mid\/wp-json\/wp\/v2\/comments?post=175672"}],"version-history":[{"count":1,"href":"https:\/\/visionpeninsular.com\/mid\/wp-json\/wp\/v2\/posts\/175672\/revisions"}],"predecessor-version":[{"id":175675,"href":"https:\/\/visionpeninsular.com\/mid\/wp-json\/wp\/v2\/posts\/175672\/revisions\/175675"}],"wp:featuredmedia":[{"embeddable":true,"href":"https:\/\/visionpeninsular.com\/mid\/wp-json\/wp\/v2\/media\/175674"}],"wp:attachment":[{"href":"https:\/\/visionpeninsular.com\/mid\/wp-json\/wp\/v2\/media?parent=175672"}],"wp:term":[{"taxonomy":"category","embeddable":true,"href":"https:\/\/visionpeninsular.com\/mid\/wp-json\/wp\/v2\/categories?post=175672"},{"taxonomy":"post_tag","embeddable":true,"href":"https:\/\/visionpeninsular.com\/mid\/wp-json\/wp\/v2\/tags?post=175672"}],"curies":[{"name":"wp","href":"https:\/\/api.w.org\/{rel}","templated":true}]}}