{"id":175550,"date":"2023-08-19T22:43:03","date_gmt":"2023-08-20T03:43:03","guid":{"rendered":"https:\/\/visionpeninsular.com\/mid\/?p=175550"},"modified":"2023-08-19T22:43:04","modified_gmt":"2023-08-20T03:43:04","slug":"nino-yucateco-representara-al-estado-en-la-fase-nacional-del-concurso-para-integrar-pleno-infantil-del-inai","status":"publish","type":"post","link":"https:\/\/visionpeninsular.com\/mid\/nino-yucateco-representara-al-estado-en-la-fase-nacional-del-concurso-para-integrar-pleno-infantil-del-inai\/","title":{"rendered":"Ni\u00f1o yucateco representar\u00e1 al estado en la fase nacional del concurso para integrar pleno infantil del INAI"},"content":{"rendered":"\n<p>Yucat\u00e1n fue sede de la ceremonia de premiaci\u00f3n de la etapa regional sureste del Concurso para ser Comisionada y Comisionado Infantil y formar parte del Pleno ni\u00f1as y ni\u00f1os del Instituto Nacional de Transparencia, Acceso a la Informaci\u00f3n y Protecci\u00f3n de Datos Personales (INAI).<\/p>\n\n\n\n<p>Ximena Coronel Gonz\u00e1lez de Quintana Roo, Mat\u00edas Burgos Cazola de Yucat\u00e1n y Avraham V\u00e1zquez Altamirano de Oaxaca ser\u00e1n quienes representar\u00e1n a la regi\u00f3n sureste del Sistema Nacional de Transparencia en la fase nacional de este Concurso y que, mediante un video, buscar\u00e1n obtener uno de los siete lugares disponibles en el Pleno Infantil del INAI 2023.<\/p>\n\n\n\n<p>La Comisionada Presidenta del Instituto Estatal de Transparencia, Acceso a la Informaci\u00f3n P\u00fablica y Protecci\u00f3n de Datos Personales (Inaip Yucat\u00e1n) Mar\u00eda Gilda Segovia Chab felicit\u00f3 a la ganadora y los ganadores de esta etapa y celebr\u00f3 que sea la ni\u00f1ez misma quien se dirija a otras ni\u00f1as y ni\u00f1os para enviar mensajes referentes al cuidado de los datos personales que comparten.<\/p>\n\n\n\n<figure class=\"wp-block-image size-full\"><img loading=\"lazy\" width=\"600\" height=\"361\" src=\"https:\/\/visionpeninsular.com\/mid\/wp-content\/uploads\/2023\/08\/que-comparten.jpg\" alt=\"\" class=\"wp-image-175553\" srcset=\"https:\/\/visionpeninsular.com\/mid\/wp-content\/uploads\/2023\/08\/que-comparten.jpg 600w, https:\/\/visionpeninsular.com\/mid\/wp-content\/uploads\/2023\/08\/que-comparten-300x181.jpg 300w\" sizes=\"(max-width: 600px) 100vw, 600px\" \/><\/figure>\n\n\n\n<p>Acompa\u00f1ada de los Comisionados Aldrin Brice\u00f1o Conrado y Carlos Pav\u00f3n Dur\u00e1n, Gilda Segovia invit\u00f3 a las ni\u00f1as y ni\u00f1os presentes a formar parte de la liga de la privacidad y ser superh\u00e9roes y superhero\u00ednas en la protecci\u00f3n de los datos personales compartiendo los conocimientos adquiridos al participar en este Concurso entre sus amistades y familiares.<\/p>\n\n\n\n<p>Por su parte la Comisionada del INAI, Josefina Rom\u00e1n Vergara hizo un reconocimiento a padres, madres, personal directivo y docente de las diferentes escuelas participantes, as\u00ed como a los organismos garantes de las entidades federativas por promover el Concurso en cita e incentivar la protecci\u00f3n de los datos personales y la cultura de la privacidad entre las ni\u00f1as y ni\u00f1os.<\/p>\n\n\n\n<p>\u201cLa cultura de la privacidad y protecci\u00f3n de datos personales sigue en pie y dando resultados, a trav\u00e9s de este concurso m\u00e1s ni\u00f1as y ni\u00f1os se suman para promover este derecho, muchas gracias, Ximena, Mat\u00edas y Avraham por su creatividad y compromiso\u201d, mencion\u00f3 la Comisionada Nacional.<\/p>\n\n\n\n<p>En su turno el Comisionado del Instituto de Acceso a la Informaci\u00f3n y Protecci\u00f3n de Datos Personales de Quintana Roo y Coordinador de la Regi\u00f3n Sureste del Sistema Nacional de Transparencia, Roberto Agundis Yerena agreg\u00f3 que fueron 162 participantes de los estados de Yucat\u00e1n, Quintana Roo, Campeche, Veracruz, Chiapas, Tabasco y Oaxaca quienes compitieron para llegar a esta etapa y destac\u00f3 la creatividad de los ganadores y la ganadora para exponer los temas en un lenguaje acorde a la ni\u00f1ez.<\/p>\n\n\n\n<p>Subray\u00f3 tambi\u00e9n que en la Regi\u00f3n Sureste existen diversas lenguas originarias de los pueblos ind\u00edgenas por lo que es necesario que para futuras ediciones se garanticen condiciones de accesibilidad para que las ni\u00f1as y ni\u00f1os hablantes de estos idiomas obtengan un lugar garantizado en el Pleno del INAI.<\/p>\n\n\n\n<p>Ximena, Mat\u00edas y Avraham agradecieron la oportunidad de avanzar con sus videos en la fase nacional de este Concurso e invitaron a las ni\u00f1as y los ni\u00f1os a ser conscientes de los datos que comparten en las redes y navegar de forma segura, as\u00ed como ser conscientes de los peligros a los que se exponen al compartir informaci\u00f3n confidencial con personas desconocidas.<\/p>\n\n\n\n<p>Los videos ganadores se caracterizaron por su creatividad y originalidad para transmitir el mensaje de protecci\u00f3n de datos personales, pues se observa a un tiliche oaxaque\u00f1o, un pirata y una pop star que a trav\u00e9s de divertidos ejemplos y consejos, emiten recomendaciones referentes al cuidado de la privacidad.<\/p>\n\n\n\n<p>Las y los ganadores de la etapa nacional se dar\u00e1n a conocer en el mes de septiembre a trav\u00e9s de las redes sociales del INAI y ser\u00e1n acreedores a una Tablet, una medalla y un viaje a la Ciudad de M\u00e9xico acompa\u00f1ados de sus tutores legales.<\/p>\n<div class='share-to-whatsapp-wrapper'><div class='share-on-whsp'>Share on: <\/div><a data-text='Ni\u00f1o yucateco representar\u00e1 al estado en la fase nacional del concurso para integrar pleno infantil del INAI' data-link='https:\/\/visionpeninsular.com\/mid\/nino-yucateco-representara-al-estado-en-la-fase-nacional-del-concurso-para-integrar-pleno-infantil-del-inai\/' class='whatsapp-button whatsapp-share'>WhatsApp<\/a><div class='clear '><\/div><\/div>","protected":false},"excerpt":{"rendered":"<p>Yucat\u00e1n fue sede de la ceremonia de premiaci\u00f3n de la etapa regional sureste del Concurso para ser Comisionada y Comisionado Infantil y formar parte del Pleno ni\u00f1as y ni\u00f1os del Instituto Nacional de Transparencia, Acceso a la Informaci\u00f3n y Protecci\u00f3n de Datos Personales (INAI). Ximena Coronel Gonz\u00e1lez de Quintana Roo, Mat\u00edas Burgos Cazola de Yucat\u00e1n &hellip;<\/p>\n","protected":false},"author":5,"featured_media":175552,"comment_status":"open","ping_status":"open","sticky":false,"template":"","format":"standard","meta":{"_mi_skip_tracking":false},"categories":[50,37],"tags":[37842,2218],"_links":{"self":[{"href":"https:\/\/visionpeninsular.com\/mid\/wp-json\/wp\/v2\/posts\/175550"}],"collection":[{"href":"https:\/\/visionpeninsular.com\/mid\/wp-json\/wp\/v2\/posts"}],"about":[{"href":"https:\/\/visionpeninsular.com\/mid\/wp-json\/wp\/v2\/types\/post"}],"author":[{"embeddable":true,"href":"https:\/\/visionpeninsular.com\/mid\/wp-json\/wp\/v2\/users\/5"}],"replies":[{"embeddable":true,"href":"https:\/\/visionpeninsular.com\/mid\/wp-json\/wp\/v2\/comments?post=175550"}],"version-history":[{"count":1,"href":"https:\/\/visionpeninsular.com\/mid\/wp-json\/wp\/v2\/posts\/175550\/revisions"}],"predecessor-version":[{"id":175554,"href":"https:\/\/visionpeninsular.com\/mid\/wp-json\/wp\/v2\/posts\/175550\/revisions\/175554"}],"wp:featuredmedia":[{"embeddable":true,"href":"https:\/\/visionpeninsular.com\/mid\/wp-json\/wp\/v2\/media\/175552"}],"wp:attachment":[{"href":"https:\/\/visionpeninsular.com\/mid\/wp-json\/wp\/v2\/media?parent=175550"}],"wp:term":[{"taxonomy":"category","embeddable":true,"href":"https:\/\/visionpeninsular.com\/mid\/wp-json\/wp\/v2\/categories?post=175550"},{"taxonomy":"post_tag","embeddable":true,"href":"https:\/\/visionpeninsular.com\/mid\/wp-json\/wp\/v2\/tags?post=175550"}],"curies":[{"name":"wp","href":"https:\/\/api.w.org\/{rel}","templated":true}]}}