{"id":175540,"date":"2023-08-19T22:26:40","date_gmt":"2023-08-20T03:26:40","guid":{"rendered":"https:\/\/visionpeninsular.com\/mid\/?p=175540"},"modified":"2023-08-19T22:26:41","modified_gmt":"2023-08-20T03:26:41","slug":"inah-cancela-ceremonia-conmemorativa-del-bicentenario-de-la-instalacion-del-congreso","status":"publish","type":"post","link":"https:\/\/visionpeninsular.com\/mid\/inah-cancela-ceremonia-conmemorativa-del-bicentenario-de-la-instalacion-del-congreso\/","title":{"rendered":"INAH cancela ceremonia conmemorativa del Bicentenario de la Instalaci\u00f3n del Congreso"},"content":{"rendered":"\n<p>La titular del Centro Yucat\u00e1n del Instituto Nacional de Antropolog\u00eda e Historia (INAH), Anna Goycoolea Art\u00eds, pese a la importancia del Bicentenario de la Instalaci\u00f3n del Congreso Constituyente, cancel\u00f3 la conmemoraci\u00f3n prevista en el hist\u00f3rico inmueble aleda\u00f1o a la Iglesia de Tercera Orden, seg\u00fan denuncia de especialistas de esta dependencia federal.<\/p>\n\n\n\n<p>Pese a que los trabajos en el inmueble hab\u00edan concluido, estaba todo listo para el evento, sin embargo, de \u00faltimo momento se cancel\u00f3, al igual que otras actividades, en un lapso de dos meses.<\/p>\n\n\n\n<p>Seg\u00fan manifestaron los denunciantes, con el cambio de la administraci\u00f3n del INAH \u2013 Yucat\u00e1n, muchos eventos programados se han cancelado, derivado de que las actuales autoridades, al provenir de otras entidades, desconocen el Estado y &nbsp;las conmemoraciones hist\u00f3ricas.<\/p>\n\n\n\n<p>Los preparativos iniciaron desde noviembre de 2022, con la segunda y tercera etapa de restauraci\u00f3n del antiguo Colegio de San Francisco Javier de M\u00e9rida, Yucat\u00e1n, cuyas obras fueron realizadas conjuntamente con el Ayuntamiento de M\u00e9rida.<\/p>\n\n\n\n<p>La restauraci\u00f3n de los anexos del conjunto hist\u00f3rico que conform\u00f3 el antiguo Colegio de San Francisco Javier hoy conocido como templo de El Jes\u00fas, recuper\u00f3 el aspecto original de la Pinacoteca Juan Gamboa Guzm\u00e1n, al Ex Congreso del Estado mejor conocido como El Congresito y a los muros del Templo de Tercera Orden y que fueron difundidos activamente por la anterior administraci\u00f3n del INAH Yucat\u00e1n, cuyos trabajos se efectuaron en el marco del Bicentenario de la Instalaci\u00f3n del Congreso Constituyente del Estado de Yucat\u00e1n, cuya celebraci\u00f3n ser\u00eda el pr\u00f3ximo domingo 20 de agosto.<\/p>\n\n\n\n<p>Se pretend\u00eda realizar un magno evento &nbsp;por la instalaci\u00f3n del Congreso Constituyente del Estado realizada en \u00e9l sitio qu\u00e9 ocupa el actual Congresito el 20 de agosto de 1823, &nbsp;qu\u00e9 contemplaba conferencias sobre la historia del lugar, la entrega de las obras de restauraci\u00f3n, as\u00ed como la firma de un Convenio entre el INAH y el Poder Legislativo del Estado de Yucat\u00e1n a efecto de que este pudiera hacer uso de dicho inmueble para actos solemnes del estado, as\u00ed como &nbsp;un espacio de historia, de galer\u00eda y centro cultural.<\/p>\n\n\n\n<figure class=\"wp-block-image size-full\"><img loading=\"lazy\" width=\"600\" height=\"356\" src=\"https:\/\/visionpeninsular.com\/mid\/wp-content\/uploads\/2023\/08\/lapso-de-dor-meses.jpg\" alt=\"\" class=\"wp-image-175543\" srcset=\"https:\/\/visionpeninsular.com\/mid\/wp-content\/uploads\/2023\/08\/lapso-de-dor-meses.jpg 600w, https:\/\/visionpeninsular.com\/mid\/wp-content\/uploads\/2023\/08\/lapso-de-dor-meses-300x178.jpg 300w\" sizes=\"(max-width: 600px) 100vw, 600px\" \/><\/figure>\n\n\n\n<p>El inmueble tambi\u00e9n form\u00f3 parte del antiguo colegio de San Francisco Javier, sede de la Universidad de Yucat\u00e1n en el siglo XVII, el cual fue una de las principales universidades de Am\u00e9rica. Posteriormente, dio cabida al Congreso del Estado.<\/p>\n\n\n\n<p>El 20 de agosto de 1823 se convoc\u00f3 al primer Congreso Constituyente que dio origen al Estado de Yucat\u00e1n.<\/p>\n\n\n\n<p>Ante la postura que tom\u00f3 el Centro INAH-Yucat\u00e1n, el Congreso del Estado opt\u00f3 por efectuar diversas actividades, en la sede del Poder Legislativo.<\/p>\n\n\n\n<p>El pasado mi\u00e9rcoles 16 se inaugur\u00f3 la exposici\u00f3n \u201cBicentenario del Augusto Congreso del Estado de Yucat\u00e1n\u201d, al d\u00eda siguiente se efectu\u00f3 el coloquio \u201cEn busca de la equidad, 200 a\u00f1os del Congreso del Estado\u201d.<\/p>\n\n\n\n<p>Hoy, acad\u00e9micos de la Universidad Aut\u00f3noma de Yucat\u00e1n (UADY), participaron en el respectivo coloquio, y el pr\u00f3ximo domingo 20, habr\u00e1 una sesi\u00f3n solemne, a partir de las 11 horas.<\/p>\n<div class='share-to-whatsapp-wrapper'><div class='share-on-whsp'>Share on: <\/div><a data-text='INAH cancela ceremonia conmemorativa del Bicentenario de la Instalaci\u00f3n del Congreso' data-link='https:\/\/visionpeninsular.com\/mid\/inah-cancela-ceremonia-conmemorativa-del-bicentenario-de-la-instalacion-del-congreso\/' class='whatsapp-button whatsapp-share'>WhatsApp<\/a><div class='clear '><\/div><\/div>","protected":false},"excerpt":{"rendered":"<p>La titular del Centro Yucat\u00e1n del Instituto Nacional de Antropolog\u00eda e Historia (INAH), Anna Goycoolea Art\u00eds, pese a la importancia del Bicentenario de la Instalaci\u00f3n del Congreso Constituyente, cancel\u00f3 la conmemoraci\u00f3n prevista en el hist\u00f3rico inmueble aleda\u00f1o a la Iglesia de Tercera Orden, seg\u00fan denuncia de especialistas de esta dependencia federal. Pese a que los &hellip;<\/p>\n","protected":false},"author":5,"featured_media":175542,"comment_status":"open","ping_status":"open","sticky":false,"template":"","format":"standard","meta":{"_mi_skip_tracking":false},"categories":[50,37],"tags":[37836,37838,37837],"_links":{"self":[{"href":"https:\/\/visionpeninsular.com\/mid\/wp-json\/wp\/v2\/posts\/175540"}],"collection":[{"href":"https:\/\/visionpeninsular.com\/mid\/wp-json\/wp\/v2\/posts"}],"about":[{"href":"https:\/\/visionpeninsular.com\/mid\/wp-json\/wp\/v2\/types\/post"}],"author":[{"embeddable":true,"href":"https:\/\/visionpeninsular.com\/mid\/wp-json\/wp\/v2\/users\/5"}],"replies":[{"embeddable":true,"href":"https:\/\/visionpeninsular.com\/mid\/wp-json\/wp\/v2\/comments?post=175540"}],"version-history":[{"count":1,"href":"https:\/\/visionpeninsular.com\/mid\/wp-json\/wp\/v2\/posts\/175540\/revisions"}],"predecessor-version":[{"id":175544,"href":"https:\/\/visionpeninsular.com\/mid\/wp-json\/wp\/v2\/posts\/175540\/revisions\/175544"}],"wp:featuredmedia":[{"embeddable":true,"href":"https:\/\/visionpeninsular.com\/mid\/wp-json\/wp\/v2\/media\/175542"}],"wp:attachment":[{"href":"https:\/\/visionpeninsular.com\/mid\/wp-json\/wp\/v2\/media?parent=175540"}],"wp:term":[{"taxonomy":"category","embeddable":true,"href":"https:\/\/visionpeninsular.com\/mid\/wp-json\/wp\/v2\/categories?post=175540"},{"taxonomy":"post_tag","embeddable":true,"href":"https:\/\/visionpeninsular.com\/mid\/wp-json\/wp\/v2\/tags?post=175540"}],"curies":[{"name":"wp","href":"https:\/\/api.w.org\/{rel}","templated":true}]}}