{"id":174861,"date":"2023-08-06T07:30:00","date_gmt":"2023-08-06T12:30:00","guid":{"rendered":"https:\/\/visionpeninsular.com\/mid\/?p=174861"},"modified":"2023-08-06T00:57:41","modified_gmt":"2023-08-06T05:57:41","slug":"estoy-para-trabajar-por-mi-ciudad-y-mi-estado-renan-barrera","status":"publish","type":"post","link":"https:\/\/visionpeninsular.com\/mid\/estoy-para-trabajar-por-mi-ciudad-y-mi-estado-renan-barrera\/","title":{"rendered":"\u201cEstoy para trabajar por mi ciudad y mi estado\u201d: Ren\u00e1n Barrera"},"content":{"rendered":"\n<h2 class=\"has-text-align-center\">\u2022El primer edil se\u00f1al\u00f3 que lo m\u00e1s importante es cuidar la unidad en el proceso de selecci\u00f3n del abanderado del PAN a la gubernatura<\/h2>\n\n\n\n<p>M\u00e9rida, Yucat\u00e1n, a 6 de agosto de 2023.\u2013 Estoy tranquilo y confiado en que las cosas van a salir bien, expres\u00f3 el alcalde Ren\u00e1n Barrera Concha, quien fue cuestionado sobre la encuesta que el Comit\u00e9 Ejecutivo Nacional (CEN) del PAN levantar\u00e1 del viernes 11 al domingo 13 a la poblaci\u00f3n abierta para seleccionar a quien ser\u00e1 el virtual pre-candidato de Acci\u00f3n Nacional a la gubernatura en 2024.<\/p>\n\n\n\n<p>Sin embargo, en caso que la situaci\u00f3n no le sea favorable, el primer edil asegur\u00f3 que \u00abestoy para trabajar por mi ciudad y mi Estado. Lo dije en mi informe: Ninguna aspiraci\u00f3n personal, ni ning\u00fan capricho puede estar por encima de una decisi\u00f3n colectiva por el bien de Yucat\u00e1n\u00bb.<\/p>\n\n\n\n<p>-Lo m\u00e1s importante es que el proceso salga en unidad \u2013dijo. En el pasado, he demostrado que cuando no he sido candidato, como sucedi\u00f3 en 2015 despu\u00e9s que fui alcalde, no pas\u00f3 nada. Esper\u00e9, regres\u00e9 y aqu\u00ed estoy. Siempre que sea requerido para servir a mi ciudad y a mi Estado, voy a estar aqu\u00ed.<\/p>\n\n\n\n<p>Hoy d\u00eda, el CEN realiza estudios preliminares para conocer las preferencias, hacia donde se generan las mejores condiciones para lo que ser\u00e1 el proceso electoral. \u00abNo estamos en un proceso interno, tampoco en un proceso formal. Sencillamente, son estudios preliminares\u00bb, precis\u00f3.<\/p>\n\n\n\n<p>Posteriormente, se generar\u00e1n las condiciones para los tiempos marcados para las pre-campa\u00f1as y campa\u00f1as. \u00abNosotros, nos ajustaremos, si los tiempos as\u00ed lo dicen, a cuando solicitar licencia\u00bb, explic\u00f3 el concejal.<\/p>\n\n\n\n<p>A sus compa\u00f1eros aspirantes, Barrera Concha extern\u00f3 su respeto. \u00abSiempre, en el pre\u00e1mbulo de un proceso electoral, existe el deseo de participaci\u00f3n, muchos de los que tienen una responsabilidad tienen el leg\u00edtimo derecho a aspirar a un cargo y es normal que haya pl\u00e1ticas, fotos\u00bb, coment\u00f3<\/p>\n\n\n\n<p>Sobre la foto en la que se reuni\u00f3n con Juli\u00e1n Zacar\u00edas Curi y Liborio Vidal Aguilar, alcalde de Progreso y titular de la Secretar\u00eda de Educaci\u00f3n del gobierno del Estado de Yucat\u00e1n (Segey), el concejal coment\u00f3 que la imagen surgi\u00f3 por invitaci\u00f3n de su hom\u00f3logo progrese\u00f1o y cuatro d\u00edas antes tuvo una reuni\u00f3n con el diputado federal Rommel Pacheco Marrufo. \u00abEs normal ese tipo de encuentros, a veces se publican y otras no. Pero hay muy buen ambiente\u00bb, asever\u00f3.<\/p>\n\n\n\n<figure class=\"wp-block-image size-large\"><img loading=\"lazy\" width=\"1024\" height=\"576\" src=\"https:\/\/visionpeninsular.com\/mid\/wp-content\/uploads\/2023\/08\/WhatsApp-Image-2023-08-05-at-11.50.17-PM-1024x576.jpeg\" alt=\"\" class=\"wp-image-174863\" srcset=\"https:\/\/visionpeninsular.com\/mid\/wp-content\/uploads\/2023\/08\/WhatsApp-Image-2023-08-05-at-11.50.17-PM-1024x576.jpeg 1024w, https:\/\/visionpeninsular.com\/mid\/wp-content\/uploads\/2023\/08\/WhatsApp-Image-2023-08-05-at-11.50.17-PM-300x169.jpeg 300w, https:\/\/visionpeninsular.com\/mid\/wp-content\/uploads\/2023\/08\/WhatsApp-Image-2023-08-05-at-11.50.17-PM-768x432.jpeg 768w, https:\/\/visionpeninsular.com\/mid\/wp-content\/uploads\/2023\/08\/WhatsApp-Image-2023-08-05-at-11.50.17-PM-1536x864.jpeg 1536w, https:\/\/visionpeninsular.com\/mid\/wp-content\/uploads\/2023\/08\/WhatsApp-Image-2023-08-05-at-11.50.17-PM.jpeg 1599w\" sizes=\"(max-width: 1024px) 100vw, 1024px\" \/><figcaption>El alcalde Ren\u00e1n Barrera Concha, posterior a su segundo informe de gobierno municipal, mencion\u00f3 que  \u00abno estamos en un proceso interno, tampoco en un proceso formal. Sencillamente, (la encuesta) son estudios preliminares\u00bb (CR\u00c9DITO: Visi\u00f3n Peninsular) <\/figcaption><\/figure>\n<div class='share-to-whatsapp-wrapper'><div class='share-on-whsp'>Share on: <\/div><a data-text='\u201cEstoy para trabajar por mi ciudad y mi estado\u201d: Ren\u00e1n Barrera' data-link='https:\/\/visionpeninsular.com\/mid\/estoy-para-trabajar-por-mi-ciudad-y-mi-estado-renan-barrera\/' class='whatsapp-button whatsapp-share'>WhatsApp<\/a><div class='clear '><\/div><\/div>","protected":false},"excerpt":{"rendered":"<p>\u2022El primer edil se\u00f1al\u00f3 que lo m\u00e1s importante es cuidar la unidad en el proceso de selecci\u00f3n del abanderado del PAN a la gubernatura M\u00e9rida, Yucat\u00e1n, a 6 de agosto de 2023.\u2013 Estoy tranquilo y confiado en que las cosas van a salir bien, expres\u00f3 el alcalde Ren\u00e1n Barrera Concha, quien fue cuestionado sobre la &hellip;<\/p>\n","protected":false},"author":11,"featured_media":174863,"comment_status":"open","ping_status":"open","sticky":false,"template":"","format":"standard","meta":{"_mi_skip_tracking":false},"categories":[49,37],"tags":[37617,13607,157,5338],"_links":{"self":[{"href":"https:\/\/visionpeninsular.com\/mid\/wp-json\/wp\/v2\/posts\/174861"}],"collection":[{"href":"https:\/\/visionpeninsular.com\/mid\/wp-json\/wp\/v2\/posts"}],"about":[{"href":"https:\/\/visionpeninsular.com\/mid\/wp-json\/wp\/v2\/types\/post"}],"author":[{"embeddable":true,"href":"https:\/\/visionpeninsular.com\/mid\/wp-json\/wp\/v2\/users\/11"}],"replies":[{"embeddable":true,"href":"https:\/\/visionpeninsular.com\/mid\/wp-json\/wp\/v2\/comments?post=174861"}],"version-history":[{"count":1,"href":"https:\/\/visionpeninsular.com\/mid\/wp-json\/wp\/v2\/posts\/174861\/revisions"}],"predecessor-version":[{"id":174864,"href":"https:\/\/visionpeninsular.com\/mid\/wp-json\/wp\/v2\/posts\/174861\/revisions\/174864"}],"wp:featuredmedia":[{"embeddable":true,"href":"https:\/\/visionpeninsular.com\/mid\/wp-json\/wp\/v2\/media\/174863"}],"wp:attachment":[{"href":"https:\/\/visionpeninsular.com\/mid\/wp-json\/wp\/v2\/media?parent=174861"}],"wp:term":[{"taxonomy":"category","embeddable":true,"href":"https:\/\/visionpeninsular.com\/mid\/wp-json\/wp\/v2\/categories?post=174861"},{"taxonomy":"post_tag","embeddable":true,"href":"https:\/\/visionpeninsular.com\/mid\/wp-json\/wp\/v2\/tags?post=174861"}],"curies":[{"name":"wp","href":"https:\/\/api.w.org\/{rel}","templated":true}]}}