{"id":17419,"date":"2016-11-25T15:21:11","date_gmt":"2016-11-25T21:21:11","guid":{"rendered":"http:\/\/visionpeninsular.com\/mid\/?p=17419"},"modified":"2016-11-25T15:21:11","modified_gmt":"2016-11-25T21:21:11","slug":"segey-ofrece-plazas-base-a-personal-contrato","status":"publish","type":"post","link":"https:\/\/visionpeninsular.com\/mid\/segey-ofrece-plazas-base-a-personal-contrato\/","title":{"rendered":"SEGEY ofrece plazas de base  a personal de contrato"},"content":{"rendered":"<p>La Secretar\u00eda de Educaci\u00f3n del Gobierno del Estado (SEGEY), expidi\u00f3 la convocatoria para participar en el proceso de basificaci\u00f3n de plazas al personal administrativo, de apoyo y asistencia que trabajan en la dependencia en la modalidad de contrato y as\u00ed brindar seguridad laboral a los mismos.<\/p>\n<p>Ser\u00e1n ofertadas un total de 413 bases a trabajadores de educaci\u00f3n b\u00e1sica y media superior, as\u00ed como a empleados de las oficinas administrativas de la SEGEY que cumplan con los requisitos y la documentaci\u00f3n que se piden.<\/p>\n<p>El pr\u00f3ximo 30 de noviembre ser\u00e1 el \u00faltimo d\u00eda para la recepci\u00f3n de solicitudes, que se depositar\u00e1n en los Centros de Desarrollo Educativo de M\u00e9rida (Inal\u00e1mbrica y Paulo Freire), y los centros de Izamal, Maxcan\u00fa, Tekax, Tizim\u00edn y Valladolid, en horario de lunes a viernes de 9:00 a 18:00 horas y s\u00e1bado de 9:00 a 13:00 horas.<\/p>\n<p>La documentaci\u00f3n ser\u00e1 revisada y validada por la Segey del 1 al 9 de diciembre de este a\u00f1o.<\/p>\n<p>El proyecto de cat\u00e1logo se publicar\u00e1 el 13 de diciembre de 2016 y el cat\u00e1logo definitivo se dar\u00e1 a conocer el 9 de enero de 2017, ambos en la p\u00e1gina electr\u00f3nica de la Secretar\u00eda de Educaci\u00f3n: www.educacion.yucatan.gob.mx.<\/p>\n<p>Las plazas de base surtir\u00e1n sus efectos a partir del 16 de enero de 2017 para todos aquellos que resulten seleccionados.<\/p>\n<div class='share-to-whatsapp-wrapper'><div class='share-on-whsp'>Share on: <\/div><a data-text='SEGEY ofrece plazas de base  a personal de contrato' data-link='https:\/\/visionpeninsular.com\/mid\/segey-ofrece-plazas-base-a-personal-contrato\/' class='whatsapp-button whatsapp-share'>WhatsApp<\/a><div class='clear '><\/div><\/div>","protected":false},"excerpt":{"rendered":"<p>La Secretar\u00eda de Educaci\u00f3n del Gobierno del Estado (SEGEY), expidi\u00f3 la convocatoria para participar en el proceso de basificaci\u00f3n de plazas al personal administrativo, de apoyo y asistencia que trabajan en la dependencia en la modalidad de contrato y as\u00ed brindar seguridad laboral a los mismos. Ser\u00e1n ofertadas un total de 413 bases a trabajadores &hellip;<\/p>\n","protected":false},"author":5,"featured_media":17420,"comment_status":"open","ping_status":"open","sticky":false,"template":"","format":"standard","meta":{"_mi_skip_tracking":false},"categories":[50],"tags":[4020,4021,4019,604],"_links":{"self":[{"href":"https:\/\/visionpeninsular.com\/mid\/wp-json\/wp\/v2\/posts\/17419"}],"collection":[{"href":"https:\/\/visionpeninsular.com\/mid\/wp-json\/wp\/v2\/posts"}],"about":[{"href":"https:\/\/visionpeninsular.com\/mid\/wp-json\/wp\/v2\/types\/post"}],"author":[{"embeddable":true,"href":"https:\/\/visionpeninsular.com\/mid\/wp-json\/wp\/v2\/users\/5"}],"replies":[{"embeddable":true,"href":"https:\/\/visionpeninsular.com\/mid\/wp-json\/wp\/v2\/comments?post=17419"}],"version-history":[{"count":1,"href":"https:\/\/visionpeninsular.com\/mid\/wp-json\/wp\/v2\/posts\/17419\/revisions"}],"predecessor-version":[{"id":17421,"href":"https:\/\/visionpeninsular.com\/mid\/wp-json\/wp\/v2\/posts\/17419\/revisions\/17421"}],"wp:featuredmedia":[{"embeddable":true,"href":"https:\/\/visionpeninsular.com\/mid\/wp-json\/wp\/v2\/media\/17420"}],"wp:attachment":[{"href":"https:\/\/visionpeninsular.com\/mid\/wp-json\/wp\/v2\/media?parent=17419"}],"wp:term":[{"taxonomy":"category","embeddable":true,"href":"https:\/\/visionpeninsular.com\/mid\/wp-json\/wp\/v2\/categories?post=17419"},{"taxonomy":"post_tag","embeddable":true,"href":"https:\/\/visionpeninsular.com\/mid\/wp-json\/wp\/v2\/tags?post=17419"}],"curies":[{"name":"wp","href":"https:\/\/api.w.org\/{rel}","templated":true}]}}