{"id":174066,"date":"2023-07-19T13:22:55","date_gmt":"2023-07-19T18:22:55","guid":{"rendered":"https:\/\/visionpeninsular.com\/mid\/?p=174066"},"modified":"2023-07-19T13:22:56","modified_gmt":"2023-07-19T18:22:56","slug":"sin-imposiciones-la-coalicion-pan-pri-en-yucatan-afirma-marko-cortes","status":"publish","type":"post","link":"https:\/\/visionpeninsular.com\/mid\/sin-imposiciones-la-coalicion-pan-pri-en-yucatan-afirma-marko-cortes\/","title":{"rendered":"Sin imposiciones la coalici\u00f3n PAN-PRI en Yucat\u00e1n, afirma Marko Cort\u00e9s"},"content":{"rendered":"\n<h2 class=\"has-text-align-center\">\u2022\u00abSi la gente desde lo local la quiere, lo impulsas. Pero si lo rechaza y se lo impones, no jala\u00bb, expres\u00f3 el dirigente nacional de Acci\u00f3n Nacional<\/h2>\n\n\n\n<p>M\u00e9rida, Yucat\u00e1n, a 18 de julio de 2023.\u2013 El presidente del Comit\u00e9 Ejecutivo Nacional (CEN) del PAN, Marko Cort\u00e9s Mendoza, dio a conocer que las coaliciones con el PRI u otros partidos en los estados no ser\u00e1 una imposici\u00f3n de la dirigencia nacional, pues los estatutos estipulan que el comit\u00e9 estatal tiene que hacer la propuesta.<\/p>\n\n\n\n<p>\u00abSi la gente desde lo local la quiere, lo impulsas. Pero si lo rechaza y se lo impones, no jala\u00bb, expres\u00f3 el michoacano en una entrevista realizada ayer martes en el programa \u201cDesayunando\u201d, que se transmite en el canal de YouTube Atypical TeVe.<\/p>\n\n\n\n<p>Hoy mi\u00e9rcoles, la dirigencia nacional sesionar\u00e1 con la mesa de trabajo del PAN Yucat\u00e1n para definir, entre otros asuntos, las alianzas electorales en el 2024. \u00abEllos tienen que proponerla (la coalici\u00f3n con el PRI) por mayor\u00eda calificada en el Consejo Estatales y Comisi\u00f3n Permanente Estatal y nosotros decidimos s\u00ed o no, pero si no lo proponen no se puede (imponer)\u00bb, explic\u00f3.<\/p>\n\n\n\n<p>El dirigente nacional record\u00f3 que la coalici\u00f3n total del PAN-PRI-PRD es para la presidencia de la Rep\u00fablica, pues en las diputaciones es parcial en 150 distritos electorales, ya que todav\u00eda est\u00e1 en an\u00e1lisis la posibilidad de ir en las 300 demarcaciones para conseguir la mayor\u00eda en la C\u00e1mara Baja.<\/p>\n\n\n\n<p>\u00abNuestra propuesta es ir a un sistema semi-parlamentario, que se empoder\u00e9 m\u00e1s al Congreso en cierta toma de decisiones y, adem\u00e1s, se le d\u00e9 m\u00e1s estabilidad a un gobierno, que va entrando\u00bb, se\u00f1al\u00f3. \u00abLa fuerza del gobierno se sustentar\u00e1 en la fuerza pol\u00edtica que se tenga en el Poder Legislativo como contrapeso\u00bb.<\/p>\n\n\n\n<figure class=\"wp-block-image size-large\"><img loading=\"lazy\" width=\"1024\" height=\"682\" src=\"https:\/\/visionpeninsular.com\/mid\/wp-content\/uploads\/2023\/07\/WhatsApp-Image-2023-07-19-at-12.08.07-PM-1024x682.jpeg\" alt=\"\" class=\"wp-image-174068\" srcset=\"https:\/\/visionpeninsular.com\/mid\/wp-content\/uploads\/2023\/07\/WhatsApp-Image-2023-07-19-at-12.08.07-PM-1024x682.jpeg 1024w, https:\/\/visionpeninsular.com\/mid\/wp-content\/uploads\/2023\/07\/WhatsApp-Image-2023-07-19-at-12.08.07-PM-300x200.jpeg 300w, https:\/\/visionpeninsular.com\/mid\/wp-content\/uploads\/2023\/07\/WhatsApp-Image-2023-07-19-at-12.08.07-PM-768x512.jpeg 768w, https:\/\/visionpeninsular.com\/mid\/wp-content\/uploads\/2023\/07\/WhatsApp-Image-2023-07-19-at-12.08.07-PM-310x205.jpeg 310w, https:\/\/visionpeninsular.com\/mid\/wp-content\/uploads\/2023\/07\/WhatsApp-Image-2023-07-19-at-12.08.07-PM.jpeg 1280w\" sizes=\"(max-width: 1024px) 100vw, 1024px\" \/><figcaption>Marko Cort\u00e9s Mendoza, dirigente nacional del PAN, asegur\u00f3 que las coaliciones con los otros partidos se construyen desde lo local, por lo que en Yucat\u00e1n no ser\u00e1 una imposici\u00f3n que Acci\u00f3n Nacional vaya en alianza con el PRI u otros partidos en 2024 (CR\u00c9DITO: Cortes\u00eda)<\/figcaption><\/figure>\n\n\n\n<p><\/p>\n\n\n\n<p><\/p>\n<div class='share-to-whatsapp-wrapper'><div class='share-on-whsp'>Share on: <\/div><a data-text='Sin imposiciones la coalici\u00f3n PAN-PRI en Yucat\u00e1n, afirma Marko Cort\u00e9s' data-link='https:\/\/visionpeninsular.com\/mid\/sin-imposiciones-la-coalicion-pan-pri-en-yucatan-afirma-marko-cortes\/' class='whatsapp-button whatsapp-share'>WhatsApp<\/a><div class='clear '><\/div><\/div>","protected":false},"excerpt":{"rendered":"<p>\u2022\u00abSi la gente desde lo local la quiere, lo impulsas. Pero si lo rechaza y se lo impones, no jala\u00bb, expres\u00f3 el dirigente nacional de Acci\u00f3n Nacional M\u00e9rida, Yucat\u00e1n, a 18 de julio de 2023.\u2013 El presidente del Comit\u00e9 Ejecutivo Nacional (CEN) del PAN, Marko Cort\u00e9s Mendoza, dio a conocer que las coaliciones con el &hellip;<\/p>\n","protected":false},"author":11,"featured_media":174068,"comment_status":"open","ping_status":"open","sticky":false,"template":"","format":"standard","meta":{"_mi_skip_tracking":false},"categories":[49,37],"tags":[35883,37376,31775,31774,157,35884],"_links":{"self":[{"href":"https:\/\/visionpeninsular.com\/mid\/wp-json\/wp\/v2\/posts\/174066"}],"collection":[{"href":"https:\/\/visionpeninsular.com\/mid\/wp-json\/wp\/v2\/posts"}],"about":[{"href":"https:\/\/visionpeninsular.com\/mid\/wp-json\/wp\/v2\/types\/post"}],"author":[{"embeddable":true,"href":"https:\/\/visionpeninsular.com\/mid\/wp-json\/wp\/v2\/users\/11"}],"replies":[{"embeddable":true,"href":"https:\/\/visionpeninsular.com\/mid\/wp-json\/wp\/v2\/comments?post=174066"}],"version-history":[{"count":1,"href":"https:\/\/visionpeninsular.com\/mid\/wp-json\/wp\/v2\/posts\/174066\/revisions"}],"predecessor-version":[{"id":174069,"href":"https:\/\/visionpeninsular.com\/mid\/wp-json\/wp\/v2\/posts\/174066\/revisions\/174069"}],"wp:featuredmedia":[{"embeddable":true,"href":"https:\/\/visionpeninsular.com\/mid\/wp-json\/wp\/v2\/media\/174068"}],"wp:attachment":[{"href":"https:\/\/visionpeninsular.com\/mid\/wp-json\/wp\/v2\/media?parent=174066"}],"wp:term":[{"taxonomy":"category","embeddable":true,"href":"https:\/\/visionpeninsular.com\/mid\/wp-json\/wp\/v2\/categories?post=174066"},{"taxonomy":"post_tag","embeddable":true,"href":"https:\/\/visionpeninsular.com\/mid\/wp-json\/wp\/v2\/tags?post=174066"}],"curies":[{"name":"wp","href":"https:\/\/api.w.org\/{rel}","templated":true}]}}