{"id":174012,"date":"2023-07-17T23:12:18","date_gmt":"2023-07-18T04:12:18","guid":{"rendered":"https:\/\/visionpeninsular.com\/mid\/?p=174012"},"modified":"2023-07-17T23:12:18","modified_gmt":"2023-07-18T04:12:18","slug":"los-tramites-del-parque-tho-se-haran-ante-todas-las-estancias","status":"publish","type":"post","link":"https:\/\/visionpeninsular.com\/mid\/los-tramites-del-parque-tho-se-haran-ante-todas-las-estancias\/","title":{"rendered":"Los tr\u00e1mites del Parque Tho\u2019 se har\u00e1n ante todas las estancias"},"content":{"rendered":"\n<h2 class=\"has-text-align-center\">\u2022La Secretar\u00eda Municipal de Participaci\u00f3n Ciudadana reconoci\u00f3 que lo presentado a principios de a\u00f1o puede tener modificaciones<\/h2>\n\n\n\n<p>M\u00e9rida, Yucat\u00e1n, a 17 de julio de 2023.\u2013 El secretario municipal de Participaci\u00f3n Ciudadana, Julio Sauma Castillo, asegur\u00f3 que llegado el momento se tramitar\u00e1n los permisos ante las autoridades correspondientes para la construcci\u00f3n del Parque Tho\u2019.<\/p>\n\n\n\n<p>\u00abLas \u00e1reas t\u00e9cnicas saben que hay una serie de requisitos del INAH, ambientales, los viales, todos esos y ya se tiene informaci\u00f3n respectiva que eso es posible. En el que momento que sea necesario, se tendr\u00e1 que presentar y los tr\u00e1mites se har\u00e1n ante todas las estancias y no hay inter\u00e9s de brincarnos ninguna norma de cualquier tipo, sino cumplirlas\u00bb, afirm\u00f3.<\/p>\n\n\n\n<p>Actualmente, la Comuna no ha presentado los permisos ante el INAH ni el Manifiesto del Impacto Ambiental del Parque Tho\u2019 porque lo anunciado a principio de fue un proyecto que puede tener modificaciones.<\/p>\n\n\n\n<p>\u00abHay momentos para cada cosa. Obviamente, como Ayuntamiento hemos investigado todo lo que se requiere para que el proyecto cumpla. Manifiesto de qu\u00e9 voy hacer, si no tenemos todav\u00eda el proyecto\u00bb, dijo.<\/p>\n\n\n\n<p>Durante los primeros tres meses del a\u00f1o, la Secretar\u00eda Municipal de Participaci\u00f3n Ciudadana realiz\u00f3 el proceso de dise\u00f1o participativo y fue a mediados de abril cuando se entreg\u00f3 al Cabildo de M\u00e9rida el expediente de la obra. \u00abAhora est\u00e1 en su cancha y ellos (los regidores) ser\u00e1n quienes tengan que proponer la propuesta de permuta para contar con el espacio, as\u00ed como la aprobaci\u00f3n del proyecto arquitect\u00f3nico\u00bb, se\u00f1al\u00f3.<\/p>\n\n\n\n<p>Sauma Castillo dijo que en las pr\u00f3ximas sesiones de Cabildo se deber\u00e1 aprobar permuta del predio conocido \u201cParque Eco-Arqueol\u00f3gico INAH Altabrisa\u201d.<\/p>\n\n\n\n<figure class=\"wp-block-image size-large\"><img loading=\"lazy\" width=\"1024\" height=\"462\" src=\"https:\/\/visionpeninsular.com\/mid\/wp-content\/uploads\/2023\/07\/WhatsApp-Image-2023-07-17-at-9.36.16-PM-1024x462.jpeg\" alt=\"\" class=\"wp-image-174014\" srcset=\"https:\/\/visionpeninsular.com\/mid\/wp-content\/uploads\/2023\/07\/WhatsApp-Image-2023-07-17-at-9.36.16-PM-1024x462.jpeg 1024w, https:\/\/visionpeninsular.com\/mid\/wp-content\/uploads\/2023\/07\/WhatsApp-Image-2023-07-17-at-9.36.16-PM-300x135.jpeg 300w, https:\/\/visionpeninsular.com\/mid\/wp-content\/uploads\/2023\/07\/WhatsApp-Image-2023-07-17-at-9.36.16-PM-768x347.jpeg 768w, https:\/\/visionpeninsular.com\/mid\/wp-content\/uploads\/2023\/07\/WhatsApp-Image-2023-07-17-at-9.36.16-PM.jpeg 1152w\" sizes=\"(max-width: 1024px) 100vw, 1024px\" \/><figcaption>El secretario municipal de Participaci\u00f3n Ciudadana, Julio Sauma Castillo, asegur\u00f3 ue momento que sea necesario presentar\u00e1n los estudios y tr\u00e1mites necesarios (CR\u00c9DITO: Visi\u00f3n Peninsular)<\/figcaption><\/figure>\n<div class='share-to-whatsapp-wrapper'><div class='share-on-whsp'>Share on: <\/div><a data-text='Los tr\u00e1mites del Parque Tho\u2019 se har\u00e1n ante todas las estancias' data-link='https:\/\/visionpeninsular.com\/mid\/los-tramites-del-parque-tho-se-haran-ante-todas-las-estancias\/' class='whatsapp-button whatsapp-share'>WhatsApp<\/a><div class='clear '><\/div><\/div>","protected":false},"excerpt":{"rendered":"<p>\u2022La Secretar\u00eda Municipal de Participaci\u00f3n Ciudadana reconoci\u00f3 que lo presentado a principios de a\u00f1o puede tener modificaciones M\u00e9rida, Yucat\u00e1n, a 17 de julio de 2023.\u2013 El secretario municipal de Participaci\u00f3n Ciudadana, Julio Sauma Castillo, asegur\u00f3 que llegado el momento se tramitar\u00e1n los permisos ante las autoridades correspondientes para la construcci\u00f3n del Parque Tho\u2019. \u00abLas \u00e1reas &hellip;<\/p>\n","protected":false},"author":11,"featured_media":174014,"comment_status":"open","ping_status":"open","sticky":false,"template":"","format":"standard","meta":{"_mi_skip_tracking":false},"categories":[49,37],"tags":[37358,14164,13607,34802,31368],"_links":{"self":[{"href":"https:\/\/visionpeninsular.com\/mid\/wp-json\/wp\/v2\/posts\/174012"}],"collection":[{"href":"https:\/\/visionpeninsular.com\/mid\/wp-json\/wp\/v2\/posts"}],"about":[{"href":"https:\/\/visionpeninsular.com\/mid\/wp-json\/wp\/v2\/types\/post"}],"author":[{"embeddable":true,"href":"https:\/\/visionpeninsular.com\/mid\/wp-json\/wp\/v2\/users\/11"}],"replies":[{"embeddable":true,"href":"https:\/\/visionpeninsular.com\/mid\/wp-json\/wp\/v2\/comments?post=174012"}],"version-history":[{"count":1,"href":"https:\/\/visionpeninsular.com\/mid\/wp-json\/wp\/v2\/posts\/174012\/revisions"}],"predecessor-version":[{"id":174015,"href":"https:\/\/visionpeninsular.com\/mid\/wp-json\/wp\/v2\/posts\/174012\/revisions\/174015"}],"wp:featuredmedia":[{"embeddable":true,"href":"https:\/\/visionpeninsular.com\/mid\/wp-json\/wp\/v2\/media\/174014"}],"wp:attachment":[{"href":"https:\/\/visionpeninsular.com\/mid\/wp-json\/wp\/v2\/media?parent=174012"}],"wp:term":[{"taxonomy":"category","embeddable":true,"href":"https:\/\/visionpeninsular.com\/mid\/wp-json\/wp\/v2\/categories?post=174012"},{"taxonomy":"post_tag","embeddable":true,"href":"https:\/\/visionpeninsular.com\/mid\/wp-json\/wp\/v2\/tags?post=174012"}],"curies":[{"name":"wp","href":"https:\/\/api.w.org\/{rel}","templated":true}]}}