{"id":173353,"date":"2023-07-04T21:21:23","date_gmt":"2023-07-05T02:21:23","guid":{"rendered":"https:\/\/visionpeninsular.com\/mid\/?p=173353"},"modified":"2023-07-04T21:21:25","modified_gmt":"2023-07-05T02:21:25","slug":"sedeculta-y-proyecto-y-impulsan-a-14-artistas-visuales-alumnos-y-egresados-de-la-unay","status":"publish","type":"post","link":"https:\/\/visionpeninsular.com\/mid\/sedeculta-y-proyecto-y-impulsan-a-14-artistas-visuales-alumnos-y-egresados-de-la-unay\/","title":{"rendered":"Sedeculta y Proyecto Y impulsan a 14 artistas visuales, alumnos y egresados de la UNAY"},"content":{"rendered":"\n<ul><li><strong><em>En el CAV abri\u00f3 la exposici\u00f3n Tesis + Injerto, con m\u00e1s de 30 obras de tem\u00e1ticas sociales<\/em><\/strong><\/li><\/ul>\n\n\n\n<p>Obras con tem\u00e1ticas sociales como la desigualdad, la violencia, la familia, entre otros, se plantean en la exposici\u00f3n Tesis + Injerto, de estudiantes y egresados de la Licenciatura en Artes Visuales de la Universidad de las Artes de Yucat\u00e1n (UNAY), inaugurada en el Centro de Artes Visuales.<\/p>\n\n\n\n<p>La muestra tiene la finalidad de impulsar mediante la Secretar\u00eda de la Cultura y las Artes (Sedeculta) y Proyecto Y a 14 artistas. La apertura fue encabezada por la titular de la dependencia, Loreto Villanueva Trujillo, en presencia de la suplente de rector\u00eda y secretaria acad\u00e9mica de la UNAY, Karla Berr\u00f3n C\u00e1mara y la presidenta de la iniciativa, Catherine Petitgas.<\/p>\n\n\n\n<p>\u00abUstedes son un claro ejemplo de que para el arte en todas sus formas no se tienen l\u00edmites y les permite desarrollar la creatividad como una manera de visibilizar nuestras emociones, nuestro entorno y sobre todo, a enfrentarnos a nuevos retos, es por ello que desde la Secretar\u00eda de la Cultura y las Artes reafirmamos el compromiso de proporcionar espacios como \u00e9stos\u00bb, expres\u00f3 la funcionaria.<\/p>\n\n\n\n<p>El director del referido colectivo y curador de la exhibici\u00f3n, \u00d3scar Garc\u00eda, explic\u00f3 que se trata de integrar a creadoras y creadores en el discurso p\u00fablico y en los recintos culturales. Dijo que sus participantes adquirir\u00e1n peso curricular y podr\u00e1n manifestar sus inquietudes, intereses y visiones del mundo necesarias para comprender el entorno.<\/p>\n\n\n\n<p>\u00abCelebrar el hecho de que ya tienen un bagaje educativo, de alguna manera salen al mundo, a plantearse sus ideas, es como nace esta exposici\u00f3n en el Centro de Artes Visuales. En las diferentes tem\u00e1ticas, obviamente desde la familia, la antropolog\u00eda, sociolog\u00eda, la misma psicolog\u00eda, la idea es que ellos compartan este di\u00e1logo a trav\u00e9s del arte como para confrontar otras ideas y reflexionen\u00bb, precis\u00f3.<\/p>\n\n\n\n<p>Para Molly Olvera su trabajo se basa \u00absobre la realidad aumentada, sobre las distintas formas en las que nuestro ser puede existir en distintas realidades; en l\u00ednea o Internet, en las formas en las que t\u00fa puedas manifestarte\u00bb.<\/p>\n\n\n\n<p>El elemento m\u00e1s representativo de sus cinco piezas es el confeti que para ella es \u00abuna forma de lenguaje abstracto, es la forma en la que quiero representar como que la transmisi\u00f3n de este cuerpo f\u00edsico a uno virtual, como pixel\u00bb.<\/p>\n\n\n\n<p>Adem\u00e1s de ella est\u00e1n las propuestas de Edwin Baas, Andrea Brito, Jairo Campos, Marlin Cort\u00e9s, HEC RY, Molly Olvera, Ari Malo, Sopa, Yukari Uzeta, Giuliana Aguirre, Gonzalo D. Cer\u00f3n, David Puc, Fernando Quintero y Alan Toloza.<\/p>\n\n\n\n<p>Se integra de 35 piezas entre ellas fotograf\u00eda a color, intervenida, blanco y negro; acuarela, instalaci\u00f3n, esculturas, foto libro, video en las modalidades de experimental y arte, cartograf\u00eda, improvisaci\u00f3n electroac\u00fastica.<\/p>\n\n\n\n<p>Tesis + Injerto estar\u00e1 vigente hasta el 27 de agosto, puede visitarse de martes a viernes de 9:00 a 20:00, s\u00e1bados y domingos de 11:00 a 18:00 horas, la entrada es libre. El CAV se ubica en la calle 60 entre 45 y 47 n\u00famero 411, Centro.<\/p>\n<div class='share-to-whatsapp-wrapper'><div class='share-on-whsp'>Share on: <\/div><a data-text='Sedeculta y Proyecto Y impulsan a 14 artistas visuales, alumnos y egresados de la UNAY' data-link='https:\/\/visionpeninsular.com\/mid\/sedeculta-y-proyecto-y-impulsan-a-14-artistas-visuales-alumnos-y-egresados-de-la-unay\/' class='whatsapp-button whatsapp-share'>WhatsApp<\/a><div class='clear '><\/div><\/div>","protected":false},"excerpt":{"rendered":"<p>En el CAV abri\u00f3 la exposici\u00f3n Tesis + Injerto, con m\u00e1s de 30 obras de tem\u00e1ticas sociales Obras con tem\u00e1ticas sociales como la desigualdad, la violencia, la familia, entre otros, se plantean en la exposici\u00f3n Tesis + Injerto, de estudiantes y egresados de la Licenciatura en Artes Visuales de la Universidad de las Artes de &hellip;<\/p>\n","protected":false},"author":5,"featured_media":173355,"comment_status":"open","ping_status":"open","sticky":false,"template":"","format":"standard","meta":{"_mi_skip_tracking":false},"categories":[49,37],"tags":[30602,37159,37158,1557],"_links":{"self":[{"href":"https:\/\/visionpeninsular.com\/mid\/wp-json\/wp\/v2\/posts\/173353"}],"collection":[{"href":"https:\/\/visionpeninsular.com\/mid\/wp-json\/wp\/v2\/posts"}],"about":[{"href":"https:\/\/visionpeninsular.com\/mid\/wp-json\/wp\/v2\/types\/post"}],"author":[{"embeddable":true,"href":"https:\/\/visionpeninsular.com\/mid\/wp-json\/wp\/v2\/users\/5"}],"replies":[{"embeddable":true,"href":"https:\/\/visionpeninsular.com\/mid\/wp-json\/wp\/v2\/comments?post=173353"}],"version-history":[{"count":1,"href":"https:\/\/visionpeninsular.com\/mid\/wp-json\/wp\/v2\/posts\/173353\/revisions"}],"predecessor-version":[{"id":173356,"href":"https:\/\/visionpeninsular.com\/mid\/wp-json\/wp\/v2\/posts\/173353\/revisions\/173356"}],"wp:featuredmedia":[{"embeddable":true,"href":"https:\/\/visionpeninsular.com\/mid\/wp-json\/wp\/v2\/media\/173355"}],"wp:attachment":[{"href":"https:\/\/visionpeninsular.com\/mid\/wp-json\/wp\/v2\/media?parent=173353"}],"wp:term":[{"taxonomy":"category","embeddable":true,"href":"https:\/\/visionpeninsular.com\/mid\/wp-json\/wp\/v2\/categories?post=173353"},{"taxonomy":"post_tag","embeddable":true,"href":"https:\/\/visionpeninsular.com\/mid\/wp-json\/wp\/v2\/tags?post=173353"}],"curies":[{"name":"wp","href":"https:\/\/api.w.org\/{rel}","templated":true}]}}