{"id":17198,"date":"2016-11-22T19:31:14","date_gmt":"2016-11-23T01:31:14","guid":{"rendered":"http:\/\/visionpeninsular.com\/mid\/?p=17198"},"modified":"2016-11-22T19:31:14","modified_gmt":"2016-11-23T01:31:14","slug":"niega-ssy-existencia-microcefalia-asociada-al-zika-en-yucatan","status":"publish","type":"post","link":"https:\/\/visionpeninsular.com\/mid\/niega-ssy-existencia-microcefalia-asociada-al-zika-en-yucatan\/","title":{"rendered":"Niega SSY existencia de  microcefalia asociada al zika en Yucat\u00e1n"},"content":{"rendered":"<p>Manuel Jes\u00fas Paredes Aguilar, director de Prevenci\u00f3n y Protecci\u00f3n de la Secretar\u00eda de Salud de Yucat\u00e1n, manifest\u00f3 que hasta el momento no existe en la entidad ning\u00fan registro oficial de reci\u00e9n nacidos con microcefalia y que hasta el momento ning\u00fan registro de reci\u00e9n nacidos con esta enfermedad asociada al zika.<\/p>\n<p>Al presentar un panorama actual del virus, el director explic\u00f3 que en la semana epidemiol\u00f3gica n\u00famero 46 se tiene un total de 442 casos de mujeres embarazadas con esa enfermedad y 19 nacimientos, sin ning\u00fan beb\u00e9 que haya presentado microcefalia;  subray\u00f3 que a estos infantes se les mantiene con vigilancia neuropedi\u00e1trica desde su nacimiento hasta los 18 meses de edad, acorde con los protocolos normativos para el manejo de esos casos.<\/p>\n<p>La presidenta de la Asociaci\u00f3n Mexicana de Pediatr\u00eda, Mar\u00eda de la Luz Iracheta Gerez, asegur\u00f3  de una alta probabilidad de que los primeros casos de beb\u00e9s con microcefalia en M\u00e9xico procedan de la Pen\u00ednsula de Yucat\u00e1n; asimismo, dijo que el Instituto Nacional de Pediatr\u00eda ha recibido dos casos de la malformaci\u00f3n cong\u00e9nita que corresponder\u00edan a la entidad y que los beb\u00e9s se encuentran bajo vigilancia ante la posibilidad que tambi\u00e9n desarrollen el S\u00edndrome de Guillain-Barr\u00e9.<\/p>\n<p>Seg\u00fan inform\u00f3 la especialista, los casos de malformaci\u00f3n cong\u00e9nita que han llegado al Hospital Infantil Federico G\u00f3mez, del Instituto Nacional de Pediatr\u00eda (INP), tienen una alta probabilidad de corresponder a Yucat\u00e1n, ya que es el estado que mayor n\u00famero de zika en embarazadas ha presentado durante el a\u00f1o. A la fecha, se han reportado m\u00e1s de 380 infecciones de mujeres que contrajeron el virus estando embarazadas.<\/p>\n<div class='share-to-whatsapp-wrapper'><div class='share-on-whsp'>Share on: <\/div><a data-text='Niega SSY existencia de  microcefalia asociada al zika en Yucat\u00e1n' data-link='https:\/\/visionpeninsular.com\/mid\/niega-ssy-existencia-microcefalia-asociada-al-zika-en-yucatan\/' class='whatsapp-button whatsapp-share'>WhatsApp<\/a><div class='clear '><\/div><\/div>","protected":false},"excerpt":{"rendered":"<p>Manuel Jes\u00fas Paredes Aguilar, director de Prevenci\u00f3n y Protecci\u00f3n de la Secretar\u00eda de Salud de Yucat\u00e1n, manifest\u00f3 que hasta el momento no existe en la entidad ning\u00fan registro oficial de reci\u00e9n nacidos con microcefalia y que hasta el momento ning\u00fan registro de reci\u00e9n nacidos con esta enfermedad asociada al zika. Al presentar un panorama actual &hellip;<\/p>\n","protected":false},"author":5,"featured_media":17199,"comment_status":"open","ping_status":"open","sticky":false,"template":"","format":"standard","meta":{"_mi_skip_tracking":false},"categories":[50],"tags":[3306,1950,87],"_links":{"self":[{"href":"https:\/\/visionpeninsular.com\/mid\/wp-json\/wp\/v2\/posts\/17198"}],"collection":[{"href":"https:\/\/visionpeninsular.com\/mid\/wp-json\/wp\/v2\/posts"}],"about":[{"href":"https:\/\/visionpeninsular.com\/mid\/wp-json\/wp\/v2\/types\/post"}],"author":[{"embeddable":true,"href":"https:\/\/visionpeninsular.com\/mid\/wp-json\/wp\/v2\/users\/5"}],"replies":[{"embeddable":true,"href":"https:\/\/visionpeninsular.com\/mid\/wp-json\/wp\/v2\/comments?post=17198"}],"version-history":[{"count":1,"href":"https:\/\/visionpeninsular.com\/mid\/wp-json\/wp\/v2\/posts\/17198\/revisions"}],"predecessor-version":[{"id":17200,"href":"https:\/\/visionpeninsular.com\/mid\/wp-json\/wp\/v2\/posts\/17198\/revisions\/17200"}],"wp:featuredmedia":[{"embeddable":true,"href":"https:\/\/visionpeninsular.com\/mid\/wp-json\/wp\/v2\/media\/17199"}],"wp:attachment":[{"href":"https:\/\/visionpeninsular.com\/mid\/wp-json\/wp\/v2\/media?parent=17198"}],"wp:term":[{"taxonomy":"category","embeddable":true,"href":"https:\/\/visionpeninsular.com\/mid\/wp-json\/wp\/v2\/categories?post=17198"},{"taxonomy":"post_tag","embeddable":true,"href":"https:\/\/visionpeninsular.com\/mid\/wp-json\/wp\/v2\/tags?post=17198"}],"curies":[{"name":"wp","href":"https:\/\/api.w.org\/{rel}","templated":true}]}}