{"id":171954,"date":"2023-06-02T13:14:11","date_gmt":"2023-06-02T18:14:11","guid":{"rendered":"https:\/\/visionpeninsular.com\/mid\/?p=171954"},"modified":"2023-06-02T13:14:12","modified_gmt":"2023-06-02T18:14:12","slug":"ultiman-detalles-para-el-gran-arranque-de-la-septima-edicion-de-expo-foro-ambiental","status":"publish","type":"post","link":"https:\/\/visionpeninsular.com\/mid\/ultiman-detalles-para-el-gran-arranque-de-la-septima-edicion-de-expo-foro-ambiental\/","title":{"rendered":"Ultiman detalles para el gran arranque de la s\u00e9ptima edici\u00f3n de Expo Foro Ambiental"},"content":{"rendered":"\n<p>A tan solo unas horas de que sea inaugurada la s\u00e9ptima edici\u00f3n de la Expo Foro Ambiental que tendr\u00e1 como tema central el Turismo Sustentable, el montaje de los m\u00e1s de 100 espacios para expositores, Instituciones gubernamentales y educativas ya se encuentra en un 90 por ciento.<\/p>\n\n\n\n<p>En rueda de prensa, el presidente de la C\u00e1mara Nacional de Servicios y Turismo de M\u00e9rida, Levy Abraham, invit\u00f3 a no perderse este evento que dar\u00e1 inicio este viernes 2 y finaliza el pr\u00f3ximo 4 de junio.<\/p>\n\n\n\n<p>El l\u00edder empresarial record\u00f3 que estas actividades forman parte del compromiso social de la C\u00e1mara que encabeza y qu\u00e9 a su vez busca abonar al cuidado del medio ambiente dejando en las nuevas generaciones un mensaje que prevalezca a trav\u00e9s de los a\u00f1os.<\/p>\n\n\n\n<p>\u201cEstas iniciativas son permanentes, ya que somos un punto de recolecci\u00f3n de pilas, pets y aceites, mismos que son canalizados para su correcto manejo. Buscamos ir m\u00e1s all\u00e1, y por eso hemos convertido esta expo foro ambiental en uno de los eventos m\u00e1s importantes de todo el sureste del pa\u00eds, la cual es impulsora de servicios y productos amigables con el medio ambiente\u201d mencion\u00f3.<\/p>\n\n\n\n<p>Los invitamos a que a partir de este 2 y hasta el 4 de junio no se pierdan la oportunidad de asistir, la invitaci\u00f3n est\u00e1 abierta a todo el p\u00fablico tanto como a quienes est\u00e1n interesados en mejorar las pr\u00e1cticas en sus negocios y empresas.<\/p>\n\n\n\n<p>Para esta expo foro ambiental se ha dise\u00f1ado un programa de actividades para todas las edades, en donde participar\u00e1n diversas instituciones educativas, adem\u00e1s de que se tendr\u00e1n ponentes en temas de suma relevancia como el cuidado de los mares, el turismo sustentable y la importancia del voluntariado ambiental.<\/p>\n\n\n\n<p>Abraham Macari, se\u00f1al\u00f3 que la durante la Expo Foro Ambiental los asistentes podr\u00e1n asistir el viernes de 9 de la ma\u00f1ana a 9 de la noche, y s\u00e1bado y domingo de 10 a 9 de la ma\u00f1ana, la entrada ser\u00e1 gratuita.<\/p>\n\n\n\n<p>Mauricio L\u00f3pez Cant\u00f3n, Presidente del Comit\u00e9 Organizador de la Expo Foro Ambiental, mencion\u00f3 que este evento tambi\u00e9n busca ser un generador de conocimiento, pero sobre todo un impulsor de pr\u00e1cticas sustentables en las empresas, hogares, escuelas.<\/p>\n\n\n\n<p>Tambi\u00e9n agradeci\u00f3 a los patrocinadores que se sumaron a la organizaci\u00f3n de la Expo y entre los que se encuentran: Queremos agradecer en especial a nuestros patrocinadores: Ayuntamiento de M\u00e9rida, Bepensa, Perfect Home, Ciclo Ambiental, Youcatan Land, Oceana y Heineken, as\u00ed como el apoyo de la WWF, FEYAC, UADY, Universidad Marista y Universidad An\u00e1huac Mayab.<\/p>\n<div class='share-to-whatsapp-wrapper'><div class='share-on-whsp'>Share on: <\/div><a data-text='Ultiman detalles para el gran arranque de la s\u00e9ptima edici\u00f3n de Expo Foro Ambiental' data-link='https:\/\/visionpeninsular.com\/mid\/ultiman-detalles-para-el-gran-arranque-de-la-septima-edicion-de-expo-foro-ambiental\/' class='whatsapp-button whatsapp-share'>WhatsApp<\/a><div class='clear '><\/div><\/div>","protected":false},"excerpt":{"rendered":"<p>A tan solo unas horas de que sea inaugurada la s\u00e9ptima edici\u00f3n de la Expo Foro Ambiental que tendr\u00e1 como tema central el Turismo Sustentable, el montaje de los m\u00e1s de 100 espacios para expositores, Instituciones gubernamentales y educativas ya se encuentra en un 90 por ciento. En rueda de prensa, el presidente de la &hellip;<\/p>\n","protected":false},"author":5,"featured_media":171956,"comment_status":"open","ping_status":"open","sticky":false,"template":"","format":"standard","meta":{"_mi_skip_tracking":false},"categories":[50,37],"tags":[13587,721,36708,36709],"_links":{"self":[{"href":"https:\/\/visionpeninsular.com\/mid\/wp-json\/wp\/v2\/posts\/171954"}],"collection":[{"href":"https:\/\/visionpeninsular.com\/mid\/wp-json\/wp\/v2\/posts"}],"about":[{"href":"https:\/\/visionpeninsular.com\/mid\/wp-json\/wp\/v2\/types\/post"}],"author":[{"embeddable":true,"href":"https:\/\/visionpeninsular.com\/mid\/wp-json\/wp\/v2\/users\/5"}],"replies":[{"embeddable":true,"href":"https:\/\/visionpeninsular.com\/mid\/wp-json\/wp\/v2\/comments?post=171954"}],"version-history":[{"count":1,"href":"https:\/\/visionpeninsular.com\/mid\/wp-json\/wp\/v2\/posts\/171954\/revisions"}],"predecessor-version":[{"id":171957,"href":"https:\/\/visionpeninsular.com\/mid\/wp-json\/wp\/v2\/posts\/171954\/revisions\/171957"}],"wp:featuredmedia":[{"embeddable":true,"href":"https:\/\/visionpeninsular.com\/mid\/wp-json\/wp\/v2\/media\/171956"}],"wp:attachment":[{"href":"https:\/\/visionpeninsular.com\/mid\/wp-json\/wp\/v2\/media?parent=171954"}],"wp:term":[{"taxonomy":"category","embeddable":true,"href":"https:\/\/visionpeninsular.com\/mid\/wp-json\/wp\/v2\/categories?post=171954"},{"taxonomy":"post_tag","embeddable":true,"href":"https:\/\/visionpeninsular.com\/mid\/wp-json\/wp\/v2\/tags?post=171954"}],"curies":[{"name":"wp","href":"https:\/\/api.w.org\/{rel}","templated":true}]}}