{"id":171552,"date":"2023-05-24T20:50:43","date_gmt":"2023-05-25T01:50:43","guid":{"rendered":"https:\/\/visionpeninsular.com\/mid\/?p=171552"},"modified":"2023-05-24T20:50:44","modified_gmt":"2023-05-25T01:50:44","slug":"la-3-de-3-se-cumplira-pero-no-sera-instrumento-de-guerra-de-sucia","status":"publish","type":"post","link":"https:\/\/visionpeninsular.com\/mid\/la-3-de-3-se-cumplira-pero-no-sera-instrumento-de-guerra-de-sucia\/","title":{"rendered":"La \u201c3 de 3\u201d se cumplir\u00e1, pero no ser\u00e1 instrumento de guerra de sucia"},"content":{"rendered":"\n<h2 class=\"has-text-align-center\">\u2022\u00abQue nadie la quiera usar para quitar alg\u00fan adversario en el camino y deje de lado los derechos humanos a las v\u00edctimas\u00bb: Yndira Sandoval, tras la declaratoria constitucional de la ley <\/h2>\n\n\n\n<p>M\u00e9rida, Yucat\u00e1n, a 24 de mayo de 2023.\u2013 Al ser declarada constitucional la \u201cLey 3 de 3 contra la violencia de g\u00e9nero\u201d por la Comisi\u00f3n Permanente del Congreso del Estado, las colectivas feministas advirtieron que no permitir\u00e1n que sea usada para la guerra sucia en las elecciones 2024.<\/p>\n\n\n\n<p>\u00abLa \u201c3 de 3\u201d lleg\u00f3 para quedarse y cumplirse, pero sin dedicatoria, con destinatarios. No vamos a permitir que se convierta en un instrumento de guerra sucia. Que nadie la quiera usar para quitar alg\u00fan adversario en el camino y deje de lado los derechos humanos a las v\u00edctimas. Le cerramos el paso al oportunismo pol\u00edtico, a la impunidad y a la violencia\u00bb, se\u00f1al\u00f3 Yndira Sandoval, de Las Constituyentes MX y promotora de la iniciativa.<\/p>\n\n\n\n<p>En rueda de prensa realizada en el Senado, la activista agradeci\u00f3 a las legisladoras locales y federales, de todas las fuerzas pol\u00edticas, que hicieron posible la modificaci\u00f3n a los art\u00edculos 38 y 102 de la Constituci\u00f3n Mexicana.<\/p>\n\n\n\n<p>La \u201c3 de 3\u201d tiene por objetivo que ning\u00fan agresor, violentador, acosador o deudor de pensi\u00f3n alimenticia pueda laborar en la administraci\u00f3n p\u00fablica, en el poder judicial, \u00f3rganos aut\u00f3nomos y en ninguna electoral. \u00abLa reforma constitucional coloca al frente y en el centro es la justicia para las mujeres, las ni\u00f1as y los ni\u00f1os, y eleva los est\u00e1ndares de la responsabilidad p\u00fablica e institucional, dotando de \u00e9tica a la pol\u00edtica\u00bb, destac\u00f3.<\/p>\n\n\n\n<p>Desde 1917, a\u00f1o en que se promulg\u00f3 la Constituci\u00f3n, un art\u00edculo no hab\u00eda sido reformado, se\u00f1al\u00f3 Yndira Sandoval. Para que la declaratoria constitucional sea posible, se debi\u00f3 a que 23 congreso locales aprobaron la minuta del Senado.<\/p>\n\n\n\n<p>Finalmente, Yndira Sandoval solicit\u00f3 al presidente Andr\u00e9s Manuel L\u00f3pez Obrador y al secretario de Gobernaci\u00f3n, Ad\u00e1n Augusto L\u00f3pez Hern\u00e1ndez, para que la reforma constitucional sea publicada de manera inmediata en el Diario Oficial de la Federaci\u00f3n (DOF) para que entre en vigor y pueda tener vigencia en el proceso electoral 2023-2024 y \u00abse garantice un marco jur\u00eddico efectivo y eficaz, que le ponga un alto a la violencia\u00bb.<\/p>\n\n\n\n<p><\/p>\n\n\n\n<figure class=\"wp-block-image size-full\"><img loading=\"lazy\" width=\"978\" height=\"651\" src=\"https:\/\/visionpeninsular.com\/mid\/wp-content\/uploads\/2023\/05\/WhatsApp-Image-2023-05-24-at-7.25.14-PM.jpeg\" alt=\"\" class=\"wp-image-171554\" srcset=\"https:\/\/visionpeninsular.com\/mid\/wp-content\/uploads\/2023\/05\/WhatsApp-Image-2023-05-24-at-7.25.14-PM.jpeg 978w, https:\/\/visionpeninsular.com\/mid\/wp-content\/uploads\/2023\/05\/WhatsApp-Image-2023-05-24-at-7.25.14-PM-300x200.jpeg 300w, https:\/\/visionpeninsular.com\/mid\/wp-content\/uploads\/2023\/05\/WhatsApp-Image-2023-05-24-at-7.25.14-PM-768x511.jpeg 768w, https:\/\/visionpeninsular.com\/mid\/wp-content\/uploads\/2023\/05\/WhatsApp-Image-2023-05-24-at-7.25.14-PM-310x205.jpeg 310w\" sizes=\"(max-width: 978px) 100vw, 978px\" \/><figcaption>Colectivas feministas y legisladores pertenecientes a la Comisi\u00f3n Permanente del Congreso de la Uni\u00f3n, tras la declaratoria constitucional de la Ley 3 de 3 contra la violencia. La minuta fue aprobada en 23 Congresos Locales (CR\u00c9DITO: Cortes\u00eda)<\/figcaption><\/figure>\n<div class='share-to-whatsapp-wrapper'><div class='share-on-whsp'>Share on: <\/div><a data-text='La \u201c3 de 3\u201d se cumplir\u00e1, pero no ser\u00e1 instrumento de guerra de sucia' data-link='https:\/\/visionpeninsular.com\/mid\/la-3-de-3-se-cumplira-pero-no-sera-instrumento-de-guerra-de-sucia\/' class='whatsapp-button whatsapp-share'>WhatsApp<\/a><div class='clear '><\/div><\/div>","protected":false},"excerpt":{"rendered":"<p>\u2022\u00abQue nadie la quiera usar para quitar alg\u00fan adversario en el camino y deje de lado los derechos humanos a las v\u00edctimas\u00bb: Yndira Sandoval, tras la declaratoria constitucional de la ley M\u00e9rida, Yucat\u00e1n, a 24 de mayo de 2023.\u2013 Al ser declarada constitucional la \u201cLey 3 de 3 contra la violencia de g\u00e9nero\u201d por la &hellip;<\/p>\n","protected":false},"author":11,"featured_media":171554,"comment_status":"open","ping_status":"open","sticky":false,"template":"","format":"standard","meta":{"_mi_skip_tracking":false},"categories":[49,37],"tags":[36581,31193,2138,36227,31043,26343],"_links":{"self":[{"href":"https:\/\/visionpeninsular.com\/mid\/wp-json\/wp\/v2\/posts\/171552"}],"collection":[{"href":"https:\/\/visionpeninsular.com\/mid\/wp-json\/wp\/v2\/posts"}],"about":[{"href":"https:\/\/visionpeninsular.com\/mid\/wp-json\/wp\/v2\/types\/post"}],"author":[{"embeddable":true,"href":"https:\/\/visionpeninsular.com\/mid\/wp-json\/wp\/v2\/users\/11"}],"replies":[{"embeddable":true,"href":"https:\/\/visionpeninsular.com\/mid\/wp-json\/wp\/v2\/comments?post=171552"}],"version-history":[{"count":1,"href":"https:\/\/visionpeninsular.com\/mid\/wp-json\/wp\/v2\/posts\/171552\/revisions"}],"predecessor-version":[{"id":171555,"href":"https:\/\/visionpeninsular.com\/mid\/wp-json\/wp\/v2\/posts\/171552\/revisions\/171555"}],"wp:featuredmedia":[{"embeddable":true,"href":"https:\/\/visionpeninsular.com\/mid\/wp-json\/wp\/v2\/media\/171554"}],"wp:attachment":[{"href":"https:\/\/visionpeninsular.com\/mid\/wp-json\/wp\/v2\/media?parent=171552"}],"wp:term":[{"taxonomy":"category","embeddable":true,"href":"https:\/\/visionpeninsular.com\/mid\/wp-json\/wp\/v2\/categories?post=171552"},{"taxonomy":"post_tag","embeddable":true,"href":"https:\/\/visionpeninsular.com\/mid\/wp-json\/wp\/v2\/tags?post=171552"}],"curies":[{"name":"wp","href":"https:\/\/api.w.org\/{rel}","templated":true}]}}