{"id":171507,"date":"2023-05-23T21:45:56","date_gmt":"2023-05-24T02:45:56","guid":{"rendered":"https:\/\/visionpeninsular.com\/mid\/?p=171507"},"modified":"2023-05-23T21:45:57","modified_gmt":"2023-05-24T02:45:57","slug":"anteponemos-el-bien-comun-de-yucatan-a-los-intereses-personales-cecilia-patron","status":"publish","type":"post","link":"https:\/\/visionpeninsular.com\/mid\/anteponemos-el-bien-comun-de-yucatan-a-los-intereses-personales-cecilia-patron\/","title":{"rendered":"Anteponemos el bien com\u00fan de Yucat\u00e1n, a los intereses personales, Cecilia Patr\u00f3n"},"content":{"rendered":"\n<h2 class=\"has-text-align-center\">\u2022No es el momento de las candidaturas. El llamado fue a que siempre pensemos en la gente, asever\u00f3 la legisladora por el Distrito 4 Federal<\/h2>\n\n\n\n<p>M\u00e9rida, Yucatan, a 23 de mayo de 2023.\u2013 La diputada federal Cecilia Patr\u00f3n Laviada descart\u00f3 que la reuni\u00f3n que sostuvo con el gobernador Mauricio Vila Dosal, el alcalde Ren\u00e1n Barrera Concha, As\u00eds Cano Cetina, presidente del PAN Yucat\u00e1n; Rommel Pacheco Marrufo, Liborio Vidal y Juli\u00e1n Zacar\u00edas Curi sea un acomodo de las fichas para el proceso electoral 2024.<\/p>\n\n\n\n<p>\u00abNos reunimos para anteponer siempre el bienestar de los yucatecos, antes de cualquier aspiraci\u00f3n personal. Eso es lo m\u00e1s importante y se hizo el llamado a que siempre pensemos en la gente\u00bb, asever\u00f3 la legisladora por el Distrito 4 Federal.<\/p>\n\n\n\n<p>Es muy pronto para hablar de las candidaturas, pero si mandarle un mensaje a la sociedad que Acci\u00f3n Nacional \u00abest\u00e1 m\u00e1s unido que nunca, estamos trabajando en equipo y, sobre todo, dar los resultados. No hay mejor carta de presentaci\u00f3n que la gente sepa c\u00f3mo ha mejorado su vida\u00bb, coment\u00f3.<\/p>\n\n\n\n<p>En la reuni\u00f3n, detall\u00f3, se habl\u00f3 de unidad y de anteponer el bien com\u00fan de los yucatecos por encima de los deseos personales. \u00abSomos hombres y mujeres que queremos el bienestar del Estado y que hemos levantado para seguir en pol\u00edtica. Nos hemos reunido para seguir trabajando fuerte y hoy tenemos que dar los resultados para poder aspirar ma\u00f1ana\u00bb, dijo.<\/p>\n\n\n\n<p>En el caso del vallisoletano Liborio Vidal Aguilar, la asamble\u00edsta mencion\u00f3: \u00ab\u00c9l es simpatizante y se ha manifestado. Ya fue candidato del PAN al Distrito 1 Federal por Valladolid, ha tenido un acercamiento a Acci\u00f3n Nacional. Y en la reuni\u00f3n, acudi\u00f3 por invitaci\u00f3n del presidente y aqu\u00ed todos tenemos cabida\u00bb.<\/p>\n\n\n\n<figure class=\"wp-block-image size-large\"><img loading=\"lazy\" width=\"1024\" height=\"576\" src=\"https:\/\/visionpeninsular.com\/mid\/wp-content\/uploads\/2023\/05\/WhatsApp-Image-2023-05-23-at-8.09.14-PM-1024x576.jpeg\" alt=\"\" class=\"wp-image-171509\" srcset=\"https:\/\/visionpeninsular.com\/mid\/wp-content\/uploads\/2023\/05\/WhatsApp-Image-2023-05-23-at-8.09.14-PM-1024x576.jpeg 1024w, https:\/\/visionpeninsular.com\/mid\/wp-content\/uploads\/2023\/05\/WhatsApp-Image-2023-05-23-at-8.09.14-PM-300x169.jpeg 300w, https:\/\/visionpeninsular.com\/mid\/wp-content\/uploads\/2023\/05\/WhatsApp-Image-2023-05-23-at-8.09.14-PM-768x432.jpeg 768w, https:\/\/visionpeninsular.com\/mid\/wp-content\/uploads\/2023\/05\/WhatsApp-Image-2023-05-23-at-8.09.14-PM.jpeg 1280w\" sizes=\"(max-width: 1024px) 100vw, 1024px\" \/><figcaption>La diputada federal panista Cecilia Patr\u00f3n Laviada coment\u00f3 que los aspirantes a un cargo de elecci\u00f3n popular en 2024 se reunieron para dialogar y anteponer el bienestar de los yucatecos por encima de los intereses personales (CR\u00c9DITO: Visi\u00f3n Peninsular)<\/figcaption><\/figure>\n\n\n\n<p><\/p>\n<div class='share-to-whatsapp-wrapper'><div class='share-on-whsp'>Share on: <\/div><a data-text='Anteponemos el bien com\u00fan de Yucat\u00e1n, a los intereses personales, Cecilia Patr\u00f3n' data-link='https:\/\/visionpeninsular.com\/mid\/anteponemos-el-bien-comun-de-yucatan-a-los-intereses-personales-cecilia-patron\/' class='whatsapp-button whatsapp-share'>WhatsApp<\/a><div class='clear '><\/div><\/div>","protected":false},"excerpt":{"rendered":"<p>\u2022No es el momento de las candidaturas. El llamado fue a que siempre pensemos en la gente, asever\u00f3 la legisladora por el Distrito 4 Federal M\u00e9rida, Yucatan, a 23 de mayo de 2023.\u2013 La diputada federal Cecilia Patr\u00f3n Laviada descart\u00f3 que la reuni\u00f3n que sostuvo con el gobernador Mauricio Vila Dosal, el alcalde Ren\u00e1n Barrera &hellip;<\/p>\n","protected":false},"author":11,"featured_media":171509,"comment_status":"open","ping_status":"open","sticky":false,"template":"","format":"standard","meta":{"_mi_skip_tracking":false},"categories":[49,37],"tags":[35883,5668,31229,31775,26471,3861,13607,35884,5338,31233],"_links":{"self":[{"href":"https:\/\/visionpeninsular.com\/mid\/wp-json\/wp\/v2\/posts\/171507"}],"collection":[{"href":"https:\/\/visionpeninsular.com\/mid\/wp-json\/wp\/v2\/posts"}],"about":[{"href":"https:\/\/visionpeninsular.com\/mid\/wp-json\/wp\/v2\/types\/post"}],"author":[{"embeddable":true,"href":"https:\/\/visionpeninsular.com\/mid\/wp-json\/wp\/v2\/users\/11"}],"replies":[{"embeddable":true,"href":"https:\/\/visionpeninsular.com\/mid\/wp-json\/wp\/v2\/comments?post=171507"}],"version-history":[{"count":1,"href":"https:\/\/visionpeninsular.com\/mid\/wp-json\/wp\/v2\/posts\/171507\/revisions"}],"predecessor-version":[{"id":171510,"href":"https:\/\/visionpeninsular.com\/mid\/wp-json\/wp\/v2\/posts\/171507\/revisions\/171510"}],"wp:featuredmedia":[{"embeddable":true,"href":"https:\/\/visionpeninsular.com\/mid\/wp-json\/wp\/v2\/media\/171509"}],"wp:attachment":[{"href":"https:\/\/visionpeninsular.com\/mid\/wp-json\/wp\/v2\/media?parent=171507"}],"wp:term":[{"taxonomy":"category","embeddable":true,"href":"https:\/\/visionpeninsular.com\/mid\/wp-json\/wp\/v2\/categories?post=171507"},{"taxonomy":"post_tag","embeddable":true,"href":"https:\/\/visionpeninsular.com\/mid\/wp-json\/wp\/v2\/tags?post=171507"}],"curies":[{"name":"wp","href":"https:\/\/api.w.org\/{rel}","templated":true}]}}