{"id":171433,"date":"2023-05-22T13:00:27","date_gmt":"2023-05-22T18:00:27","guid":{"rendered":"https:\/\/visionpeninsular.com\/mid\/?p=171433"},"modified":"2023-05-22T13:00:28","modified_gmt":"2023-05-22T18:00:28","slug":"con-rotundo-exito-concluye-yucatan-expone-en-el-zocalo-de-la-ciudad-de-mexico","status":"publish","type":"post","link":"https:\/\/visionpeninsular.com\/mid\/con-rotundo-exito-concluye-yucatan-expone-en-el-zocalo-de-la-ciudad-de-mexico\/","title":{"rendered":"Con rotundo \u00e9xito concluye \u201cYucat\u00e1n Expone\u201d en el z\u00f3calo de la Ciudad de M\u00e9xico"},"content":{"rendered":"\n<ul><li><strong><em>Durante la \u00faltima jornada de la muestra se registr\u00f3 un r\u00e9cord de ventas en los productos yucatecos, y la visita de m\u00e1s de medio mill\u00f3n de personas<\/em><\/strong>.<\/li><\/ul>\n\n\n\n<p>La muestra Yucat\u00e1n Expone en el z\u00f3calo de la Ciudad de M\u00e9xico concluy\u00f3 su jornada de 10 d\u00edas con un rotundo \u00e9xito, por lo que el gobernador Mauricio Vila Dosal agradeci\u00f3 a la jefa de Gobierno, Claudia Sheinbaum Pardo la coordinaci\u00f3n y las facilidades para la realizaci\u00f3n de esta exposici\u00f3n comercial que dej\u00f3 a los emprendedores yucatecos cientos de citas de negocio.<\/p>\n\n\n\n<figure class=\"wp-block-image size-full\"><img loading=\"lazy\" width=\"600\" height=\"371\" src=\"https:\/\/visionpeninsular.com\/mid\/wp-content\/uploads\/2023\/05\/negocio.jpg\" alt=\"\" class=\"wp-image-171436\" srcset=\"https:\/\/visionpeninsular.com\/mid\/wp-content\/uploads\/2023\/05\/negocio.jpg 600w, https:\/\/visionpeninsular.com\/mid\/wp-content\/uploads\/2023\/05\/negocio-300x186.jpg 300w\" sizes=\"(max-width: 600px) 100vw, 600px\" \/><\/figure>\n\n\n\n<p>En esta \u00faltima jornada dominical, la muestra industrial, artesanal y cultural registr\u00f3 un r\u00e9cord de ventas para los 278 expositores participantes, que desde su apertura al cierre recibieron m\u00e1s de medio mill\u00f3n de visitantes quienes agotaron los productos realizados por las manos de los artesanos yucatecos.<\/p>\n\n\n\n<p>Al cierre del s\u00e1bado 20 de mayo, en Yucat\u00e1n Expone se hab\u00edan desplazado 20 mil guayaberas; calzado con arriba de 1,700 pares vendidos; la venta de cerca de 600 hamacas y silletas; as\u00ed como m\u00e1s de 1 mill\u00f3n de pesos de ventas en productos de miel.<\/p>\n\n\n\n<p>Las empresas Bomba de Chocolate, Condimentos y Recados T\u00eda Carmi, Ramalemima, Arte en Filigrana, Pur\u00e9 de Habanero Akish, La Colmena del Sureste, Krisma, Chocolate Imperial, Chocolates Artesanales Roma y Antalika\u2019a, lograron vender toda la mercanc\u00eda que llevaron, por lo que \u201cbajaron la cortina\u201d de sus locales antes del cierre del evento.<\/p>\n\n\n\n<figure class=\"wp-block-image size-full\"><img loading=\"lazy\" width=\"600\" height=\"324\" src=\"https:\/\/visionpeninsular.com\/mid\/wp-content\/uploads\/2023\/05\/evento.jpg\" alt=\"\" class=\"wp-image-171437\" srcset=\"https:\/\/visionpeninsular.com\/mid\/wp-content\/uploads\/2023\/05\/evento.jpg 600w, https:\/\/visionpeninsular.com\/mid\/wp-content\/uploads\/2023\/05\/evento-300x162.jpg 300w\" sizes=\"(max-width: 600px) 100vw, 600px\" \/><\/figure>\n\n\n\n<p>Por su parte, los restauranteros hab\u00edan vendido nueve toneladas de cochinita pibil y lech\u00f3n al horno, 13 mil salbutes, 10 mil kibis y 8 mil empanadas. Otros productos con alta demanda fueron la miel con 19 mil 400 piezas y el calzado con m\u00e1s de dos mil 500 pares colocados.<\/p>\n\n\n\n<p>De acuerdo con el comit\u00e9 organizador, el primer fin de semana de la muestra fue tan exitoso, que 46 empresas participantes de calzado, ropa, alimentos empacados, miel, salsas y otros giros enviaron m\u00e1s mercanc\u00eda desde M\u00e9rida, entre \u00e9stas, las tradicionales marcas yucatecas Dond\u00e9 y La Lupita que resurtieron el 160 y 130 por ciento por encima de su inventario inicial.<\/p>\n\n\n\n<figure class=\"wp-block-image size-full\"><img loading=\"lazy\" width=\"600\" height=\"353\" src=\"https:\/\/visionpeninsular.com\/mid\/wp-content\/uploads\/2023\/05\/inventario-inicial.jpg\" alt=\"\" class=\"wp-image-171438\" srcset=\"https:\/\/visionpeninsular.com\/mid\/wp-content\/uploads\/2023\/05\/inventario-inicial.jpg 600w, https:\/\/visionpeninsular.com\/mid\/wp-content\/uploads\/2023\/05\/inventario-inicial-300x177.jpg 300w\" sizes=\"(max-width: 600px) 100vw, 600px\" \/><\/figure>\n\n\n\n<p>Desde el primer fin de semana la Plaza de la Constituci\u00f3n registr\u00f3 una afluencia nunca antes vista en este evento itinerante que el a\u00f1o pasado visit\u00f3 seis alcald\u00edas y estados del pa\u00eds, siendo tradicionalmente las jornadas de fin de semana las m\u00e1s concurridas, en esta ocasi\u00f3n se alcanzaron registros de m\u00e1s de 130 mil personas el domingo 14 y el s\u00e1bado 20 de mayo.<\/p>\n\n\n\n<p>Con la estrategia \u201cYucat\u00e1n, Capital de la Guayabera\u201d, para fortalecer la fabricaci\u00f3n y comercializaci\u00f3n de la prenda en Tekit, Kimbil\u00e1, M\u00e9rida y otros municipios con esta vocaci\u00f3n productiva, se realiz\u00f3 un desfile en el cual las 42 empresas del sector del vestido exhibieron sus \u00faltimas colecciones en guayaberas y ropa t\u00edpica.<\/p>\n\n\n\n<figure class=\"wp-block-image size-full\"><img loading=\"lazy\" width=\"600\" height=\"357\" src=\"https:\/\/visionpeninsular.com\/mid\/wp-content\/uploads\/2023\/05\/ropa-tipica.jpg\" alt=\"\" class=\"wp-image-171439\" srcset=\"https:\/\/visionpeninsular.com\/mid\/wp-content\/uploads\/2023\/05\/ropa-tipica.jpg 600w, https:\/\/visionpeninsular.com\/mid\/wp-content\/uploads\/2023\/05\/ropa-tipica-300x179.jpg 300w\" sizes=\"(max-width: 600px) 100vw, 600px\" \/><\/figure>\n\n\n\n<p>Asimismo, la Direcci\u00f3n de Comercio de la Sefoet organiz\u00f3 entrevistas entre seis restaurantes establecidos en la Ciudad de M\u00e9xico y expositores con miras volverse sus proveedores. Entre los que lograron buenos acuerdos est\u00e1n Abuelo Guill\u00e9n, Condimentos Semilla de Dioses, Tierra Nativa, Miel Krisma, Condimentos T\u00eda Carmi, entre otras empresas especializadas en la elaboraci\u00f3n de salsa de chiles x\u2019catic y habanero.<\/p>\n\n\n\n<p>La muestra Yucat\u00e1n Expone cont\u00f3 con la participaci\u00f3n de 278 expositores de micro, peque\u00f1as y medianas empresas con bienes hechos por 800 artesanos, como salsas, condimentos, prendas de vestir, calzado, artesan\u00edas, licores, miel, concentrados, productos naturales, horchatas, caf\u00e9, hamacas, bolsas, joyer\u00eda y bisuter\u00eda, marquesitas y alimentos al vac\u00edo, entre otros.<\/p>\n\n\n\n<figure class=\"wp-block-image size-full\"><img loading=\"lazy\" width=\"600\" height=\"370\" src=\"https:\/\/visionpeninsular.com\/mid\/wp-content\/uploads\/2023\/05\/entre-otros-h.jpg\" alt=\"\" class=\"wp-image-171440\" srcset=\"https:\/\/visionpeninsular.com\/mid\/wp-content\/uploads\/2023\/05\/entre-otros-h.jpg 600w, https:\/\/visionpeninsular.com\/mid\/wp-content\/uploads\/2023\/05\/entre-otros-h-300x185.jpg 300w\" sizes=\"(max-width: 600px) 100vw, 600px\" \/><\/figure>\n\n\n\n<p>Adem\u00e1s de toda la oferta gastron\u00f3mica, textil, artesan\u00edas y dem\u00e1s productos locales de la cultura yucateca, los asistentes tambi\u00e9n disfrutan de atractivos como el Paseo de Flores, un camino de m\u00e1s de 100 metros de largo donde se exhiben arriba de 42,000 plantas que forman figuras de elementos t\u00edpicos yucatecos, como mosaicos, pir\u00e1mides y arcos coloniales.<\/p>\n\n\n\n<p>De igual forma, familias enteras vivieron la experiencia inmersiva en un caleidoscopio, la alberca rosada con flamencos, una galer\u00eda fotogr\u00e1fica, as\u00ed como distintas \u201cphoto opportunity\u201d que contribuyeron a la exitosa promoci\u00f3n del estado. En 2022, Yucat\u00e1n Expone lleg\u00f3 a otros lugares del pa\u00eds, como Durango, Chihuahua, en la Feria de San Marcos en Aguascalientes, Jalisco y las alcald\u00edas La Magdalena Contreras, \u00c1lvaro Obreg\u00f3n y Coyoac\u00e1n en la Ciudad de M\u00e9xico y este a\u00f1o contin\u00faa su recorrido en este emblem\u00e1tico lugar, gracias a la colaboraci\u00f3n de los Gobiernos de Yucat\u00e1n y la Ciudad de M\u00e9xico.<\/p>\n<div class='share-to-whatsapp-wrapper'><div class='share-on-whsp'>Share on: <\/div><a data-text='Con rotundo \u00e9xito concluye \u201cYucat\u00e1n Expone\u201d en el z\u00f3calo de la Ciudad de M\u00e9xico' data-link='https:\/\/visionpeninsular.com\/mid\/con-rotundo-exito-concluye-yucatan-expone-en-el-zocalo-de-la-ciudad-de-mexico\/' class='whatsapp-button whatsapp-share'>WhatsApp<\/a><div class='clear '><\/div><\/div>","protected":false},"excerpt":{"rendered":"<p>Durante la \u00faltima jornada de la muestra se registr\u00f3 un r\u00e9cord de ventas en los productos yucatecos, y la visita de m\u00e1s de medio mill\u00f3n de personas. La muestra Yucat\u00e1n Expone en el z\u00f3calo de la Ciudad de M\u00e9xico concluy\u00f3 su jornada de 10 d\u00edas con un rotundo \u00e9xito, por lo que el gobernador Mauricio &hellip;<\/p>\n","protected":false},"author":5,"featured_media":171435,"comment_status":"open","ping_status":"open","sticky":false,"template":"","format":"standard","meta":{"_mi_skip_tracking":false},"categories":[49,37],"tags":[185,36537,36538,31121],"_links":{"self":[{"href":"https:\/\/visionpeninsular.com\/mid\/wp-json\/wp\/v2\/posts\/171433"}],"collection":[{"href":"https:\/\/visionpeninsular.com\/mid\/wp-json\/wp\/v2\/posts"}],"about":[{"href":"https:\/\/visionpeninsular.com\/mid\/wp-json\/wp\/v2\/types\/post"}],"author":[{"embeddable":true,"href":"https:\/\/visionpeninsular.com\/mid\/wp-json\/wp\/v2\/users\/5"}],"replies":[{"embeddable":true,"href":"https:\/\/visionpeninsular.com\/mid\/wp-json\/wp\/v2\/comments?post=171433"}],"version-history":[{"count":1,"href":"https:\/\/visionpeninsular.com\/mid\/wp-json\/wp\/v2\/posts\/171433\/revisions"}],"predecessor-version":[{"id":171441,"href":"https:\/\/visionpeninsular.com\/mid\/wp-json\/wp\/v2\/posts\/171433\/revisions\/171441"}],"wp:featuredmedia":[{"embeddable":true,"href":"https:\/\/visionpeninsular.com\/mid\/wp-json\/wp\/v2\/media\/171435"}],"wp:attachment":[{"href":"https:\/\/visionpeninsular.com\/mid\/wp-json\/wp\/v2\/media?parent=171433"}],"wp:term":[{"taxonomy":"category","embeddable":true,"href":"https:\/\/visionpeninsular.com\/mid\/wp-json\/wp\/v2\/categories?post=171433"},{"taxonomy":"post_tag","embeddable":true,"href":"https:\/\/visionpeninsular.com\/mid\/wp-json\/wp\/v2\/tags?post=171433"}],"curies":[{"name":"wp","href":"https:\/\/api.w.org\/{rel}","templated":true}]}}