{"id":171177,"date":"2023-05-16T22:34:00","date_gmt":"2023-05-17T03:34:00","guid":{"rendered":"https:\/\/visionpeninsular.com\/mid\/?p=171177"},"modified":"2023-05-18T22:47:18","modified_gmt":"2023-05-19T03:47:18","slug":"viernes-de-fiesta-tricolor-con-miras-al-2024","status":"publish","type":"post","link":"https:\/\/visionpeninsular.com\/mid\/viernes-de-fiesta-tricolor-con-miras-al-2024\/","title":{"rendered":"Alistan registro de candidatos a dirigir el PRI"},"content":{"rendered":"\n<p>Militancia priista invitada a acompa\u00f1ar a las y los aspirantes a dirigir el Comit\u00e9 Directivo Estatal del Partido en Yucat\u00e1n.<\/p>\n\n\n\n<p><\/p>\n\n\n\n<p>M\u00e9rida, Yucat\u00e1n a 16 de mayo de 2023 (Redacci\u00f3n).- Este viernes se registrar\u00e1n las f\u00f3rmulas de aspirantes yucatecos a dirigir los destinos del Partido Revolucionario Institucional (PRI) en las elecciones del 2024.&nbsp;<\/p>\n\n\n\n<p>Aunque el Consejo Pol\u00edtico Estatal defini\u00f3 que sean las bases las que elijan a la nueva directiva del Comit\u00e9 Directivo Estatal del PRI Yucat\u00e1n, la balanza est\u00e1 inclinada hacia el diputado local Gaspar Quintal Parra, excoordinador de la campa\u00f1a de Alejandro Moreno C\u00e1rdenas \u201cAlito\u201d, actual presidente del Comit\u00e9 Ejecutivo Nacional de ese partido.&nbsp;<\/p>\n\n\n\n<p>Otro nombre que resuena entre los aspirantes, es el de la todav\u00eda Secretaria General del Partido, Lila Rosa Fr\u00edas Castillo, quien quiere ser Presidenta del Partido.&nbsp;<\/p>\n\n\n\n<p>Las diferencias de la exdiputada local con Torres Rivas, la llev\u00f3 a alejarse del Partido y ser una directiva \u2018fantasma\u2019, y apoyada por el grupo pol\u00edtico del senador Jorge Carlos Ram\u00edrez Mar\u00edn, mantuvo una afrenta contra el actual l\u00edder priista, lo que termin\u00f3 de dividir a la dirigencia del partido.&nbsp;<\/p>\n\n\n\n<p>La militancia priista ha sido convocada a la Casa del Pueblo este viernes 19 a las 4 de la tarde, d\u00eda que los estatutos marcan como d\u00eda de registro de las f\u00f3rmulas y de ah\u00ed, iniciar\u00e1 el proceso para verificar que cumplan con los requisitos y ver quien estar\u00e1 en la carrera final o s\u00ed ser\u00e1 un \u201ccandidato de unidad\u201d.\u00a0<\/p>\n\n\n\n<p>La elecci\u00f3n priista se llevar\u00e1 a cabo el 11 de junio pr\u00f3ximo desde las 9 de la ma\u00f1ana y ser\u00e1 el 12, cuando se oficialmente se conozca a la nueva dirigencia estatal priista.<\/p>\n\n\n<ul class=\"wp-block-latest-posts__list wp-block-latest-posts\"><li><a href=\"https:\/\/visionpeninsular.com\/mid\/policia-de-merida-implementa-operativo-vial-especial-con-motivo-del-regreso-a-clases\/\">Polic\u00eda de M\u00e9rida implementa operativo vial especial con motivo del regreso a clases.<\/a><\/li>\n<li><a href=\"https:\/\/visionpeninsular.com\/mid\/cecilia-patron-abrira-un-segundo-centro-municipal-de-autismo-en-el-poniente-de-merida\/\">Cecilia Patr\u00f3n abrir\u00e1 un segundo Centro Municipal de Autismo en el poniente de M\u00e9rida.<\/a><\/li>\n<li><a href=\"https:\/\/visionpeninsular.com\/mid\/prision-preventiva-para-el-chocolate-por-disparos-en-telchac-pueblo\/\">Prisi\u00f3n preventiva para \u201cEl Chocolate\u201d, por disparos en Telchac Pueblo<\/a><\/li>\n<li><a href=\"https:\/\/visionpeninsular.com\/mid\/capacitan-a-personal-de-centros-libre-en-lengua-de-senas-mejorar-la-atencion-a-mujeres-con-discapacidad-auditiva\/\">Capacitan a personal de Centros Libre en Lengua de Se\u00f1as; mejorar la atenci\u00f3n a mujeres con discapacidad auditiva<\/a><\/li>\n<li><a href=\"https:\/\/visionpeninsular.com\/mid\/va-y-ven-llegara-a-la-universidad-nacional-rosario-castellanos\/\">VA y VEN llegar\u00e1 a la Universidad Nacional Rosario Castellanos<\/a><\/li>\n<\/ul>\n\n\n<figure class=\"wp-block-embed is-type-wp-embed is-provider-vision-peninsular wp-block-embed-vision-peninsular\"><div class=\"wp-block-embed__wrapper\">\n<blockquote class=\"wp-embedded-content\" data-secret=\"wIp4raoJzK\"><a href=\"https:\/\/visionpeninsular.com\/mid\/diez-aspiran-a-dirigir-el-pri-en-yucatan-gaspar-quintal-el-favorito\/\">Diez aspiran a dirigir el PRI en Yucat\u00e1n, Gaspar Quintal \u2018el favorito\u2019<\/a><\/blockquote><iframe class=\"wp-embedded-content\" sandbox=\"allow-scripts\" security=\"restricted\" style=\"position: absolute; clip: rect(1px, 1px, 1px, 1px);\" title=\"&#8220;Diez aspiran a dirigir el PRI en Yucat\u00e1n, Gaspar Quintal \u2018el favorito\u2019&#8221; &#8212; ..:: Visi\u00f3n Peninsular ::..\" src=\"https:\/\/visionpeninsular.com\/mid\/diez-aspiran-a-dirigir-el-pri-en-yucatan-gaspar-quintal-el-favorito\/embed\/#?secret=wIp4raoJzK\" data-secret=\"wIp4raoJzK\" width=\"600\" height=\"338\" frameborder=\"0\" marginwidth=\"0\" marginheight=\"0\" scrolling=\"no\"><\/iframe>\n<\/div><\/figure>\n<div class='share-to-whatsapp-wrapper'><div class='share-on-whsp'>Share on: <\/div><a data-text='Alistan registro de candidatos a dirigir el PRI' data-link='https:\/\/visionpeninsular.com\/mid\/viernes-de-fiesta-tricolor-con-miras-al-2024\/' class='whatsapp-button whatsapp-share'>WhatsApp<\/a><div class='clear '><\/div><\/div>","protected":false},"excerpt":{"rendered":"<p>Militancia priista invitada a acompa\u00f1ar a las y los aspirantes a dirigir el Comit\u00e9 Directivo Estatal del Partido en Yucat\u00e1n. M\u00e9rida, Yucat\u00e1n a 16 de mayo de 2023 (Redacci\u00f3n).- Este viernes se registrar\u00e1n las f\u00f3rmulas de aspirantes yucatecos a dirigir los destinos del Partido Revolucionario Institucional (PRI) en las elecciones del 2024.&nbsp; Aunque el Consejo &hellip;<\/p>\n","protected":false},"author":12,"featured_media":171185,"comment_status":"open","ping_status":"open","sticky":false,"template":"","format":"standard","meta":{"_exactmetrics_skip_tracking":false},"categories":[49,50,37],"tags":[33328,36465,34587,35063,107,36464],"_links":{"self":[{"href":"https:\/\/visionpeninsular.com\/mid\/wp-json\/wp\/v2\/posts\/171177"}],"collection":[{"href":"https:\/\/visionpeninsular.com\/mid\/wp-json\/wp\/v2\/posts"}],"about":[{"href":"https:\/\/visionpeninsular.com\/mid\/wp-json\/wp\/v2\/types\/post"}],"author":[{"embeddable":true,"href":"https:\/\/visionpeninsular.com\/mid\/wp-json\/wp\/v2\/users\/12"}],"replies":[{"embeddable":true,"href":"https:\/\/visionpeninsular.com\/mid\/wp-json\/wp\/v2\/comments?post=171177"}],"version-history":[{"count":4,"href":"https:\/\/visionpeninsular.com\/mid\/wp-json\/wp\/v2\/posts\/171177\/revisions"}],"predecessor-version":[{"id":171301,"href":"https:\/\/visionpeninsular.com\/mid\/wp-json\/wp\/v2\/posts\/171177\/revisions\/171301"}],"wp:featuredmedia":[{"embeddable":true,"href":"https:\/\/visionpeninsular.com\/mid\/wp-json\/wp\/v2\/media\/171185"}],"wp:attachment":[{"href":"https:\/\/visionpeninsular.com\/mid\/wp-json\/wp\/v2\/media?parent=171177"}],"wp:term":[{"taxonomy":"category","embeddable":true,"href":"https:\/\/visionpeninsular.com\/mid\/wp-json\/wp\/v2\/categories?post=171177"},{"taxonomy":"post_tag","embeddable":true,"href":"https:\/\/visionpeninsular.com\/mid\/wp-json\/wp\/v2\/tags?post=171177"}],"curies":[{"name":"wp","href":"https:\/\/api.w.org\/{rel}","templated":true}]}}