{"id":170519,"date":"2023-05-02T18:04:28","date_gmt":"2023-05-02T23:04:28","guid":{"rendered":"https:\/\/visionpeninsular.com\/mid\/?p=170519"},"modified":"2023-05-02T18:04:28","modified_gmt":"2023-05-02T23:04:28","slug":"mozu-la-voz-fallece-una-vida-dedicada-al-arte","status":"publish","type":"post","link":"https:\/\/visionpeninsular.com\/mid\/mozu-la-voz-fallece-una-vida-dedicada-al-arte\/","title":{"rendered":"\u201cMoz\u00fa, La Voz\u201d fallece; una vida dedicada al arte"},"content":{"rendered":"\n<h2 class=\"has-text-align-center\">\u2022El cantante consigui\u00f3 el reconocimiento en el concurso \u201cAs\u00ed canta Yucat\u00e1n\u201d ; fue sobrino de la pianista y primera actriz Ofelia Zapata y primo de la compositora Maru Boeta Zapata<\/h2>\n\n\n\n<p>M\u00e9rida, Yucat\u00e1n, a 2 de mayo de 2023.\u2013 El cantante Lorenzo N\u00fa\u00f1ez Zapata, mejor conocido como \u201cMoz\u00fa, La Voz\u201d, falleci\u00f3 la noche del lunes 1 de mayo. Su vida estuvo dedicada al arte, pues en sus venas corri\u00f3 talento, ya que fue sobrino de la pianista y primera actriz Ofelia Zapata, y primo de la compositora Maru Boeta Zapata.<\/p>\n\n\n\n<p>Moz\u00fa naci\u00f3 el 12 de diciembre de 1942. De acuerdo con informaci\u00f3n proporcionada por el investigador Luis P\u00e9rez Sabido, el acaecido artista integr\u00f3 Orfe\u00f3n Yucat\u00e1n, cuya direcci\u00f3n estuvo a cargo del doctor Carlos Tello Sol\u00eds, y del Coro de la Universidad de Yucat\u00e1n, dirigido sucesivamente por el doctor Carlos Tello Sol\u00eds y Jorge Medina, Gabriel Sald\u00edvar y Guadalupe Campos.<\/p>\n\n\n\n<p>En 1980, fue reconocido como la revelaci\u00f3n del concurso \u201cAs\u00ed canta Yucat\u00e1n\u201d por su interpretaci\u00f3n del tema \u201cCanci\u00f3n de oto\u00f1o\u201d, de Fernando Achach y Miguel Salom\u00f3n.&nbsp; Durante una larga temporada actu\u00f3 en el Hotel Montejo Palace y, con mucha frecuencia, en teatros y centros nocturnos de M\u00e9rida.&nbsp;<\/p>\n\n\n\n<p>Su voz qued\u00f3 plasmada en varios discos compactos al interpretar piezas como el bolero \u201cQuiero\u201d, de Arturo Alcocer, con letra de Carlos Alfonso Rosas; \u201cYo soy el bolero\u201d, de Juan Bruno Tarraza, as\u00ed como sus propios boleros \u201cEs por ti\u201d y \u201cCuando hablo de ti\u201d.&nbsp;<\/p>\n\n\n\n<p>En 1984, actu\u00f3 con frecuencia en las serenatas del parque Santa Luc\u00eda, donde el 4 de agosto de 2005 se le rindi\u00f3 un homenaje por 25 a\u00f1os de carrera art\u00edstica. Esa noche, con acompa\u00f1amiento de la orquesta del Ayuntamiento, interpret\u00f3 la clave \u201cNunca\u201d, de Ricardo L\u00f3pez M\u00e9ndez y Guty C\u00e1rdenas, el bolero \u201cTe amar\u00e9 toda la vida\u201d, de Enrique \u201cCoqui\u201d Navarro, y el danzonete \u201cFlor de azahar\u201d, de Manuel Montes de Oca y Santiago Manzanero.<\/p>\n\n\n\n<p>De 2004 a 2006, particip\u00f3 en tres ediciones del Festival Internacional de las Artes de M\u00e9rida. En diciembre de 2009, con un concierto de gala en el Teatro Pe\u00f3n Contreras, celebr\u00f3 30 a\u00f1os de carrera art\u00edstica. En 2015, particip\u00f3 en el \u00e1lbum de dos discos de la Orquesta T\u00edpica Yukalpet\u00e9n interpretando el bolero \u201cMal comportamiento\u201d, de Manuel Merodio. Durante varios a\u00f1os fue parte del elenco art\u00edstico de la Semana de Yucat\u00e1n en M\u00e9xico.&nbsp;<\/p>\n\n\n\n<p>El equipo Visi\u00f3n Peninsular expreso su m\u00e1s sincero p\u00e9same a sus hermanos, primos, sobrinos y dem\u00e1s familia. Descanse en paz.<\/p>\n\n\n\n<figure class=\"wp-block-image size-full\"><img loading=\"lazy\" width=\"975\" height=\"786\" src=\"https:\/\/visionpeninsular.com\/mid\/wp-content\/uploads\/2023\/05\/WhatsApp-Image-2023-05-02-at-4.56.54-PM.jpeg\" alt=\"\" class=\"wp-image-170521\" srcset=\"https:\/\/visionpeninsular.com\/mid\/wp-content\/uploads\/2023\/05\/WhatsApp-Image-2023-05-02-at-4.56.54-PM.jpeg 975w, https:\/\/visionpeninsular.com\/mid\/wp-content\/uploads\/2023\/05\/WhatsApp-Image-2023-05-02-at-4.56.54-PM-300x242.jpeg 300w, https:\/\/visionpeninsular.com\/mid\/wp-content\/uploads\/2023\/05\/WhatsApp-Image-2023-05-02-at-4.56.54-PM-768x619.jpeg 768w\" sizes=\"(max-width: 975px) 100vw, 975px\" \/><figcaption>  El cantante Lorenzo N\u00fa\u00f1ez Zapata, mejor conocido como \u201cMoz\u00fa, La Voz\u201d,  falleci\u00f3 la noche del 1 de mayo (CR\u00c9DITO: Cortes\u00eda)<\/figcaption><\/figure>\n<div class='share-to-whatsapp-wrapper'><div class='share-on-whsp'>Share on: <\/div><a data-text='\u201cMoz\u00fa, La Voz\u201d fallece; una vida dedicada al arte' data-link='https:\/\/visionpeninsular.com\/mid\/mozu-la-voz-fallece-una-vida-dedicada-al-arte\/' class='whatsapp-button whatsapp-share'>WhatsApp<\/a><div class='clear '><\/div><\/div>","protected":false},"excerpt":{"rendered":"<p>\u2022El cantante consigui\u00f3 el reconocimiento en el concurso \u201cAs\u00ed canta Yucat\u00e1n\u201d ; fue sobrino de la pianista y primera actriz Ofelia Zapata y primo de la compositora Maru Boeta Zapata M\u00e9rida, Yucat\u00e1n, a 2 de mayo de 2023.\u2013 El cantante Lorenzo N\u00fa\u00f1ez Zapata, mejor conocido como \u201cMoz\u00fa, La Voz\u201d, falleci\u00f3 la noche del lunes 1 &hellip;<\/p>\n","protected":false},"author":11,"featured_media":170521,"comment_status":"open","ping_status":"open","sticky":false,"template":"","format":"standard","meta":{"_mi_skip_tracking":false},"categories":[49,37],"tags":[36268,36271,36270,7971,23600,1531],"_links":{"self":[{"href":"https:\/\/visionpeninsular.com\/mid\/wp-json\/wp\/v2\/posts\/170519"}],"collection":[{"href":"https:\/\/visionpeninsular.com\/mid\/wp-json\/wp\/v2\/posts"}],"about":[{"href":"https:\/\/visionpeninsular.com\/mid\/wp-json\/wp\/v2\/types\/post"}],"author":[{"embeddable":true,"href":"https:\/\/visionpeninsular.com\/mid\/wp-json\/wp\/v2\/users\/11"}],"replies":[{"embeddable":true,"href":"https:\/\/visionpeninsular.com\/mid\/wp-json\/wp\/v2\/comments?post=170519"}],"version-history":[{"count":1,"href":"https:\/\/visionpeninsular.com\/mid\/wp-json\/wp\/v2\/posts\/170519\/revisions"}],"predecessor-version":[{"id":170522,"href":"https:\/\/visionpeninsular.com\/mid\/wp-json\/wp\/v2\/posts\/170519\/revisions\/170522"}],"wp:featuredmedia":[{"embeddable":true,"href":"https:\/\/visionpeninsular.com\/mid\/wp-json\/wp\/v2\/media\/170521"}],"wp:attachment":[{"href":"https:\/\/visionpeninsular.com\/mid\/wp-json\/wp\/v2\/media?parent=170519"}],"wp:term":[{"taxonomy":"category","embeddable":true,"href":"https:\/\/visionpeninsular.com\/mid\/wp-json\/wp\/v2\/categories?post=170519"},{"taxonomy":"post_tag","embeddable":true,"href":"https:\/\/visionpeninsular.com\/mid\/wp-json\/wp\/v2\/tags?post=170519"}],"curies":[{"name":"wp","href":"https:\/\/api.w.org\/{rel}","templated":true}]}}