{"id":170369,"date":"2023-04-29T10:56:06","date_gmt":"2023-04-29T15:56:06","guid":{"rendered":"https:\/\/visionpeninsular.com\/mid\/?p=170369"},"modified":"2023-04-29T10:56:08","modified_gmt":"2023-04-29T15:56:08","slug":"retorna-la-feria-municipal-del-libro-en-merida","status":"publish","type":"post","link":"https:\/\/visionpeninsular.com\/mid\/retorna-la-feria-municipal-del-libro-en-merida\/","title":{"rendered":"Retorna la Feria Municipal del Libro en M\u00e9rida"},"content":{"rendered":"\n<p>Con m\u00e1s de 25 mil t\u00edtulos diferentes y 16 librer\u00edas y editoriales, hoy se puso en marcha la Feria Municipal de Libro, en su edici\u00f3n 74, en el Pasaje de la Revoluci\u00f3n con el objetivo de llevar textos al paso de todas y todos, para seguir fomentando el gusto por la lectura.<\/p>\n\n\n\n<p>La actividad la realiza el Ayuntamiento de M\u00e9rida en conjunto con la Asociaci\u00f3n de Editores y Librer\u00edas \u201cRa\u00fal Maldonado Coello, A.C.\u201d, desde sus inicios en 1984. Estar\u00e1 abierta desde hoy y hasta el 7 de mayo.<\/p>\n\n\n\n<figure class=\"wp-block-image size-full\"><img loading=\"lazy\" width=\"768\" height=\"512\" src=\"https:\/\/visionpeninsular.com\/mid\/wp-content\/uploads\/2023\/04\/Feria-Municipal-Libro-2023-scaled-1.jpg\" alt=\"\" class=\"wp-image-170372\" srcset=\"https:\/\/visionpeninsular.com\/mid\/wp-content\/uploads\/2023\/04\/Feria-Municipal-Libro-2023-scaled-1.jpg 768w, https:\/\/visionpeninsular.com\/mid\/wp-content\/uploads\/2023\/04\/Feria-Municipal-Libro-2023-scaled-1-300x200.jpg 300w\" sizes=\"(max-width: 768px) 100vw, 768px\" \/><\/figure>\n\n\n\n<p>En su mensaje, la Sra. Roxana Maldonado Espinosa, presidenta de la Asociaci\u00f3n de Editores y Libreros, destac\u00f3 que cada a\u00f1o se renuevan esfuerzos para realizar las ferias y promover la cultura con continuidad, renovaci\u00f3n y tradici\u00f3n. Destac\u00f3 la importancia de la formaci\u00f3n de lectores desarrollando todo lo que sea necesario para fortalecer la industria del libro y el acceso a la lectura como un gran derecho. \u201cSin lectores no hay literatura, y a\u00fan sin la competencia con la televisi\u00f3n, el cine, series o entretenimientos virtuales, si una persona no est\u00e1 entrenada para leer, nunca elegir\u00e1 esa opci\u00f3n\u201d.<\/p>\n\n\n\n<p>En materia educativa se refiri\u00f3 a la exigencia de que las alumnas y los alumnos terminen la escuela primaria con las habilidades indispensables para ser lectores, de otra manera estar\u00e1n condenados a la exclusi\u00f3n.<\/p>\n\n\n\n<figure class=\"wp-block-image size-full\"><img loading=\"lazy\" width=\"768\" height=\"512\" src=\"https:\/\/visionpeninsular.com\/mid\/wp-content\/uploads\/2023\/04\/Feria-Municipal-Libro-2023_4-scaled-1.jpg\" alt=\"\" class=\"wp-image-170373\" srcset=\"https:\/\/visionpeninsular.com\/mid\/wp-content\/uploads\/2023\/04\/Feria-Municipal-Libro-2023_4-scaled-1.jpg 768w, https:\/\/visionpeninsular.com\/mid\/wp-content\/uploads\/2023\/04\/Feria-Municipal-Libro-2023_4-scaled-1-300x200.jpg 300w\" sizes=\"(max-width: 768px) 100vw, 768px\" \/><\/figure>\n\n\n\n<p>Lourdes Maribel Cabrera Ruiz en representaci\u00f3n de la Secretar\u00eda&nbsp; de la Cultura y las Artes de Yucat\u00e1n, expuso que a trav\u00e9s de las publicaciones literarias se facilita el acceso al disfrute de expresiones est\u00e9ticas donde cada autor imprime su sello y a trav\u00e9s de estas ferias se generan pensamientos cr\u00edticos, reflexi\u00f3n y gusto por la lectura. En esta edici\u00f3n, la Sedeculta ofrecer\u00e1 obras de autores locales y ediciones de la misma instituci\u00f3n.<\/p>\n\n\n\n<p>Al inaugurar la feria, el director de Cultura Irving Berl\u00edn Villafa\u00f1a destac\u00f3 que en este regreso al espacio p\u00fablico tras la pandemia, en el que a trav\u00e9s de los dispositivos electr\u00f3nicos se promovi\u00f3 la difusi\u00f3n de lectura con mensajes cortos, el libro implica leer con profundamente ideas m\u00e1s complejas, el estar y aprender m\u00e1s del pensamiento del otro.<\/p>\n\n\n\n<p>La invitaci\u00f3n a la feria es para encontrarse con la historia, el relato que emociona y con todo tipo de g\u00e9neros literarios, libros para todas las edades y gustos a precios accesibles.<\/p>\n\n\n\n<figure class=\"wp-block-image size-full\"><img loading=\"lazy\" width=\"768\" height=\"512\" src=\"https:\/\/visionpeninsular.com\/mid\/wp-content\/uploads\/2023\/04\/Feria-Municipal-Libro-2023_2-scaled-1.jpg\" alt=\"\" class=\"wp-image-170374\" srcset=\"https:\/\/visionpeninsular.com\/mid\/wp-content\/uploads\/2023\/04\/Feria-Municipal-Libro-2023_2-scaled-1.jpg 768w, https:\/\/visionpeninsular.com\/mid\/wp-content\/uploads\/2023\/04\/Feria-Municipal-Libro-2023_2-scaled-1-300x200.jpg 300w\" sizes=\"(max-width: 768px) 100vw, 768px\" \/><\/figure>\n\n\n\n<p>Participan Maldonado Editores del Mayab, El Estudiante, Librer\u00eda Kosmos, Grupo Editorial Uribe, Gamma Ediciones, Librer\u00eda Bunnix, Raza C\u00f3smica, Kookay Ediciones, Frontera Ind\u00f3mita, EG Editorial, Educarte, La Meiga, C\u00f3mic Pop Arte y Kamikaze. Tambi\u00e9n est\u00e1 la oferta literaria de textos editados por el Ayuntamiento de M\u00e9rida y del Fondo de Ediciones y Coediciones Literarias.<\/p>\n\n\n\n<p>A la par con la fiesta literaria se realizar\u00e1 un programa de actividades, en conjunto con la asociaci\u00f3n civil Leer por Placer, una de las organizaciones aliadas de la feria.<\/p>\n\n\n\n<p>El mi\u00e9rcoles 3 de mayo habr\u00e1 el Intercambio de libros (de 17:00 a 20:00 horas); el viernes 5, la presentaci\u00f3n del libro \u201cTemporadas (Antolog\u00eda)\u201d de la Editorial Voz de Tinta, con Magda Balero, Cristina Pacheco y Adrianna Flores (18:00 horas).<\/p>\n\n\n\n<p>El s\u00e1bado 6, el Marat\u00f3n de Lectura #TinXook en lengua maya y en espa\u00f1ol, a cargo del Instituto Municipal para el Fortalecimiento de la Lengua Maya (de 10:00 a 17:00 horas) y la presentaci\u00f3n de los libros \u201cEl Ceib\u00f3n y las vocales\u201d de Jaime M\u00e9ndez Mendoza, (11:00 horas) y \u201cLos espectros de mi hijo\u00bb de V\u00edctor Manuel Canch\u00e9 May. (18:00 horas).<\/p>\n\n\n\n<p>El domingo 7 llega la Cuenta Cuentos para ni\u00f1@s con Yared Rojas y la librer\u00eda Raza C\u00f3smica (12:00 horas) y el espect\u00e1culo de m\u00fasica y t\u00edteres \u201cCumbeando andamos\u201d con Emiliano Buenfil y la Chan Cil Tropical (17:00 horas).<\/p>\n\n\n\n<p>Las presentaciones de libros se realizar\u00e1n en el Expo Foro del MACAY y el resto de las actividades en el Pasaje de la Revoluci\u00f3n. La entrada es gratuita.<\/p>\n\n\n\n<p>La LXXIV Feria Municipal del libro se puede visitar de 9:00 a 20:00 horas en el Pasaje de la Revoluci\u00f3n (a un costado del MACAY) y el acceso es gratuito.<\/p>\n<div class='share-to-whatsapp-wrapper'><div class='share-on-whsp'>Share on: <\/div><a data-text='Retorna la Feria Municipal del Libro en M\u00e9rida' data-link='https:\/\/visionpeninsular.com\/mid\/retorna-la-feria-municipal-del-libro-en-merida\/' class='whatsapp-button whatsapp-share'>WhatsApp<\/a><div class='clear '><\/div><\/div>","protected":false},"excerpt":{"rendered":"<p>Con m\u00e1s de 25 mil t\u00edtulos diferentes y 16 librer\u00edas y editoriales, hoy se puso en marcha la Feria Municipal de Libro, en su edici\u00f3n 74, en el Pasaje de la Revoluci\u00f3n con el objetivo de llevar textos al paso de todas y todos, para seguir fomentando el gusto por la lectura. La actividad la &hellip;<\/p>\n","protected":false},"author":5,"featured_media":170371,"comment_status":"open","ping_status":"open","sticky":false,"template":"","format":"standard","meta":{"_mi_skip_tracking":false},"categories":[49,37],"tags":[36215,41,4342],"_links":{"self":[{"href":"https:\/\/visionpeninsular.com\/mid\/wp-json\/wp\/v2\/posts\/170369"}],"collection":[{"href":"https:\/\/visionpeninsular.com\/mid\/wp-json\/wp\/v2\/posts"}],"about":[{"href":"https:\/\/visionpeninsular.com\/mid\/wp-json\/wp\/v2\/types\/post"}],"author":[{"embeddable":true,"href":"https:\/\/visionpeninsular.com\/mid\/wp-json\/wp\/v2\/users\/5"}],"replies":[{"embeddable":true,"href":"https:\/\/visionpeninsular.com\/mid\/wp-json\/wp\/v2\/comments?post=170369"}],"version-history":[{"count":1,"href":"https:\/\/visionpeninsular.com\/mid\/wp-json\/wp\/v2\/posts\/170369\/revisions"}],"predecessor-version":[{"id":170375,"href":"https:\/\/visionpeninsular.com\/mid\/wp-json\/wp\/v2\/posts\/170369\/revisions\/170375"}],"wp:featuredmedia":[{"embeddable":true,"href":"https:\/\/visionpeninsular.com\/mid\/wp-json\/wp\/v2\/media\/170371"}],"wp:attachment":[{"href":"https:\/\/visionpeninsular.com\/mid\/wp-json\/wp\/v2\/media?parent=170369"}],"wp:term":[{"taxonomy":"category","embeddable":true,"href":"https:\/\/visionpeninsular.com\/mid\/wp-json\/wp\/v2\/categories?post=170369"},{"taxonomy":"post_tag","embeddable":true,"href":"https:\/\/visionpeninsular.com\/mid\/wp-json\/wp\/v2\/tags?post=170369"}],"curies":[{"name":"wp","href":"https:\/\/api.w.org\/{rel}","templated":true}]}}