{"id":170304,"date":"2023-04-28T11:44:13","date_gmt":"2023-04-28T16:44:13","guid":{"rendered":"https:\/\/visionpeninsular.com\/mid\/?p=170304"},"modified":"2023-04-28T11:45:05","modified_gmt":"2023-04-28T16:45:05","slug":"pei-localiza-a-frida-jazel-en-cancun","status":"publish","type":"post","link":"https:\/\/visionpeninsular.com\/mid\/pei-localiza-a-frida-jazel-en-cancun\/","title":{"rendered":"PEI localiza a Frida Jazel en Canc\u00fan"},"content":{"rendered":"\n<p>En Canc\u00fan, Quintana Roo fue encontrada la menor F. J. O. C., de 14 a\u00f1os, reportada como desaparecida en M\u00e9rida desde el d\u00eda 3 de este mes en la colonia C\u00e1mara de Comercio y cuyos padres bloquearon el perif\u00e9rico el 24 de abril para exigir a las autoridades su aparici\u00f3n.<\/p>\n\n\n\n<p>\u00abQueremos que se agilice la b\u00fasqueda de mi hija, por eso junto con amigos y familiares, decidimos bloquear el perif\u00e9rico\u00bb destac\u00f3 su mam\u00e1 el d\u00eda del bloqueo de la transitada v\u00eda.<\/p>\n\n\n\n<figure class=\"wp-block-image size-full\"><img loading=\"lazy\" width=\"768\" height=\"432\" src=\"https:\/\/visionpeninsular.com\/mid\/wp-content\/uploads\/2023\/04\/drida.jpeg\" alt=\"\" class=\"wp-image-170306\" srcset=\"https:\/\/visionpeninsular.com\/mid\/wp-content\/uploads\/2023\/04\/drida.jpeg 768w, https:\/\/visionpeninsular.com\/mid\/wp-content\/uploads\/2023\/04\/drida-300x169.jpeg 300w\" sizes=\"(max-width: 768px) 100vw, 768px\" \/><\/figure>\n\n\n\n<p>Fueron agentes de la Polic\u00eda Estatal de investigaci\u00f3n (PEI) quienes la hallaron tras exhaustiva b\u00fasqueda y al contar con indicios de que la menor se hab\u00eda ido a Canc\u00fan, solicitaron la colaboraci\u00f3n de sus hom\u00f3logos de Quintana Roo y emprendieron la b\u00fasqueda.<\/p>\n\n\n\n<p>El d\u00eda de hoy, la encontraron en un predio particular de la Supermanzana 240, domicilio habitado por un joven de 18 a\u00f1os y la madre de \u00e9ste, con el cual sali\u00f3 de M\u00e9rida. &nbsp;<\/p>\n\n\n\n<p>A la vista la menor se encuentra bien y ser\u00e1 trasladada por los polic\u00edas estatales de Yucat\u00e1n a la FGE para las diligencias de ley y la entrega a sus padres.<\/p>\n<div class='share-to-whatsapp-wrapper'><div class='share-on-whsp'>Share on: <\/div><a data-text='PEI localiza a Frida Jazel en Canc\u00fan' data-link='https:\/\/visionpeninsular.com\/mid\/pei-localiza-a-frida-jazel-en-cancun\/' class='whatsapp-button whatsapp-share'>WhatsApp<\/a><div class='clear '><\/div><\/div>","protected":false},"excerpt":{"rendered":"<p>En Canc\u00fan, Quintana Roo fue encontrada la menor F. J. O. C., de 14 a\u00f1os, reportada como desaparecida en M\u00e9rida desde el d\u00eda 3 de este mes en la colonia C\u00e1mara de Comercio y cuyos padres bloquearon el perif\u00e9rico el 24 de abril para exigir a las autoridades su aparici\u00f3n. \u00abQueremos que se agilice la &hellip;<\/p>\n","protected":false},"author":5,"featured_media":148137,"comment_status":"open","ping_status":"open","sticky":false,"template":"","format":"standard","meta":{"_mi_skip_tracking":false},"categories":[50,37],"tags":[666,36197,3428,752],"_links":{"self":[{"href":"https:\/\/visionpeninsular.com\/mid\/wp-json\/wp\/v2\/posts\/170304"}],"collection":[{"href":"https:\/\/visionpeninsular.com\/mid\/wp-json\/wp\/v2\/posts"}],"about":[{"href":"https:\/\/visionpeninsular.com\/mid\/wp-json\/wp\/v2\/types\/post"}],"author":[{"embeddable":true,"href":"https:\/\/visionpeninsular.com\/mid\/wp-json\/wp\/v2\/users\/5"}],"replies":[{"embeddable":true,"href":"https:\/\/visionpeninsular.com\/mid\/wp-json\/wp\/v2\/comments?post=170304"}],"version-history":[{"count":2,"href":"https:\/\/visionpeninsular.com\/mid\/wp-json\/wp\/v2\/posts\/170304\/revisions"}],"predecessor-version":[{"id":170308,"href":"https:\/\/visionpeninsular.com\/mid\/wp-json\/wp\/v2\/posts\/170304\/revisions\/170308"}],"wp:featuredmedia":[{"embeddable":true,"href":"https:\/\/visionpeninsular.com\/mid\/wp-json\/wp\/v2\/media\/148137"}],"wp:attachment":[{"href":"https:\/\/visionpeninsular.com\/mid\/wp-json\/wp\/v2\/media?parent=170304"}],"wp:term":[{"taxonomy":"category","embeddable":true,"href":"https:\/\/visionpeninsular.com\/mid\/wp-json\/wp\/v2\/categories?post=170304"},{"taxonomy":"post_tag","embeddable":true,"href":"https:\/\/visionpeninsular.com\/mid\/wp-json\/wp\/v2\/tags?post=170304"}],"curies":[{"name":"wp","href":"https:\/\/api.w.org\/{rel}","templated":true}]}}