{"id":170246,"date":"2023-04-27T12:12:31","date_gmt":"2023-04-27T17:12:31","guid":{"rendered":"https:\/\/visionpeninsular.com\/mid\/?p=170246"},"modified":"2023-04-27T12:12:32","modified_gmt":"2023-04-27T17:12:32","slug":"renan-barrera-concha-promueve-el-cuidado-de-la-salud-de-las-infancias-del-municipio","status":"publish","type":"post","link":"https:\/\/visionpeninsular.com\/mid\/renan-barrera-concha-promueve-el-cuidado-de-la-salud-de-las-infancias-del-municipio\/","title":{"rendered":"Ren\u00e1n Barrera Concha promueve el cuidado de la salud de las infancias del municipio."},"content":{"rendered":"\n<ul><li><strong><em>El Ayuntamiento de M\u00e9rida realiz\u00f3 la Feria de la Salud Infantil, como parte de la Semana de la Ni\u00f1ez 2023.<\/em><\/strong><\/li><\/ul>\n\n\n\n<p>M\u00e9rida, Yucat\u00e1n a 26 de abril de 2023.- La salud es un tema fundamental en el abanico de pol\u00edticas p\u00fablicas del Ayuntamiento de M\u00e9rida, y por tal motivo siempre ser\u00e1 parte de la agenda de las actividades que llevamos a cabo para las y los habitantes de la capital yucateca y sus comisar\u00edas, afirm\u00f3 el alcalde Ren\u00e1n Barrera Concha.<\/p>\n\n\n\n<p>En este sentido y con el objetivo de preservar la salud de todas y todos, as\u00ed como promover buenos h\u00e1bitos entre las ni\u00f1as y ni\u00f1os del Municipio, el Ayuntamiento de M\u00e9rida, realiz\u00f3 la primera Feria de la Salud Infantil, como parte de las actividades pertenecientes a la Semana de la Ni\u00f1ez 2023.<\/p>\n\n\n\n<p>El presidente municipal destac\u00f3 que, a trav\u00e9s de actividades recreativas, se busca ense\u00f1ar a las nuevas generaciones lo importante que es cuidar la salud de una manera integral.<\/p>\n\n\n\n<p>\u201cUn buen estado de salud incluye la salud f\u00edsica, la salud mental y la salud social. Estas actividades y estrategias est\u00e1n dise\u00f1adas para que las ni\u00f1as y ni\u00f1os puedan aprender a cuidar su higiene personal, su alimentaci\u00f3n y adquieran herramientas para mantener un estilo de vida saludable\u201d, subray\u00f3.<\/p>\n\n\n\n<p>Barrera Concha a\u00f1adi\u00f3 que con esta feria se pretende acrecentar el cat\u00e1logo de actividades del programa de Ferias de la Salud diversificando los grupos etarios de acci\u00f3n y generando conciencia para tener una M\u00e9rida m\u00e1s saludable y m\u00e1s fuerte.<\/p>\n\n\n\n<figure class=\"wp-block-image size-large\"><img loading=\"lazy\" width=\"1024\" height=\"682\" src=\"https:\/\/visionpeninsular.com\/mid\/wp-content\/uploads\/2023\/04\/Ninos-2-1024x682.jpeg\" alt=\"\" class=\"wp-image-170249\" srcset=\"https:\/\/visionpeninsular.com\/mid\/wp-content\/uploads\/2023\/04\/Ninos-2-1024x682.jpeg 1024w, https:\/\/visionpeninsular.com\/mid\/wp-content\/uploads\/2023\/04\/Ninos-2-300x200.jpeg 300w, https:\/\/visionpeninsular.com\/mid\/wp-content\/uploads\/2023\/04\/Ninos-2-768x512.jpeg 768w, https:\/\/visionpeninsular.com\/mid\/wp-content\/uploads\/2023\/04\/Ninos-2-310x205.jpeg 310w, https:\/\/visionpeninsular.com\/mid\/wp-content\/uploads\/2023\/04\/Ninos-2.jpeg 1280w\" sizes=\"(max-width: 1024px) 100vw, 1024px\" \/><\/figure>\n\n\n\n<p>Esta versi\u00f3n de la Feria de la Salud, cont\u00f3 con la participaci\u00f3n de mesas de atenci\u00f3n y stands de promoci\u00f3n de la salud bucal, \u00e1rea de autocuidado psicol\u00f3gico, ludoteca (psicolog\u00eda), mercadito saludable, as\u00ed como un \u00e1rea de juegos recreativos, denominada \u201cCircuito Educativo\u201d.<\/p>\n\n\n\n<p>De acuerdo con el director de Salud y Bienestar, Idelfonso Machado Dom\u00ednguez, a partir de esta edici\u00f3n se espera realizar una vez al mes esta versi\u00f3n para que las ni\u00f1as y ni\u00f1os no s\u00f3lo el primer cuadro de la ciudad, sino de las comisar\u00edas, puedan acceder a estos servicios.<\/p>\n\n\n\n<p>\u201cA trav\u00e9s del juego, de estas actividades l\u00fadicas, queremos hacer conciencia para que ellos y las madres y padres de familia puedan fomentar acciones desde casa\u201d, agreg\u00f3.<\/p>\n\n\n\n<p>Machado Dom\u00ednguez indic\u00f3 que el papel de las madres y padres de familia es fundamental, ya que \u00e1mbitos como la salud bucal, es una de las m\u00e1s descuidadas en las primeras etapas de la vida.<\/p>\n\n\n\n<p>\u201cMuchas veces olvidamos visitar al dentista cada seis meses, o por ejemplo no se saben bien la t\u00e9cnica de cepillado; y la infancia es el momento correcto para ense\u00f1arles. Mismo caso es el de la nutrici\u00f3n, es importante que los pap\u00e1s puedan orientar a los menores a c\u00f3mo debe ser un platillo del buen comer\u201d, dijo.<\/p>\n\n\n\n<p>La Feria de Salud Infantil fue el banderazo de salida de las actividades pertenecientes a la Semana de la Ni\u00f1ez 2023, la cual contar\u00e1 con shows infantiles, musicales, de lucha libre, el concierto de Tatiana, entre otros.<\/p>\n\n\n\n<p>En cuanto a las ferias de la salud, la pr\u00f3xima edici\u00f3n se realizar\u00e1 como de costumbre, el pr\u00f3ximo mi\u00e9rcoles 3 de mayo a las 8.30 horas en la Plaza Grande, donde se ofrecen servicios de salud bucal, consulta m\u00e9dica, nutrici\u00f3n, psicolog\u00eda, salud visual, y pr\u00f3ximamente de rehabilitaci\u00f3n, entre otros.<\/p>\n<div class='share-to-whatsapp-wrapper'><div class='share-on-whsp'>Share on: <\/div><a data-text='Ren\u00e1n Barrera Concha promueve el cuidado de la salud de las infancias del municipio.' data-link='https:\/\/visionpeninsular.com\/mid\/renan-barrera-concha-promueve-el-cuidado-de-la-salud-de-las-infancias-del-municipio\/' class='whatsapp-button whatsapp-share'>WhatsApp<\/a><div class='clear '><\/div><\/div>","protected":false},"excerpt":{"rendered":"<p>El Ayuntamiento de M\u00e9rida realiz\u00f3 la Feria de la Salud Infantil, como parte de la Semana de la Ni\u00f1ez 2023. M\u00e9rida, Yucat\u00e1n a 26 de abril de 2023.- La salud es un tema fundamental en el abanico de pol\u00edticas p\u00fablicas del Ayuntamiento de M\u00e9rida, y por tal motivo siempre ser\u00e1 parte de la agenda de &hellip;<\/p>\n","protected":false},"author":5,"featured_media":170248,"comment_status":"open","ping_status":"open","sticky":false,"template":"","format":"standard","meta":{"_mi_skip_tracking":false},"categories":[49,37],"tags":[41,36174,5338,15857],"_links":{"self":[{"href":"https:\/\/visionpeninsular.com\/mid\/wp-json\/wp\/v2\/posts\/170246"}],"collection":[{"href":"https:\/\/visionpeninsular.com\/mid\/wp-json\/wp\/v2\/posts"}],"about":[{"href":"https:\/\/visionpeninsular.com\/mid\/wp-json\/wp\/v2\/types\/post"}],"author":[{"embeddable":true,"href":"https:\/\/visionpeninsular.com\/mid\/wp-json\/wp\/v2\/users\/5"}],"replies":[{"embeddable":true,"href":"https:\/\/visionpeninsular.com\/mid\/wp-json\/wp\/v2\/comments?post=170246"}],"version-history":[{"count":1,"href":"https:\/\/visionpeninsular.com\/mid\/wp-json\/wp\/v2\/posts\/170246\/revisions"}],"predecessor-version":[{"id":170250,"href":"https:\/\/visionpeninsular.com\/mid\/wp-json\/wp\/v2\/posts\/170246\/revisions\/170250"}],"wp:featuredmedia":[{"embeddable":true,"href":"https:\/\/visionpeninsular.com\/mid\/wp-json\/wp\/v2\/media\/170248"}],"wp:attachment":[{"href":"https:\/\/visionpeninsular.com\/mid\/wp-json\/wp\/v2\/media?parent=170246"}],"wp:term":[{"taxonomy":"category","embeddable":true,"href":"https:\/\/visionpeninsular.com\/mid\/wp-json\/wp\/v2\/categories?post=170246"},{"taxonomy":"post_tag","embeddable":true,"href":"https:\/\/visionpeninsular.com\/mid\/wp-json\/wp\/v2\/tags?post=170246"}],"curies":[{"name":"wp","href":"https:\/\/api.w.org\/{rel}","templated":true}]}}